{"id":109403,"date":"2025-01-19T15:17:03","date_gmt":"2025-01-19T18:17:03","guid":{"rendered":"https:\/\/cooltivarte.com\/portal\/?p=109403"},"modified":"2025-10-27T20:47:42","modified_gmt":"2025-10-27T23:47:42","slug":"el-pobre-de-derecha-jesse-souza","status":"publish","type":"post","link":"https:\/\/cooltivarte.com\/portal\/el-pobre-de-derecha-jesse-souza\/","title":{"rendered":"EL POBRE DE DERECHA &#8211; Jess\u00e9 Souza"},"content":{"rendered":"<p><iframe title=\"YouTube video player\" src=\"https:\/\/www.youtube.com\/embed\/uRm8qGIC9TE?si=wMMpfhdsa5TX1cJ2\" width=\"100%\" height=\"515\" frameborder=\"0\" allowfullscreen=\"allowfullscreen\"><span style=\"display: inline-block; width: 0px; overflow: hidden; line-height: 0;\" data-mce-type=\"bookmark\" class=\"mce_SELRES_start\">\ufeff<\/span><\/iframe><br \/>\n&nbsp;<\/p>\n<p>&nbsp;<\/p>\n<p>Recorrido por el libro \u201c<strong><em>EL POBRE DE DERECHA<\/em><\/strong>\u201d, con el subt\u00edtulo \u201c<strong><em>La venganza de los bastardos<\/em><\/strong>\u201d, escrito por el soci\u00f3logo brasile\u00f1o <strong>Jess\u00e9 Souza<\/strong>, publicado en portugu\u00e9s en 2024 por Civiliza\u00e7\u00e3o Brasileira, y todav\u00eda no traducido al espa\u00f1ol.<\/p>\n<p>La pregunta central sobre la que gira esta obra es \u00bfPor qu\u00e9 una parte significativa de los pobres vota masivamente en todo el mundo por candidatos de la derecha radicalizada? \u00bfC\u00f3mo fue que sucedi\u00f3 esto?<\/p>\n<p>Y en el transcurso del libro <strong>Jess\u00e9 Souza<\/strong> desestima que se trate de razones de \u00edndole econ\u00f3mica las que generan este fen\u00f3meno novedoso en Occidente, de pobres votando a un sector pol\u00edtico, como la extrema derecha, que habitualmente perjudica a los m\u00e1s desprotegidos y privilegia a los m\u00e1s poderosos.<\/p>\n<p>Si, como dice Souza, las razones no son econ\u00f3micas, entonces \u00bfcu\u00e1les son esas razones? La respuesta del soci\u00f3logo brasile\u00f1o es que las razones son morales.<\/p>\n<p>Para sostener esta hip\u00f3tesis de que es una motivaci\u00f3n moral lo que moviliza a los pobres a votar por candidatos como Trump o Bolsonaro, <strong>Jess\u00e9 Souza<\/strong> elabora una interesante teor\u00eda, a la que llama \u201cS\u00edndrome del Joker\u201d.<\/p>\n<p>Bas\u00e1ndose en el personaje de la pel\u00edcula \u201cEl Joker\u201d, de 2019, plantea que sus caracter\u00edsticas son m\u00e1s habituales que las que se supone en este mundo neoliberal en el que vivimos: este antih\u00e9roe es pobre, cuida de una madre enferma y es constantemente humillado en casa, en el trabajo y en la calle. Humillado por su madre, por sus colegas, por el gobierno, por los otros. Y es humillado finalmente, por la atroz soledad que le hace vivir una vida sin imaginaci\u00f3n ni fantas\u00eda.<\/p>\n<p>La HUMILLACI\u00d3N es precisamente la herida moral que el sistema produce en los pobres y es a partir de ella que se produce su reacci\u00f3n que los termina arrojando a los brazos de la derecha.<\/p>\n<p>La derecha radicalizada le ofrece al humillado un lugar en el que sentirse m\u00e1s poderoso y hasta derivar su resentimiento mediante la agresi\u00f3n a los m\u00e1s d\u00e9biles a\u00fan que ellos.<\/p>\n<p>Nos habla Souza de un Falso Moralismo que las elites construyen para legitimar un nuevo racismo, esta vez no apuntado a la raza, sino a las diferencias culturales, que de ese modo habilitan un trato agresivo hacia los m\u00e1s d\u00e9biles, sin culpas ni rastros de incorrecci\u00f3n.<\/p>\n<p>Los invito a recorrer el libre de <strong>Jess\u00e9 Souza<\/strong> para asomarnos a una perspectiva de una inc\u00f3gnita muy analizada en nuestro tiempo: por qu\u00e9 los pobres pueden votar contra sus intereses.<\/p>\n<p>&nbsp;<\/p>\n<p>&nbsp;<\/p>\n<p>&nbsp;<\/p>\n","protected":false},"excerpt":{"rendered":"<p>Recorrido por el libro \u201cEL POBRE DE DERECHA\u201d, con el subt\u00edtulo \u201cLa venganza de los bastardos\u201d, escrito por el soci\u00f3logo brasile\u00f1o Jess\u00e9 Souza, publicado en portugu\u00e9s en 2024 por Civiliza\u00e7\u00e3o Brasileira, y todav\u00eda no traducido al espa\u00f1ol.<\/p>\n<p>La pregunta central sobre la que gira esta obra es \u00bfPor qu\u00e9 una parte significativa de los pobres vota masivamente en todo el mundo por candidatos de la derecha radicalizada? \u00bfC\u00f3mo fue que sucedi\u00f3 esto?<\/p>\n<p>Y en el transcurso del libro Jess\u00e9 Souza desestima que se trate de razones de \u00edndole econ\u00f3mica las que generan este fen\u00f3meno novedoso en Occidente, de pobres votando a un sector pol\u00edtico, como la extrema derecha, que habitualmente perjudica a los m\u00e1s desprotegidos y privilegia a los m\u00e1s poderosos.<\/p>\n<p>Si, como dice Souza, las razones no son econ\u00f3micas, entonces \u00bfcu\u00e1les son esas razones? La respuesta del soci\u00f3logo brasile\u00f1o es que las razones son morales.<\/p>\n<p>Para sostener esta hip\u00f3tesis de que es una motivaci\u00f3n moral lo que moviliza a los pobres a votar por candidatos como Trump o Bolsonaro, Jess\u00e9 Souza elabora una interesante teor\u00eda, a la que llama \u201cS\u00edndrome del Joker\u201d.<\/p>\n<p>Bas\u00e1ndose en el personaje de la pel\u00edcula \u201cEl Joker\u201d, de 2019, plantea que sus caracter\u00edsticas son m\u00e1s habituales que las que se supone en este mundo neoliberal en el que vivimos: este antih\u00e9roe es pobre, cuida de una madre enferma y es constantemente humillado en casa, en el trabajo y en la calle. Humillado por su madre, por sus colegas, por el gobierno, por los otros. Y es humillado finalmente, por la atroz soledad que le hace vivir una vida sin imaginaci\u00f3n ni fantas\u00eda.<\/p>\n<p>La HUMILLACI\u00d3N es precisamente la herida moral que el sistema produce en los pobres y es a partir de ella que se produce su reacci\u00f3n que los termina arrojando a los brazos de la derecha.<\/p>\n<p>La derecha radicalizada le ofrece al humillado un lugar en el que sentirse m\u00e1s poderoso y hasta derivar su resentimiento mediante la agresi\u00f3n a los m\u00e1s d\u00e9biles a\u00fan que ellos.<\/p>\n<p>Nos habla Souza de un Falso Moralismo que las elites construyen para legitimar un nuevo racismo, esta vez no apuntado a la raza, sino a las diferencias culturales, que de ese modo habilitan un trato agresivo hacia los m\u00e1s d\u00e9biles, sin culpas ni rastros de incorrecci\u00f3n.<\/p>\n<p>Los invito a recorrer el libre de Jess\u00e9 Souza para asomarnos a una perspectiva de una inc\u00f3gnita muy analizada en nuestro tiempo: por qu\u00e9 los pobres pueden votar contra sus intereses.<\/p>\n","protected":false},"author":186,"featured_media":109404,"comment_status":"closed","ping_status":"closed","sticky":false,"template":"","format":"standard","meta":{"om_disable_all_campaigns":false,"ngg_post_thumbnail":0,"jnews-multi-image_gallery":[],"jnews_single_post":{"subtitle":"La venganza de los bastardos","format":"standard","override":[{"template":"4","parallax":"1","layout":"right-sidebar","sidebar":"default-sidebar","second_sidebar":"default-sidebar","sticky_sidebar":"1","share_position":"bottom","share_float_style":"share-monocrhome","show_share_counter":"1","show_view_counter":"1","show_featured":"1","show_post_meta":"1","show_post_author":"1","show_post_author_image":"1","show_post_date":"1","post_date_format":"default","post_date_format_custom":"Y\/m\/d","show_post_category":"1","post_reading_time_wpm":"300","post_calculate_word_method":"str_word_count","zoom_button_out_step":"2","zoom_button_in_step":"3","show_post_tag":"1","show_prev_next_post":"1","show_popup_post":"1","number_popup_post":"1","show_author_box":"1","show_post_related":"0","show_inline_post_related":"0","show_comment_section":"1"}],"image_override":[{"single_post_thumbnail_size":"no-crop","single_post_gallery_size":"crop-500"}],"trending_post_position":"meta","trending_post_label":"Trending","sponsored_post_label":"Sponsored by","disable_ad":"0"},"jnews_primary_category":[],"jnews_social_meta":[],"jnews_override_counter":{"view_counter_number":"0","share_counter_number":"0","like_counter_number":"0","dislike_counter_number":"0"},"footnotes":""},"categories":[56],"tags":[24787,23472],"class_list":["post-109403","post","type-post","status-publish","format-standard","has-post-thumbnail","hentry","category-narradores","tag-el-pobre-de-derecha","tag-jesse-souza"],"yoast_head":"<!-- This site is optimized with the Yoast SEO plugin v27.5 - https:\/\/yoast.com\/product\/yoast-seo-wordpress\/ -->\n<title>EL POBRE DE DERECHA - Jess\u00e9 Souza - Cooltivarte Portal<\/title>\n<meta name=\"description\" content=\"Recorrido por el libro \u201cEL POBRE DE DERECHA\u201d, con el subt\u00edtulo \u201cLa venganza de los bastardos\u201d, escrito por el soci\u00f3logo brasile\u00f1o Jess\u00e9 Souza, publicado en portugu\u00e9s en 2024 por Civiliza\u00e7\u00e3o Brasileira, y todav\u00eda no traducido al espa\u00f1ol.\" \/>\n<meta name=\"robots\" content=\"index, follow, max-snippet:-1, max-image-preview:large, max-video-preview:-1\" \/>\n<link rel=\"canonical\" href=\"https:\/\/cooltivarte.com\/portal\/el-pobre-de-derecha-jesse-souza\/\" \/>\n<meta property=\"og:locale\" content=\"es_ES\" \/>\n<meta property=\"og:type\" content=\"article\" \/>\n<meta property=\"og:title\" content=\"&quot;EL POBRE DE DERECHA&quot; - Jess\u00e9 Souza \u201cLa venganza de los bastardos\u201d by Claudio Alvarez Teran\" \/>\n<meta property=\"og:description\" content=\"Recorrido por el libro \u201cEL POBRE DE DERECHA\u201d, con el subt\u00edtulo \u201cLa venganza de los bastardos\u201d, escrito por el soci\u00f3logo brasile\u00f1o Jess\u00e9 Souza, publicado en portugu\u00e9s en 2024 por Civiliza\u00e7\u00e3o Brasileira, y todav\u00eda no traducido al espa\u00f1ol.\" \/>\n<meta property=\"og:url\" content=\"https:\/\/cooltivarte.com\/portal\/el-pobre-de-derecha-jesse-souza\/\" \/>\n<meta property=\"og:site_name\" content=\"Cooltivarte Portal\" \/>\n<meta property=\"article:publisher\" content=\"https:\/\/www.facebook.com\/cooltivartecom\/\" \/>\n<meta property=\"article:author\" content=\"http:\/\/www.facebook.com\/claudioateran\" \/>\n<meta property=\"article:published_time\" content=\"2025-01-19T18:17:03+00:00\" \/>\n<meta property=\"article:modified_time\" content=\"2025-10-27T23:47:42+00:00\" \/>\n<meta property=\"og:image\" content=\"https:\/\/cooltivarte.com\/portal\/wp-content\/uploads\/2024\/12\/EL-POBRE-DE-DERECHA-Jesse-Souza.jpg\" \/>\n\t<meta property=\"og:image:width\" content=\"1280\" \/>\n\t<meta property=\"og:image:height\" content=\"720\" \/>\n\t<meta property=\"og:image:type\" content=\"image\/jpeg\" \/>\n<meta name=\"author\" content=\"Claudio Alvarez Teran\" \/>\n<meta name=\"twitter:card\" content=\"summary_large_image\" \/>\n<meta name=\"twitter:title\" content=\"&quot;EL POBRE DE DERECHA&quot; - Jess\u00e9 Souza \u201cLa venganza de los bastardos\u201d by Claudio Alvarez Teran\" \/>\n<meta name=\"twitter:description\" content=\"Recorrido por el libro \u201cEL POBRE DE DERECHA\u201d, con el subt\u00edtulo \u201cLa venganza de los bastardos\u201d, escrito por el soci\u00f3logo brasile\u00f1o Jess\u00e9 Souza, publicado en portugu\u00e9s en 2024 por Civiliza\u00e7\u00e3o Brasileira, y todav\u00eda no traducido al espa\u00f1ol.\" \/>\n<meta name=\"twitter:image\" content=\"https:\/\/cooltivarte.com\/portal\/wp-content\/uploads\/2024\/12\/EL-POBRE-DE-DERECHA-Jesse-Souza.jpg\" \/>\n<meta name=\"twitter:creator\" content=\"@http:\/\/twitter.com\/claudioateran\" \/>\n<meta name=\"twitter:site\" content=\"@obolocultural\" \/>\n<meta name=\"twitter:label1\" content=\"Escrito por\" \/>\n\t<meta name=\"twitter:data1\" content=\"Claudio Alvarez Teran\" \/>\n\t<meta name=\"twitter:label2\" content=\"Tiempo de lectura\" \/>\n\t<meta name=\"twitter:data2\" content=\"3 minutos\" \/>\n<!-- \/ Yoast SEO plugin. -->","yoast_head_json":{"title":"EL POBRE DE DERECHA - Jess\u00e9 Souza - Cooltivarte Portal","description":"Recorrido por el libro \u201cEL POBRE DE DERECHA\u201d, con el subt\u00edtulo \u201cLa venganza de los bastardos\u201d, escrito por el soci\u00f3logo brasile\u00f1o Jess\u00e9 Souza, publicado en portugu\u00e9s en 2024 por Civiliza\u00e7\u00e3o Brasileira, y todav\u00eda no traducido al espa\u00f1ol.","robots":{"index":"index","follow":"follow","max-snippet":"max-snippet:-1","max-image-preview":"max-image-preview:large","max-video-preview":"max-video-preview:-1"},"canonical":"https:\/\/cooltivarte.com\/portal\/el-pobre-de-derecha-jesse-souza\/","og_locale":"es_ES","og_type":"article","og_title":"\"EL POBRE DE DERECHA\" - Jess\u00e9 Souza \u201cLa venganza de los bastardos\u201d by Claudio Alvarez Teran","og_description":"Recorrido por el libro \u201cEL POBRE DE DERECHA\u201d, con el subt\u00edtulo \u201cLa venganza de los bastardos\u201d, escrito por el soci\u00f3logo brasile\u00f1o Jess\u00e9 Souza, publicado en portugu\u00e9s en 2024 por Civiliza\u00e7\u00e3o Brasileira, y todav\u00eda no traducido al espa\u00f1ol.","og_url":"https:\/\/cooltivarte.com\/portal\/el-pobre-de-derecha-jesse-souza\/","og_site_name":"Cooltivarte Portal","article_publisher":"https:\/\/www.facebook.com\/cooltivartecom\/","article_author":"http:\/\/www.facebook.com\/claudioateran","article_published_time":"2025-01-19T18:17:03+00:00","article_modified_time":"2025-10-27T23:47:42+00:00","og_image":[{"width":1280,"height":720,"url":"https:\/\/cooltivarte.com\/portal\/wp-content\/uploads\/2024\/12\/EL-POBRE-DE-DERECHA-Jesse-Souza.jpg","type":"image\/jpeg"}],"author":"Claudio Alvarez Teran","twitter_card":"summary_large_image","twitter_title":"\"EL POBRE DE DERECHA\" - Jess\u00e9 Souza \u201cLa venganza de los bastardos\u201d by Claudio Alvarez Teran","twitter_description":"Recorrido por el libro \u201cEL POBRE DE DERECHA\u201d, con el subt\u00edtulo \u201cLa venganza de los bastardos\u201d, escrito por el soci\u00f3logo brasile\u00f1o Jess\u00e9 Souza, publicado en portugu\u00e9s en 2024 por Civiliza\u00e7\u00e3o Brasileira, y todav\u00eda no traducido al espa\u00f1ol.","twitter_image":"https:\/\/cooltivarte.com\/portal\/wp-content\/uploads\/2024\/12\/EL-POBRE-DE-DERECHA-Jesse-Souza.jpg","twitter_creator":"@http:\/\/twitter.com\/claudioateran","twitter_site":"@obolocultural","twitter_misc":{"Escrito por":"Claudio Alvarez Teran","Tiempo de lectura":"3 minutos"},"schema":{"@context":"https:\/\/schema.org","@graph":[{"@type":"NewsArticle","@id":"https:\/\/cooltivarte.com\/portal\/el-pobre-de-derecha-jesse-souza\/#article","isPartOf":{"@id":"https:\/\/cooltivarte.com\/portal\/el-pobre-de-derecha-jesse-souza\/"},"author":{"name":"Claudio Alvarez Teran","@id":"https:\/\/cooltivarte.com\/portal\/#\/schema\/person\/f2f309191818c8778b66e5f42dfa868d"},"headline":"EL POBRE DE DERECHA &#8211; Jess\u00e9 Souza","datePublished":"2025-01-19T18:17:03+00:00","dateModified":"2025-10-27T23:47:42+00:00","mainEntityOfPage":{"@id":"https:\/\/cooltivarte.com\/portal\/el-pobre-de-derecha-jesse-souza\/"},"wordCount":458,"publisher":{"@id":"https:\/\/cooltivarte.com\/portal\/#organization"},"image":{"@id":"https:\/\/cooltivarte.com\/portal\/el-pobre-de-derecha-jesse-souza\/#primaryimage"},"thumbnailUrl":"https:\/\/cooltivarte.com\/portal\/wp-content\/uploads\/2024\/12\/EL-POBRE-DE-DERECHA-Jesse-Souza.jpg","keywords":["EL POBRE DE DERECHA","Jess\u00e9 Souza"],"articleSection":["Literatura"],"inLanguage":"es-AR"},{"@type":"WebPage","@id":"https:\/\/cooltivarte.com\/portal\/el-pobre-de-derecha-jesse-souza\/","url":"https:\/\/cooltivarte.com\/portal\/el-pobre-de-derecha-jesse-souza\/","name":"EL POBRE DE DERECHA - Jess\u00e9 Souza - Cooltivarte Portal","isPartOf":{"@id":"https:\/\/cooltivarte.com\/portal\/#website"},"primaryImageOfPage":{"@id":"https:\/\/cooltivarte.com\/portal\/el-pobre-de-derecha-jesse-souza\/#primaryimage"},"image":{"@id":"https:\/\/cooltivarte.com\/portal\/el-pobre-de-derecha-jesse-souza\/#primaryimage"},"thumbnailUrl":"https:\/\/cooltivarte.com\/portal\/wp-content\/uploads\/2024\/12\/EL-POBRE-DE-DERECHA-Jesse-Souza.jpg","datePublished":"2025-01-19T18:17:03+00:00","dateModified":"2025-10-27T23:47:42+00:00","description":"Recorrido por el libro \u201cEL POBRE DE DERECHA\u201d, con el subt\u00edtulo \u201cLa venganza de los bastardos\u201d, escrito por el soci\u00f3logo brasile\u00f1o Jess\u00e9 Souza, publicado en portugu\u00e9s en 2024 por Civiliza\u00e7\u00e3o Brasileira, y todav\u00eda no traducido al espa\u00f1ol.","breadcrumb":{"@id":"https:\/\/cooltivarte.com\/portal\/el-pobre-de-derecha-jesse-souza\/#breadcrumb"},"inLanguage":"es-AR","potentialAction":[{"@type":"ReadAction","target":["https:\/\/cooltivarte.com\/portal\/el-pobre-de-derecha-jesse-souza\/"]}]},{"@type":"ImageObject","inLanguage":"es-AR","@id":"https:\/\/cooltivarte.com\/portal\/el-pobre-de-derecha-jesse-souza\/#primaryimage","url":"https:\/\/cooltivarte.com\/portal\/wp-content\/uploads\/2024\/12\/EL-POBRE-DE-DERECHA-Jesse-Souza.jpg","contentUrl":"https:\/\/cooltivarte.com\/portal\/wp-content\/uploads\/2024\/12\/EL-POBRE-DE-DERECHA-Jesse-Souza.jpg","width":1280,"height":720,"caption":"\"EL POBRE DE DERECHA\" - Jess\u00e9 Souza \u201cLa venganza de los bastardos\u201d by Claudio Alvarez Teran"},{"@type":"BreadcrumbList","@id":"https:\/\/cooltivarte.com\/portal\/el-pobre-de-derecha-jesse-souza\/#breadcrumb","itemListElement":[{"@type":"ListItem","position":1,"name":"Portada","item":"https:\/\/cooltivarte.com\/portal\/"},{"@type":"ListItem","position":2,"name":"EL POBRE DE DERECHA &#8211; Jess\u00e9 Souza"}]},{"@type":"WebSite","@id":"https:\/\/cooltivarte.com\/portal\/#website","url":"https:\/\/cooltivarte.com\/portal\/","name":"Cooltivarte Portal","description":"Arte, cultura y turismo para el mundo ...","publisher":{"@id":"https:\/\/cooltivarte.com\/portal\/#organization"},"potentialAction":[{"@type":"SearchAction","target":{"@type":"EntryPoint","urlTemplate":"https:\/\/cooltivarte.com\/portal\/?s={search_term_string}"},"query-input":{"@type":"PropertyValueSpecification","valueRequired":true,"valueName":"search_term_string"}}],"inLanguage":"es-AR"},{"@type":"Organization","@id":"https:\/\/cooltivarte.com\/portal\/#organization","name":"cooltivarte","url":"https:\/\/cooltivarte.com\/portal\/","logo":{"@type":"ImageObject","inLanguage":"es-AR","@id":"https:\/\/cooltivarte.com\/portal\/#\/schema\/logo\/image\/","url":"https:\/\/cooltivarte.com\/portal\/wp-content\/uploads\/2020\/04\/logo-cooltivarte-v2.png","contentUrl":"https:\/\/cooltivarte.com\/portal\/wp-content\/uploads\/2020\/04\/logo-cooltivarte-v2.png","width":851,"height":243,"caption":"cooltivarte"},"image":{"@id":"https:\/\/cooltivarte.com\/portal\/#\/schema\/logo\/image\/"},"sameAs":["https:\/\/www.facebook.com\/cooltivartecom\/","https:\/\/x.com\/obolocultural","https:\/\/www.instagram.com\/_cooltivarte_\/","https:\/\/www.linkedin.com\/company\/-bolocultural?reportsuccess=8zaNG1HwhPbAR9iQhZ5rfGeqz_vQFftHun0ZWU0Wy9vNemRJ8vtcKdJvzQfW8XagyOJSKg0XvfJ1dp","https:\/\/www.pinterest.com\/cooltivarte\/","https:\/\/cooltivarte.tumblr.com\/","https:\/\/www.tiktok.com\/@cooltivarte","https:\/\/www.youtube.com\/@PrensaCooltivarte"]},{"@type":"Person","@id":"https:\/\/cooltivarte.com\/portal\/#\/schema\/person\/f2f309191818c8778b66e5f42dfa868d","name":"Claudio Alvarez Teran","image":{"@type":"ImageObject","inLanguage":"es-AR","@id":"https:\/\/cooltivarte.com\/portal\/wp-content\/uploads\/2022\/02\/claudio-120x120.jpg","url":"https:\/\/cooltivarte.com\/portal\/wp-content\/uploads\/2022\/02\/claudio-120x120.jpg","contentUrl":"https:\/\/cooltivarte.com\/portal\/wp-content\/uploads\/2022\/02\/claudio-120x120.jpg","caption":"Claudio Alvarez Teran"},"description":"Buenos Aires, Argentina Profesor en Escuela Polimodal Latinoam\u00e9rica Profesor en Fundaci\u00f3n de Altos Estudios Esteban Adrogu\u00e9 Profesor en Instituto Fodehum Profesor en Instituto Cielo Azul Coordinador General de Comunicaciones de la Confederaci\u00f3n Farmac\u00e9utica Argentina Dise\u00f1o Curricular de la Orientaci\u00f3n en Comunicaci\u00f3n de la Escuela Secundaria Orientada Ciclo Superior para la Direcci\u00f3n Provincial de Educaci\u00f3n Secundaria de la Direcci\u00f3n General de Cultura y Educaci\u00f3n de la Provincia de Buenos Aires. A\u00f1o 2009. Conferencia \u00abLas certezas de la Modernidad, las incertidumbres de la Posmodernidad\u00bb 2002-2006","sameAs":["http:\/\/alvarezteran.com.ar\/","http:\/\/www.facebook.com\/claudioateran","https:\/\/www.instagram.com\/_cooltivarte_\/","https:\/\/www.linkedin.com\/in\/claudio-alvarez-tern-98026218\/","https:\/\/www.pinterest.com\/cooltivarte","https:\/\/x.com\/http:\/\/twitter.com\/claudioateran","https:\/\/www.youtube.com\/user\/yoclaudio751\/featured","https:\/\/www.tumblr.com\/blog\/cooltivarte"],"url":"https:\/\/cooltivarte.com\/portal\/author\/claudio-alvarez-teran\/"}]}},"_links":{"self":[{"href":"https:\/\/cooltivarte.com\/portal\/wp-json\/wp\/v2\/posts\/109403","targetHints":{"allow":["GET"]}}],"collection":[{"href":"https:\/\/cooltivarte.com\/portal\/wp-json\/wp\/v2\/posts"}],"about":[{"href":"https:\/\/cooltivarte.com\/portal\/wp-json\/wp\/v2\/types\/post"}],"author":[{"embeddable":true,"href":"https:\/\/cooltivarte.com\/portal\/wp-json\/wp\/v2\/users\/186"}],"replies":[{"embeddable":true,"href":"https:\/\/cooltivarte.com\/portal\/wp-json\/wp\/v2\/comments?post=109403"}],"version-history":[{"count":4,"href":"https:\/\/cooltivarte.com\/portal\/wp-json\/wp\/v2\/posts\/109403\/revisions"}],"predecessor-version":[{"id":118966,"href":"https:\/\/cooltivarte.com\/portal\/wp-json\/wp\/v2\/posts\/109403\/revisions\/118966"}],"wp:featuredmedia":[{"embeddable":true,"href":"https:\/\/cooltivarte.com\/portal\/wp-json\/wp\/v2\/media\/109404"}],"wp:attachment":[{"href":"https:\/\/cooltivarte.com\/portal\/wp-json\/wp\/v2\/media?parent=109403"}],"wp:term":[{"taxonomy":"category","embeddable":true,"href":"https:\/\/cooltivarte.com\/portal\/wp-json\/wp\/v2\/categories?post=109403"},{"taxonomy":"post_tag","embeddable":true,"href":"https:\/\/cooltivarte.com\/portal\/wp-json\/wp\/v2\/tags?post=109403"}],"curies":[{"name":"wp","href":"https:\/\/api.w.org\/{rel}","templated":true}]}}