{"id":109281,"date":"2024-12-28T18:54:40","date_gmt":"2024-12-28T21:54:40","guid":{"rendered":"https:\/\/cooltivarte.com\/portal\/?p=109281"},"modified":"2025-01-16T12:26:08","modified_gmt":"2025-01-16T15:26:08","slug":"11vo-festival-internacional-temporada-alta-en-montevideo-2025","status":"publish","type":"post","link":"https:\/\/cooltivarte.com\/portal\/11vo-festival-internacional-temporada-alta-en-montevideo-2025\/","title":{"rendered":"11vo. Festival Internacional Temporada Alta en Montevideo 2025"},"content":{"rendered":"\r\n<figure class=\"wp-block-image size-large\"><img decoding=\"async\" class=\"wp-image-3829\" src=\"https:\/\/entrenoslibroscine.wordpress.com\/wp-content\/uploads\/2024\/12\/img-20250108-wa00073930389168413433873.jpg?w=1024\" alt=\"\" \/><\/figure>\r\n\r\n\r\n\r\n<p>El <em><strong>Festival Internacional Temporada Alta <\/strong><\/em> se celebrar\u00e1 del <strong>2\u00ba al 23 de febrer<\/strong>o, destac\u00e1ndose como uno de los eventos teatrales m\u00e1s importantes del a\u00f1o, con la participaci\u00f3n de artistas y compa\u00f1\u00edas de Argentina, Chile, Colombia, Espa\u00f1a y Uruguay. Las funciones tendr\u00e1n lugar en varias sedes de Montevideo: el Centro Cultural Florencio S\u00e1nchez, el Centro Cultural Artesano, la Sala Jorge Lazaroff y la Sala Verdi.<\/p>\r\n\r\n\r\n\r\n<p>Este festival ofrece una variada programaci\u00f3n que abarca desde mon\u00f3logos intimistas, como <em><strong>Las Palabras de los Otros<\/strong><\/em> (Espa\u00f1a), hasta obras de teatro documental como <strong><em>Filtro<\/em> <\/strong>(Uruguay). A trav\u00e9s de estas propuestas, el festival invita a reflexionar sobre tem\u00e1ticas actuales y universales, como el asilo pol\u00edtico, las relaciones humanas y la memoria hist\u00f3rica, convirti\u00e9ndose en una experiencia enriquecedora para todo tipo de p\u00fablicos.<\/p>\r\n\r\n\r\n\r\n<p>La cartelera incluye espect\u00e1culos internacionales y locales, entre los que destacan, <strong><em>El Golpe, un relato de memoria<\/em><\/strong> (Chile), que revive historias conmovedoras de la dictadura chilena. Estas producciones demuestran la riqueza cultural que caracteriza al festival, ofreciendo un balance entre lo global y lo local.<\/p>\r\n\r\n\r\n\r\n<p>Tambi\u00e9n se apuesta a tener una propuesta de teatro innovador y accesible, con producciones como <em><strong>Yo Bailo<\/strong><\/em>, que integra a adultos mayores en su narrativa a trav\u00e9s de la danza, y <em><strong>No sabemos nada del campo<\/strong><\/em> (Espa\u00f1a), una propuesta \u00edntima centrada en historias rurales, presentadas en formatos experimentales y cercanos al p\u00fablico.<\/p>\r\n\r\n\r\n\r\n<p>Las entradas para los espect\u00e1culos en los centros culturales y en la Sala Jorge Lazaroff son gratuitas, pero requieren reserva previa. En la Sala Verdi, los precios son accesibles, con descuentos especiales para j\u00f3venes, adultos mayores y socios de programas culturales. Las localidades pueden adquirirse a trav\u00e9s de medios digitales como Tickantel o presencialmente en las boleter\u00edas de las salas participantes, asegurando as\u00ed que todos tengan la oportunidad de disfrutar de este evento \u00fanico.<\/p>\r\n\r\n\r\n\r\n<h3 class=\"wp-block-heading\"><strong>Obras internacionales<\/strong><\/h3>\r\n\r\n\r\n\r\n<ol class=\"wp-block-list\">\r\n<li><strong>El Golpe, un relato de memoria (Chile)<\/strong> Adaptaci\u00f3n de textos de Roberto Parra que retrata historias de violaciones a los derechos humanos durante la dictadura chilena. <em>Duraci\u00f3n:<\/em> 60 minutos. <em>Recomendada para mayores de 13 a\u00f1os.<\/em><\/li>\r\n\r\n\r\n\r\n<li><strong>Las palabras de los otros (Espa\u00f1a)<\/strong> Mon\u00f3logo que reflexiona sobre el bullying, la masculinidad hegem\u00f3nica y las din\u00e1micas de abuso de poder. <em>Duraci\u00f3n:<\/em> 50 minutos. <em>Recomendada para mayores de 13 a\u00f1os.<\/em><\/li>\r\n\r\n\r\n\r\n<li><strong>No sabemos nada del campo (Espa\u00f1a)<\/strong> Historias \u00edntimas sobre la cotidianidad rural narradas a trav\u00e9s del teatro de objetos y peque\u00f1o formato. <em>Duraci\u00f3n:<\/em> 40 minutos. <em>Capacidad limitada a 20 personas por funci\u00f3n..<\/em><\/li>\r\n<\/ol>\r\n\r\n\r\n\r\n<h3 class=\"wp-block-heading\"><strong>Obras uruguayas<\/strong><\/h3>\r\n\r\n\r\n\r\n<ol class=\"wp-block-list\">\r\n<li><strong>Filtro<\/strong> Teatro documental que rememora los Sucesos del Hospital Filtro de 1994 y reflexiona sobre el asilo pol\u00edtico y la justicia. <em>Duraci\u00f3n:<\/em> 90 minutos. <em>Recomendada para mayores de 13 a\u00f1os.<\/em><\/li>\r\n\r\n\r\n\r\n<li><strong>La Venganza de Tamar<\/strong> Versi\u00f3n de la obra cl\u00e1sica de Tirso de Molina, enfocada en temas como la violencia intrafamiliar y la ambici\u00f3n. <em>Duraci\u00f3n:<\/em> 70 minutos. <em>Recomendada para mayores de 13 a\u00f1os.<\/em><\/li>\r\n\r\n\r\n\r\n<li><strong>Yo Bailo (Argentina\/Uruguay)<\/strong> Proyecto participativo que integra a adultos mayores en una obra de danza, explorando sus historias a trav\u00e9s del movimiento. <em>Duraci\u00f3n:<\/em> 40 minutos. <em>Para todo p\u00fablico.<\/em><\/li>\r\n\r\n\r\n\r\n<li><strong>Zombi Manifiesto<\/strong> Comedia que mezcla zombis, filosof\u00eda marxista y justicia post mortem, en un contexto local lleno de humor y cr\u00edtica social. <em>Duraci\u00f3n:<\/em> 90 minutos. <em>Para todo p\u00fablico.<\/em><\/li>\r\n<\/ol>\r\n\r\n\r\n\r\n<p>Entradas a la venta en Abitab, Redpagos p\u00e1gina de Tickantel y boleter\u00edas de sala Verdi.<\/p>\r\n\r\n\r\n\r\n<p>Para asistir al Centro Cultural Florencio S\u00e1nchez, Centro Cultural Artesano y Sala Jorge Lazaroff la entrada es gratuita previa reserva con cada sala.<\/p>\r\n\r\n<p>&nbsp;<\/p>","protected":false},"excerpt":{"rendered":"<p>El\u00a0Festival Internacional Temporada Alta\u00a0se celebrar\u00e1 del\u00a01\u00ba al 27 de febrero, destac\u00e1ndose como uno de los eventos teatrales m\u00e1s importantes del a\u00f1o, con la participaci\u00f3n de artistas y compa\u00f1\u00edas de Argentina, Chile, Colombia, Espa\u00f1a y Uruguay. Las funciones tendr\u00e1n lugar en varias sedes de Montevideo: el Centro Cultural Florencio S\u00e1nchez, el Centro Cultural Artesano, la Sala Jorge Lazaroff y la Sala Verdi.<\/p>\n","protected":false},"author":155,"featured_media":109669,"comment_status":"closed","ping_status":"closed","sticky":false,"template":"","format":"standard","meta":{"om_disable_all_campaigns":false,"ngg_post_thumbnail":0,"jnews-multi-image_gallery":[],"jnews_single_post":{"format":"standard","override":[{"template":"4","parallax":"1","layout":"right-sidebar","sidebar":"default-sidebar","second_sidebar":"default-sidebar","sticky_sidebar":"1","share_position":"bottom","share_float_style":"share-monocrhome","show_share_counter":"1","show_view_counter":"1","show_featured":"1","show_post_meta":"1","show_post_author":"1","show_post_author_image":"1","show_post_date":"1","post_date_format":"default","post_date_format_custom":"Y\/m\/d","show_post_category":"1","post_reading_time_wpm":"300","post_calculate_word_method":"str_word_count","zoom_button_out_step":"2","zoom_button_in_step":"3","show_post_tag":"1","show_prev_next_post":"1","show_popup_post":"1","number_popup_post":"1","show_author_box":"1","show_post_related":"0","show_inline_post_related":"0"}],"image_override":[{"single_post_thumbnail_size":"no-crop","single_post_gallery_size":"crop-500"}],"trending_post_position":"meta","trending_post_label":"Trending","sponsored_post_label":"Sponsored by","disable_ad":"0","subtitle":"2 al 23 de febrero en varias sedes de Montevideo"},"jnews_primary_category":[],"jnews_social_meta":[],"jnews_override_counter":{"view_counter_number":"0","share_counter_number":"0","like_counter_number":"0","dislike_counter_number":"0"},"footnotes":""},"categories":[57],"tags":[],"class_list":["post-109281","post","type-post","status-publish","format-standard","has-post-thumbnail","hentry","category-teatro"],"yoast_head":"<!-- This site is optimized with the Yoast SEO plugin v27.4 - https:\/\/yoast.com\/product\/yoast-seo-wordpress\/ -->\n<title>11vo. Festival Internacional Temporada Alta en Montevideo 2025 - Cooltivarte Portal<\/title>\n<meta name=\"description\" content=\"El\u00a0Festival Internacional Temporada Alta\u00a0se celebrar\u00e1 del\u00a01\u00ba al 27 de febrero, destac\u00e1ndose como uno de los eventos teatrales m\u00e1s importantes del a\u00f1o, con la participaci\u00f3n de artistas y compa\u00f1\u00edas de Argentina, Chile, Colombia, Espa\u00f1a y Uruguay. Las funciones tendr\u00e1n lugar en varias sedes de Montevideo: el Centro Cultural Florencio S\u00e1nchez, el Centro Cultural Artesano, la Sala Jorge Lazaroff y la Sala Verdi.\" \/>\n<meta name=\"robots\" content=\"index, follow, max-snippet:-1, max-image-preview:large, max-video-preview:-1\" \/>\n<link rel=\"canonical\" href=\"https:\/\/cooltivarte.com\/portal\/11vo-festival-internacional-temporada-alta-en-montevideo-2025\/\" \/>\n<meta property=\"og:locale\" content=\"es_ES\" \/>\n<meta property=\"og:type\" content=\"article\" \/>\n<meta property=\"og:title\" content=\"11vo. Festival Internacional Temporada Alta en Montevideo 2025\" \/>\n<meta property=\"og:description\" content=\"El\u00a0Festival Internacional Temporada Alta\u00a0se celebrar\u00e1 del\u00a01\u00ba al 27 de febrero, destac\u00e1ndose como uno de los eventos teatrales m\u00e1s importantes del a\u00f1o, con la participaci\u00f3n de artistas y compa\u00f1\u00edas de Argentina, Chile, Colombia, Espa\u00f1a y Uruguay. Las funciones tendr\u00e1n lugar en varias sedes de Montevideo: el Centro Cultural Florencio S\u00e1nchez, el Centro Cultural Artesano, la Sala Jorge Lazaroff y la Sala Verdi.\" \/>\n<meta property=\"og:url\" content=\"https:\/\/cooltivarte.com\/portal\/11vo-festival-internacional-temporada-alta-en-montevideo-2025\/\" \/>\n<meta property=\"og:site_name\" content=\"Cooltivarte Portal\" \/>\n<meta property=\"article:publisher\" content=\"https:\/\/www.facebook.com\/cooltivartecom\/\" \/>\n<meta property=\"article:author\" content=\"https:\/\/www.facebook.com\/cineylibros\/\" \/>\n<meta property=\"article:published_time\" content=\"2024-12-28T21:54:40+00:00\" \/>\n<meta property=\"article:modified_time\" content=\"2025-01-16T15:26:08+00:00\" \/>\n<meta property=\"og:image\" content=\"https:\/\/cooltivarte.com\/portal\/wp-content\/uploads\/2024\/12\/Screenshot_20241228_113740_cn_wps_moffice_eng_PDFReader1.jpg\" \/>\n\t<meta property=\"og:image:width\" content=\"1100\" \/>\n\t<meta property=\"og:image:height\" content=\"660\" \/>\n\t<meta property=\"og:image:type\" content=\"image\/jpeg\" \/>\n<meta name=\"author\" content=\"Luciana Rodriguez\" \/>\n<meta name=\"twitter:card\" content=\"summary_large_image\" \/>\n<meta name=\"twitter:title\" content=\"11vo. Festival Internacional Temporada Alta en Montevideo 2025\" \/>\n<meta name=\"twitter:description\" content=\"El\u00a0Festival Internacional Temporada Alta\u00a0se celebrar\u00e1 del\u00a01\u00ba al 27 de febrero, destac\u00e1ndose como uno de los eventos teatrales m\u00e1s importantes del a\u00f1o, con la participaci\u00f3n de artistas y compa\u00f1\u00edas de Argentina, Chile, Colombia, Espa\u00f1a y Uruguay. Las funciones tendr\u00e1n lugar en varias sedes de Montevideo: el Centro Cultural Florencio S\u00e1nchez, el Centro Cultural Artesano, la Sala Jorge Lazaroff y la Sala Verdi.\" \/>\n<meta name=\"twitter:image\" content=\"https:\/\/cooltivarte.com\/portal\/wp-content\/uploads\/2024\/12\/Screenshot_20241228_113740_cn_wps_moffice_eng_PDFReader1.jpg\" \/>\n<meta name=\"twitter:creator\" content=\"@https:\/\/x.com\/obolocultural\" \/>\n<meta name=\"twitter:site\" content=\"@obolocultural\" \/>\n<meta name=\"twitter:label1\" content=\"Escrito por\" \/>\n\t<meta name=\"twitter:data1\" content=\"Luciana Rodriguez\" \/>\n\t<meta name=\"twitter:label2\" content=\"Tiempo de lectura\" \/>\n\t<meta name=\"twitter:data2\" content=\"3 minutos\" \/>\n<!-- \/ Yoast SEO plugin. -->","yoast_head_json":{"title":"11vo. Festival Internacional Temporada Alta en Montevideo 2025 - Cooltivarte Portal","description":"El\u00a0Festival Internacional Temporada Alta\u00a0se celebrar\u00e1 del\u00a01\u00ba al 27 de febrero, destac\u00e1ndose como uno de los eventos teatrales m\u00e1s importantes del a\u00f1o, con la participaci\u00f3n de artistas y compa\u00f1\u00edas de Argentina, Chile, Colombia, Espa\u00f1a y Uruguay. Las funciones tendr\u00e1n lugar en varias sedes de Montevideo: el Centro Cultural Florencio S\u00e1nchez, el Centro Cultural Artesano, la Sala Jorge Lazaroff y la Sala Verdi.","robots":{"index":"index","follow":"follow","max-snippet":"max-snippet:-1","max-image-preview":"max-image-preview:large","max-video-preview":"max-video-preview:-1"},"canonical":"https:\/\/cooltivarte.com\/portal\/11vo-festival-internacional-temporada-alta-en-montevideo-2025\/","og_locale":"es_ES","og_type":"article","og_title":"11vo. Festival Internacional Temporada Alta en Montevideo 2025","og_description":"El\u00a0Festival Internacional Temporada Alta\u00a0se celebrar\u00e1 del\u00a01\u00ba al 27 de febrero, destac\u00e1ndose como uno de los eventos teatrales m\u00e1s importantes del a\u00f1o, con la participaci\u00f3n de artistas y compa\u00f1\u00edas de Argentina, Chile, Colombia, Espa\u00f1a y Uruguay. Las funciones tendr\u00e1n lugar en varias sedes de Montevideo: el Centro Cultural Florencio S\u00e1nchez, el Centro Cultural Artesano, la Sala Jorge Lazaroff y la Sala Verdi.","og_url":"https:\/\/cooltivarte.com\/portal\/11vo-festival-internacional-temporada-alta-en-montevideo-2025\/","og_site_name":"Cooltivarte Portal","article_publisher":"https:\/\/www.facebook.com\/cooltivartecom\/","article_author":"https:\/\/www.facebook.com\/cineylibros\/","article_published_time":"2024-12-28T21:54:40+00:00","article_modified_time":"2025-01-16T15:26:08+00:00","og_image":[{"width":1100,"height":660,"url":"https:\/\/cooltivarte.com\/portal\/wp-content\/uploads\/2024\/12\/Screenshot_20241228_113740_cn_wps_moffice_eng_PDFReader1.jpg","type":"image\/jpeg"}],"author":"Luciana Rodriguez","twitter_card":"summary_large_image","twitter_title":"11vo. Festival Internacional Temporada Alta en Montevideo 2025","twitter_description":"El\u00a0Festival Internacional Temporada Alta\u00a0se celebrar\u00e1 del\u00a01\u00ba al 27 de febrero, destac\u00e1ndose como uno de los eventos teatrales m\u00e1s importantes del a\u00f1o, con la participaci\u00f3n de artistas y compa\u00f1\u00edas de Argentina, Chile, Colombia, Espa\u00f1a y Uruguay. Las funciones tendr\u00e1n lugar en varias sedes de Montevideo: el Centro Cultural Florencio S\u00e1nchez, el Centro Cultural Artesano, la Sala Jorge Lazaroff y la Sala Verdi.","twitter_image":"https:\/\/cooltivarte.com\/portal\/wp-content\/uploads\/2024\/12\/Screenshot_20241228_113740_cn_wps_moffice_eng_PDFReader1.jpg","twitter_creator":"@https:\/\/x.com\/obolocultural","twitter_site":"@obolocultural","twitter_misc":{"Escrito por":"Luciana Rodriguez","Tiempo de lectura":"3 minutos"},"schema":{"@context":"https:\/\/schema.org","@graph":[{"@type":"NewsArticle","@id":"https:\/\/cooltivarte.com\/portal\/11vo-festival-internacional-temporada-alta-en-montevideo-2025\/#article","isPartOf":{"@id":"https:\/\/cooltivarte.com\/portal\/11vo-festival-internacional-temporada-alta-en-montevideo-2025\/"},"author":{"name":"Luciana Rodriguez","@id":"https:\/\/cooltivarte.com\/portal\/#\/schema\/person\/5e9cf931afe7ffe76aa2a2d7d2c906bd"},"headline":"11vo. Festival Internacional Temporada Alta en Montevideo 2025","datePublished":"2024-12-28T21:54:40+00:00","dateModified":"2025-01-16T15:26:08+00:00","mainEntityOfPage":{"@id":"https:\/\/cooltivarte.com\/portal\/11vo-festival-internacional-temporada-alta-en-montevideo-2025\/"},"wordCount":607,"publisher":{"@id":"https:\/\/cooltivarte.com\/portal\/#organization"},"image":{"@id":"https:\/\/cooltivarte.com\/portal\/11vo-festival-internacional-temporada-alta-en-montevideo-2025\/#primaryimage"},"thumbnailUrl":"https:\/\/cooltivarte.com\/portal\/wp-content\/uploads\/2024\/12\/IMG-20250108-WA0007.jpg","articleSection":["Teatro"],"inLanguage":"es-AR"},{"@type":"WebPage","@id":"https:\/\/cooltivarte.com\/portal\/11vo-festival-internacional-temporada-alta-en-montevideo-2025\/","url":"https:\/\/cooltivarte.com\/portal\/11vo-festival-internacional-temporada-alta-en-montevideo-2025\/","name":"11vo. Festival Internacional Temporada Alta en Montevideo 2025 - Cooltivarte Portal","isPartOf":{"@id":"https:\/\/cooltivarte.com\/portal\/#website"},"primaryImageOfPage":{"@id":"https:\/\/cooltivarte.com\/portal\/11vo-festival-internacional-temporada-alta-en-montevideo-2025\/#primaryimage"},"image":{"@id":"https:\/\/cooltivarte.com\/portal\/11vo-festival-internacional-temporada-alta-en-montevideo-2025\/#primaryimage"},"thumbnailUrl":"https:\/\/cooltivarte.com\/portal\/wp-content\/uploads\/2024\/12\/IMG-20250108-WA0007.jpg","datePublished":"2024-12-28T21:54:40+00:00","dateModified":"2025-01-16T15:26:08+00:00","description":"El\u00a0Festival Internacional Temporada Alta\u00a0se celebrar\u00e1 del\u00a01\u00ba al 27 de febrero, destac\u00e1ndose como uno de los eventos teatrales m\u00e1s importantes del a\u00f1o, con la participaci\u00f3n de artistas y compa\u00f1\u00edas de Argentina, Chile, Colombia, Espa\u00f1a y Uruguay. Las funciones tendr\u00e1n lugar en varias sedes de Montevideo: el Centro Cultural Florencio S\u00e1nchez, el Centro Cultural Artesano, la Sala Jorge Lazaroff y la Sala Verdi.","breadcrumb":{"@id":"https:\/\/cooltivarte.com\/portal\/11vo-festival-internacional-temporada-alta-en-montevideo-2025\/#breadcrumb"},"inLanguage":"es-AR","potentialAction":[{"@type":"ReadAction","target":["https:\/\/cooltivarte.com\/portal\/11vo-festival-internacional-temporada-alta-en-montevideo-2025\/"]}]},{"@type":"ImageObject","inLanguage":"es-AR","@id":"https:\/\/cooltivarte.com\/portal\/11vo-festival-internacional-temporada-alta-en-montevideo-2025\/#primaryimage","url":"https:\/\/cooltivarte.com\/portal\/wp-content\/uploads\/2024\/12\/IMG-20250108-WA0007.jpg","contentUrl":"https:\/\/cooltivarte.com\/portal\/wp-content\/uploads\/2024\/12\/IMG-20250108-WA0007.jpg","width":1080,"height":1080},{"@type":"BreadcrumbList","@id":"https:\/\/cooltivarte.com\/portal\/11vo-festival-internacional-temporada-alta-en-montevideo-2025\/#breadcrumb","itemListElement":[{"@type":"ListItem","position":1,"name":"Portada","item":"https:\/\/cooltivarte.com\/portal\/"},{"@type":"ListItem","position":2,"name":"11vo. Festival Internacional Temporada Alta en Montevideo 2025"}]},{"@type":"WebSite","@id":"https:\/\/cooltivarte.com\/portal\/#website","url":"https:\/\/cooltivarte.com\/portal\/","name":"Cooltivarte Portal","description":"Arte, cultura y turismo para el mundo ...","publisher":{"@id":"https:\/\/cooltivarte.com\/portal\/#organization"},"potentialAction":[{"@type":"SearchAction","target":{"@type":"EntryPoint","urlTemplate":"https:\/\/cooltivarte.com\/portal\/?s={search_term_string}"},"query-input":{"@type":"PropertyValueSpecification","valueRequired":true,"valueName":"search_term_string"}}],"inLanguage":"es-AR"},{"@type":"Organization","@id":"https:\/\/cooltivarte.com\/portal\/#organization","name":"cooltivarte","url":"https:\/\/cooltivarte.com\/portal\/","logo":{"@type":"ImageObject","inLanguage":"es-AR","@id":"https:\/\/cooltivarte.com\/portal\/#\/schema\/logo\/image\/","url":"https:\/\/cooltivarte.com\/portal\/wp-content\/uploads\/2020\/04\/logo-cooltivarte-v2.png","contentUrl":"https:\/\/cooltivarte.com\/portal\/wp-content\/uploads\/2020\/04\/logo-cooltivarte-v2.png","width":851,"height":243,"caption":"cooltivarte"},"image":{"@id":"https:\/\/cooltivarte.com\/portal\/#\/schema\/logo\/image\/"},"sameAs":["https:\/\/www.facebook.com\/cooltivartecom\/","https:\/\/x.com\/obolocultural","https:\/\/www.instagram.com\/_cooltivarte_\/","https:\/\/www.linkedin.com\/company\/-bolocultural?reportsuccess=8zaNG1HwhPbAR9iQhZ5rfGeqz_vQFftHun0ZWU0Wy9vNemRJ8vtcKdJvzQfW8XagyOJSKg0XvfJ1dp","https:\/\/www.pinterest.com\/cooltivarte\/","https:\/\/cooltivarte.tumblr.com\/","https:\/\/www.tiktok.com\/@cooltivarte","https:\/\/www.youtube.com\/@PrensaCooltivarte"]},{"@type":"Person","@id":"https:\/\/cooltivarte.com\/portal\/#\/schema\/person\/5e9cf931afe7ffe76aa2a2d7d2c906bd","name":"Luciana Rodriguez","image":{"@type":"ImageObject","inLanguage":"es-AR","@id":"https:\/\/cooltivarte.com\/portal\/wp-content\/uploads\/2019\/10\/luciana-120x120.jpg","url":"https:\/\/cooltivarte.com\/portal\/wp-content\/uploads\/2019\/10\/luciana-120x120.jpg","contentUrl":"https:\/\/cooltivarte.com\/portal\/wp-content\/uploads\/2019\/10\/luciana-120x120.jpg","caption":"Luciana Rodriguez"},"description":"Luciana Rodr\u00edguez, mam\u00e1, fot\u00f3grafa, t\u00e9cnica en comunicaci\u00f3n social, actualmente realizando la licenciatura en comunicaci\u00f3n audiovisual en la Fic (Udelar). Desde peque\u00f1a mi primer amor fue el cine, tard\u00edamente encontr\u00e9 mi segunda pasi\u00f3n en la literatura. Mi sue\u00f1o es lograr convertirme en cineasta, principalmente dentro del cine documental, mientras tanto disfruto de las obras ajenas intentando por este medio que otros las conozcan.","sameAs":["https:\/\/entrenoslibroscine.wordpress.com\/","https:\/\/www.facebook.com\/cineylibros\/","https:\/\/www.instagram.com\/luciana.rodriguez.cine","https:\/\/www.linkedin.com\/company\/-bolocultural\/","https:\/\/www.pinterest.com\/cooltivarte\/","https:\/\/x.com\/https:\/\/x.com\/obolocultural","https:\/\/www.youtube.com\/@PrensaCooltivarte","https:\/\/cooltivarte.tumblr.com\/"],"url":"https:\/\/cooltivarte.com\/portal\/author\/luciana-rodriguez\/"}]}},"_links":{"self":[{"href":"https:\/\/cooltivarte.com\/portal\/wp-json\/wp\/v2\/posts\/109281","targetHints":{"allow":["GET"]}}],"collection":[{"href":"https:\/\/cooltivarte.com\/portal\/wp-json\/wp\/v2\/posts"}],"about":[{"href":"https:\/\/cooltivarte.com\/portal\/wp-json\/wp\/v2\/types\/post"}],"author":[{"embeddable":true,"href":"https:\/\/cooltivarte.com\/portal\/wp-json\/wp\/v2\/users\/155"}],"replies":[{"embeddable":true,"href":"https:\/\/cooltivarte.com\/portal\/wp-json\/wp\/v2\/comments?post=109281"}],"version-history":[{"count":5,"href":"https:\/\/cooltivarte.com\/portal\/wp-json\/wp\/v2\/posts\/109281\/revisions"}],"predecessor-version":[{"id":109671,"href":"https:\/\/cooltivarte.com\/portal\/wp-json\/wp\/v2\/posts\/109281\/revisions\/109671"}],"wp:featuredmedia":[{"embeddable":true,"href":"https:\/\/cooltivarte.com\/portal\/wp-json\/wp\/v2\/media\/109669"}],"wp:attachment":[{"href":"https:\/\/cooltivarte.com\/portal\/wp-json\/wp\/v2\/media?parent=109281"}],"wp:term":[{"taxonomy":"category","embeddable":true,"href":"https:\/\/cooltivarte.com\/portal\/wp-json\/wp\/v2\/categories?post=109281"},{"taxonomy":"post_tag","embeddable":true,"href":"https:\/\/cooltivarte.com\/portal\/wp-json\/wp\/v2\/tags?post=109281"}],"curies":[{"name":"wp","href":"https:\/\/api.w.org\/{rel}","templated":true}]}}