{"id":109181,"date":"2024-12-23T14:18:58","date_gmt":"2024-12-23T17:18:58","guid":{"rendered":"https:\/\/cooltivarte.com\/portal\/?p=109181"},"modified":"2024-12-23T14:19:41","modified_gmt":"2024-12-23T17:19:41","slug":"vivir-la-navidad-en-la-ficcion-literaria","status":"publish","type":"post","link":"https:\/\/cooltivarte.com\/portal\/vivir-la-navidad-en-la-ficcion-literaria\/","title":{"rendered":"Vivir la Navidad en la ficci\u00f3n literaria"},"content":{"rendered":"<figure id=\"attachment_109183\" aria-describedby=\"caption-attachment-109183\" style=\"width: 844px\" class=\"wp-caption aligncenter\"><img fetchpriority=\"high\" decoding=\"async\" class=\"wp-image-109183 size-full\" title=\"\u201cHogar de Pap\u00e1 Noel  Polo Norte 22 de diciembre de 1920  Querido John:\" src=\"https:\/\/cooltivarte.com\/portal\/wp-content\/uploads\/2024\/12\/navidad.jpg\" alt=\"\u201cHogar de Pap\u00e1 NoelPolo Norte 22 de diciembre de 1920\n\nQuerido John:\" width=\"844\" height=\"575\" srcset=\"https:\/\/cooltivarte.com\/portal\/wp-content\/uploads\/2024\/12\/navidad.jpg 844w, https:\/\/cooltivarte.com\/portal\/wp-content\/uploads\/2024\/12\/navidad-300x204.jpg 300w, https:\/\/cooltivarte.com\/portal\/wp-content\/uploads\/2024\/12\/navidad-768x523.jpg 768w\" sizes=\"(max-width: 844px) 100vw, 844px\" \/><figcaption id=\"caption-attachment-109183\" class=\"wp-caption-text\">\u201cHogar de Pap\u00e1 Noel Polo Norte 22 de diciembre de 1920 Querido John:<\/figcaption><\/figure>\n<p>&nbsp;<\/p>\n<p>\u201cPara los hijos de J. R. R. Tolkien, el inter\u00e9s y la importancia de Pap\u00e1 Noel iba m\u00e1s all\u00e1 de la mera recepci\u00f3n de regalos en los calcetines que hab\u00edan colgado de la chimenea en Nochebuena, pues les escrib\u00eda una carta todos los a\u00f1os en la que describ\u00eda mediante palabras y dibujos su casa, a sus amigos y los pormenores, divertidos o preocupantes, de la vida en el Polo Norte\u201d. Con estas palabras, el c\u00e9lebre autor de <em>El hobbit<\/em> y <em>El Se\u00f1or de los Anillos<\/em>, comienza la Introducci\u00f3n de su libro <em>Cartas de Pap\u00e1 Noel<\/em> (Edici\u00f3n: Baillie Tolkien, 1976: <a href=\"https:\/\/www.colegioemaus.edu.ar\/assets\/cartas-de-papa-noel---j.-r.-r.-tolkien-.pdf\" target=\"_blank\" rel=\"noopener\">colegioemaus.edu.ar<\/a>). Entregamos tambi\u00e9n una edici\u00f3n en portugu\u00e9s (<a href=\"https:\/\/agendadasbugigangas.wordpress.com\/wp-content\/uploads\/2011\/05\/j-r-r-tolkien-cartas-do-pai-natal.pdf\" target=\"_blank\" rel=\"noopener\">agendadasbugigangas.wordpress.com\/<\/a>). Durante 20 a\u00f1os el escritor hizo de Pap\u00e1 Noel el escritor que enviaba cartas a sus hijos. Tolkien vive la realidad y la ficci\u00f3n del legendario personaje, y construye a trav\u00e9s de las cartas que este singular Pap\u00e1 Noel escribe a sus hijos, un relato maravilloso de sue\u00f1os y ensue\u00f1os que se van entrelazando, y en el que el m\u00e1gico universo que rodea a la Navidad aparece como en un encantamiento en la casa de la familia Tolkien: \u201cA veces los sobres, con restos de nieve en polvo y sellos del Polo, aparec\u00edan en el comedor la ma\u00f1ana siguiente de su visita, otras veces los tra\u00eda el cartero\u201d (Introducci\u00f3n).<\/p>\n<p>Es que la Navidad se vive en nuestra mente, en nuestros actos y acciones.&nbsp; Se vive en nuestros recuerdos, en nuestras creencias y en nuestro propio sentido de lo humano: \u201cMuy a prop\u00f3sito resulta para Navidad el color encarnado de la capa en que la peque\u00f1a Caperucita Roja (el \u00e1rbol es por s\u00ed solo un bosque por el que ella puede caminar con su cesta) viene a contarme en esta Nochebuena la crueldad y la traici\u00f3n del lobo disfrazado que se comi\u00f3 a su abuela, sin calmar con ello su apetito, y que luego se la comi\u00f3 a ella, despu\u00e9s de hacer aquel chiste feroz acerca de sus dientes. Caperucita Roja fue mi primer amor. Ten\u00eda la convicci\u00f3n de que, si hubiese podido casarme con ella, habr\u00eda conocido la felicidad perfecta\u201d, nos dice el narrador del cuento <em>Un \u00e1rbol de Navidad<\/em>, de Charles Dickens (<a href=\"https:\/\/web.seducoahuila.gob.mx\/biblioweb\/upload\/algunos_cuentos_de_navidad.pdf\" target=\"_blank\" rel=\"noopener\">web.seducoahuila.gob.mx<\/a>). Es que la Navidad tiene la magia de en alg\u00fan momento sumergirnos en nuestros recuerdos de ni\u00f1os, que viven la ficci\u00f3n de la Navidad con la misma fuerza con que se viven los recuerdos en cada presente que la recordamos a trav\u00e9s de nuestra vida. Es la realidad de una Navidad que una vez tambi\u00e9n fue so\u00f1ada. &nbsp;<\/p>\n<p>Tal vez por eso nos duele conocer la verdad que su fantas\u00eda esconde. Santa Claus, o el Viejito Pascuero, como lo llamamos en Chile, y los Reyes Magos: Melchor, Gaspar y Baltazar, que solo desde fines del siglo XV d.C. lo conocemos con su cara negra, pero que aparecen por primera vez en un mosaico de San Apolinar el Nuevo, en R\u00e1vena, que data del siglo VI d.C. As\u00ed, de repente, como suelen despedazarse los sue\u00f1os, la realidad de estos personajes m\u00edticos queda registrada en nuestros recuerdos para hacernos sentir que un d\u00eda fuimos ni\u00f1os. Si hay una historia que ilustra con la simplicidad del relato de un ni\u00f1o que es sacudido por la realidad que destroza su fantas\u00eda, es \u201cLos Santos Reyes\u201d, del mexicano Severino Salazar (<em>Quince Cuentos de Navidad<\/em>, Universidad Aut\u00f3noma Metropolitana\u00b7Azcapotzalco, M\u00e9xico, 2000: <a href=\"https:\/\/zaloamati.azc.uam.mx\/server\/api\/core\/bitstreams\/9743081b-e66b-4e5f-8400-209f0c86b2ca\/content\" target=\"_blank\" rel=\"noopener\">zaloamati.azc.uam.mx<\/a>). Primero, su t\u00edo, que les cuenta a \u00e9l y a sus primos que Santa Claus es un \u201cinvento de la coca-cola\u201d. Y lo describe como un personaje grotesco: \u201cNo hay nada espiritual en \u00e9l como para que se levante de la tierra y desaf\u00ede la gravedad. Es m\u00e1s bien digno de l\u00e1stima. Y tan grotesco como las botellas que anuncia\u201d.<\/p>\n<p>Pero luego, cuando se preparan para dormirse, son sus primos mayores los que terminan de despertarlo a la realidad: \u201cQue los que pon\u00edan los regalos en los zapatos eran nuestros mismos padres. Saber esa noticia, que curiosamente ni por un momento dud\u00e9 de su veracidad, me llen\u00f3 de una tristeza instant\u00e1nea, que fue como si me hubieran echado un costal de ma\u00edz sobre los hombros. Me sent\u00eda pesado, como oprimido contra la tierra\u201d. Una realidad semejante vive el protagonista del cuento \u201cUna Navidad\u201d, de Truman Capote (<em>La Revista N. 165<\/em>, <em>El Mundo<\/em>: <a href=\"https:\/\/www.elmundo.es\/larevista\/num165\/textos\/truman.html\" target=\"_blank\" rel=\"noopener\">elmundo.es<\/a>). \u201cFue Sook quien me habl\u00f3 de Pap\u00e1 Noel, de su barba abundante, su traje rojo y su ruidoso trineo cargado de regalos, y yo la cre\u00ed, del mismo modo que cre\u00eda que todo era voluntad de Dios, o del Se\u00f1or, como siempre le llam\u00f3 Sook\u201d. Capote elabora una historia de dram\u00e1tico realismo familiar, en la que el ni\u00f1o termina descubriendo la verdad que lo lleva a cuestionarse la sinceridad de Sook: \u201cEnvueltos en papel p\u00farpura, y rojo y dorado, y azul y blanco, cruj\u00edan levemente cuando \u00e9l los mov\u00eda. Me sent\u00eda aturdido, ya que lo que ve\u00eda me obligaba a reconsiderarlo todo. Si se supon\u00eda que estos regalos eran para m\u00ed, obviamente no hab\u00edan sido enviados por el Se\u00f1or ni repartidos por Pap\u00e1 Noel; no, eran regalos comprados y envueltos por mi padre [\u2026].&nbsp; El peor pensamiento era: \u00bfsab\u00eda Sook la verdad y me hab\u00eda mentido?\u201d.<\/p>\n<p>Es que para los ni\u00f1os tan importante como el regalo simbolizado en un juguete, es el saber que lo trajo Santa Claus como premio por sus buenas acciones. Es la genuina fantas\u00eda que yace en su conciencia de un personaje que puebla su imaginaci\u00f3n, que recrea su estado de \u00e1nimo y lo agita. \u00a1C\u00f3mo no creer en \u00e9l! Si lo ha visto en la tele colorida, en su carruaje cargado de regalos tambi\u00e9n coloridos, tirado por renos que no sabe que son renos, pero tambi\u00e9n son coloridos y alegres. Porque la Navidad es eso: es sue\u00f1o y fantas\u00eda que, a su debido tiempo, la realidad se encarga por cualquier medio, de decirle que ya creci\u00f3. Que la Navidad es algo m\u00e1s que sue\u00f1o y fantas\u00eda, que es un estado del alma.<\/p>\n<p>Tolkien, el Pap\u00e1 Noel que escribe cartas y mensajes navide\u00f1os a sus hijos, sabe de estas inquietudes de los m\u00e1s peque\u00f1os:<\/p>\n<p>\u201cHogar de Pap\u00e1 Noel<\/p>\n<p>Polo Norte 22 de diciembre de 1920<\/p>\n<p>Querido John:<\/p>\n<p>Me he enterado de que le has preguntado a tu pap\u00e1 c\u00f3mo soy y d\u00f3nde vivo. He hecho un autorretrato y he dibujado mi casa. Guarda bien el dibujo. Ahora mismo me marcho a Oxford con el saco lleno de regalos (algunos para ti). Espero llegar a tiempo: esta noche la nieve es muy espesa en el Polo Norte. Con cari\u00f1o, Pap\u00e1 Noel\u201d.<\/p>\n<p>Otros ni\u00f1os, es cierto, no tuvieron la oportunidad de escribirle a Santa Claus, ni menos que este les escribiera a ellos. Ni siquiera supieron de un juguete. Son los ni\u00f1os de la guerra y de la posguerra, esos que nacieron cuando Europa se despedazaba para comenzar todo de nuevo. Ni\u00f1os como Iren, la ni\u00f1a de Pancevo, en la Belgrado de Tito, que lleg\u00f3 al puerto de Valpara\u00edso el 23 de diciembre de 1953 con su familia de refugiados inmigrantes. El 24 de diciembre, ya en una pieza com\u00fan de la calle Ej\u00e9rcito en Santiago de Chile, encontr\u00f3 para ella un paquetito colorido debajo de un \u00e1rbol de Navidad: era una alteza. Su relato emociona, porque vuelve a su infancia de ni\u00f1a de la guerra y abraza con ternura su alteza que danza alegre en sus recuerdos. La realidad cabalga al lado de la ficci\u00f3n y suele confundirse con ella cuando la Navidad se apodera de nuestros recuerdos de ni\u00f1ez.<\/p>\n<p>En la literatura como en la realidad, las historias navide\u00f1as suelen ser tristes y alegres. Tristeza y alegr\u00eda se manifiestan con la misma intensidad en el rostro de los ni\u00f1os: \u201cSe queda acurrucado y sin aliento por lo asustado que est\u00e1, y pronto empieza a sentirse a gusto: s\u00fabitamente deja de sentir dolor en sus manitas y piececillos y le parece estar junto a una estufa. El muchacho se estremece: \u00a1oh!, pero \u00a1si se hab\u00eda quedado dormido! \u201c\u00a1Qu\u00e9 a gusto se duerme aqu\u00ed! Estar\u00e9 aqu\u00ed un ratito y otra vez ir\u00e9 a ver los mu\u00f1ecos\u201d, pens\u00f3 el ni\u00f1o, y sonri\u00f3 al recordarlos. \u201c\u00a1Si parecen de verdad\u2026!\u201d Y se imagina que su madre le canta una canci\u00f3n al o\u00eddo. \u201c\u00a1Mam\u00e1, estoy durmiendo! \u00a1Oh! \u00a1Qu\u00e9 bien se duerme aqu\u00ed!\u201d \/ \u2014\u00a1Vamos a ver mi \u00e1rbol de Navidad! \u2014le susurra de pronto una voz cari\u00f1osa\u201d (Fi\u00f3dor Dostoyevski, \u201cEl ni\u00f1o de la manita\u201d: <a href=\"https:\/\/www.mardefondope.com\/2023\/05\/leamos-el-nino-de-la-manita-cuento-de-fiodor-dostoyevski.html\" target=\"_blank\" rel=\"noopener\">mardefondope.com<\/a>). Es un relato conmovedor que, sin duda, remece hasta el alma del escritor que hab\u00eda prometido \u201chablar \u00fanicamente de historias reales\u201d. Y su reflexi\u00f3n y su promesa adquieren el tono ficcional porque se encuentra dentro del relato: \u201cPero soy un novelista y creo que una de esas \u201chistorias\u201d fui yo mismo quien la invent\u00f3. Y si he dicho \u201ccreo\u201d es porque soy consciente de haberla inventado y, sin embargo, me parece que realmente sucedi\u00f3 en alg\u00fan lugar, y, para m\u00e1s exactitud, en v\u00edsperas de Navidad, en alguna ciudad terriblemente grande, un d\u00eda que hac\u00eda mucho fr\u00edo\u201d.<\/p>\n<p>Dostoyevsky, el personaje de su cuento, no tiene certeza de la veracidad de lo que narra, que tal vez todo \u201cpudo haber ocurrido realmente\u201d. Y sobre el \u00c1rbol de Navidad, ni \u00e9l mismo podr\u00eda decir si lo narrado ocurri\u00f3 o no. \u201cPero por algo soy novelista y puedo imaginar\u201d. El juego de la ficci\u00f3n y la realidad, el novelista lo proyecta al propio mundo de su conmovedora historia. Es cierto, el novelista, ahora personaje, puede imaginar su historia y contarla como verdadera. El maravilloso cuento de Dostoyesvky, en que la imaginaci\u00f3n se confunde con la realidad, trajo a mi memoria un relato navide\u00f1o de profundo contenido humano, porque despierta el esp\u00edritu solidario de los hombres, cristianos o no, a\u00fan en plena guerra, cuando el fr\u00edo y la muerte son las \u00fanicas compa\u00f1\u00edas de un viaje que suele ser sin retorno: \u201cOn Christmas Eve 1944, during World War II, three American soldiers and four German soldiers came to Elizabeth Vincken&#8217;s cottage, which she shared with her 12-year-old son Fritz, in the Ardennes Forest near the German-Belgium border. There, she offered food and shelter to the soldiers after they agreed to put their weapons down to share an evening together of good will and peace. The following day, the German soldiers gave the American soldiers a compass and directions back to their front lines. Vincken wrote of this account in a story entitled &#8220;Truce In the Forest&#8221; (<em>Find a Grave<\/em>, Frederic Daniel \u201cFritz\u201d Vincken: &nbsp;<a href=\"https:\/\/es.findagrave.com\/memorial\/24059599\/frederic_daniel-vincken\" target=\"_blank\" rel=\"noopener\">findagrave.com<\/a>).<\/p>\n<p>El cuento de Fritz Vincken \u201cNoche de Paz en el bosque de H\u00fcrtgen\u201d (<em>Los mensajes m\u00e1s bellos\u2026 de Paz, Amor, Fe y Esperanza<\/em>, Instituto para el Desarrollo Integral del Hombre, Navidad 1999 \u2013 A\u00f1o Nuevo 2000, Edici\u00f3n Anual, presentaci\u00f3n de Alberto Brice\u00f1o), que hab\u00eda sido publicado en una revista americana y presentado en un documental en televisi\u00f3n, atrajo la atenci\u00f3n \u201cde la familia de un soldado americano que hab\u00eda luchado en las \u00c1rdenas\u201d y que &nbsp;\u201cse puso en contacto con el canal de TV\u2026 su padre llevaba a\u00f1os contando esa historia. En enero de 1996, Fritz se traslad\u00f3 hasta Maryland para conocer a Ralph Blank. El encuentro fue muy emotivo\u201d (Javier Sanz, \u201cLos protagonistas del cuento de Navidad de la II Guerra Mundial se reunieron 50 a\u00f1os m\u00e1s tarde\u201d, <em>Historia de la Historia, siglos XX y XXI<\/em>, 20 de diciembre de 2013: <a href=\"https:\/\/historiasdelahistoria.com\/2013\/12\/20\/los-protagonistas-del-cuento-de-navidad-de-la-ii-guerra-mundial-se-reunieron-50-anos-mas-tarde\" target=\"_blank\" rel=\"noopener\">historiasdelahistoria.com<\/a>). El 19 de enero de 1996 fue memorable para ambos excombatientes. Ralph Henry Blank le confes\u00f3 que todav\u00eda conservaba el mapa y la br\u00fajula que le dio el entonces cabo alem\u00e1n y \u201cque atesoraba el recuerdo de aquella Nochebuena como la m\u00e1s hermosa de su vida\u201d \u201cLa peque\u00f1a tregua de Navidad de 1944\u201d (Fernando Prado, <em>El Debate,<\/em> 24 de diciembre de 2021: <a href=\"https:\/\/www.eldebate.com\/historia\/20211224\/pequena-tregua-navidad-1944.html\" target=\"_blank\" rel=\"noopener\">eldebate.com<\/a>).<\/p>\n<p>&nbsp;<\/p>\n<figure id=\"attachment_109182\" aria-describedby=\"caption-attachment-109182\" style=\"width: 267px\" class=\"wp-caption aligncenter\"><img decoding=\"async\" class=\"wp-image-109182 size-full\" title=\"Ralph Blank y Fritz Vincken Tu madre me salv\u00f3 la vida \u2013 dijo Ralph\" src=\"https:\/\/cooltivarte.com\/portal\/wp-content\/uploads\/2024\/12\/Ralph-Blank-y-Fritz-Vincken-.jpg\" alt=\"Ralph Blank y Fritz Vincken Tu madre me salv\u00f3 la vida \u2013 dijo Ralph \" width=\"267\" height=\"256\"\/><figcaption id=\"caption-attachment-109182\" class=\"wp-caption-text\">Ralph Blank y Fritz Vincken<br \/>Tu madre me salv\u00f3 la vida \u2013 dijo Ralph<\/figcaption><\/figure>\n<p>&nbsp;<\/p>\n<p>El cuento, verdadero documento de un episodio de la historia que, ciertamente, se ha repetido en todas las \u00e9pocas de la cristiandad, se enriquece con el relato de quienes fueron los actores de ese acontecimiento, que lo narran desde sus recuerdos. La realidad, aqu\u00ed, se convierte en un hecho m\u00e1gico que m\u00e1s parece una ficci\u00f3n que una maravillosa transformaci\u00f3n de la realidad: \u201cCon la ayuda del estudiante de medicina, que serv\u00eda de int\u00e9rprete, el cabo indic\u00f3 a Jim y a Robin el mejor camino para llegar a las l\u00edneas estadounidenses [\u2026]. Alemanes y estadounidenses se estrecharon la mano al despedirse [\u2026]. Me madre me se\u00f1al\u00f3 lo que le\u00eda deslizando el \u00edndice a lo largo de las l\u00edneas que dicen: \u201cregresaron a su pa\u00eds por otro camino\u201d (\u201cNoche de Paz en el bosque que H\u00fcrtgen\u201d). La madre de Fritz le\u00eda un pasaje de la Biblia que habla del \u201cnacimiento de Jes\u00fas en Bel\u00e9n y de c\u00f3mo los magos llegados de Oriente le adoraron y ofrecieron presentes\u201d. El mejor presente para estos excombatientes fue su vida y su encuentro cargado de s\u00edmbolos y fantas\u00edas muchas d\u00e9cadas despu\u00e9s. \u201cFrederic Daniel Vincken was born on 28 Feb 1932 in Aachen, Federal Republic of Germany, to Hubert and Elisabeth (Pruss) Vincken. He died on 8 Dec 2001. [Soc. Sec. Death Index]\u201d (en el citado texto <em>Find a Grave, Frederic Daniel \u201cFritz\u201d Vincken<\/em>).<\/p>\n<p>Es que todas las historias son posibles en Navidad, del mismo modo que el ni\u00f1o aprende el simbolismo que esta ficci\u00f3n legendaria del Viejito Pascuero, y su entorno de fantas\u00edas que pueblan su imaginaci\u00f3n y m\u00e1s tarde sus recuerdos, se repite a\u00f1o tras a\u00f1o en un ciclo temporal que tambi\u00e9n es simb\u00f3lico. La verdad de la realidad se confunde con la verdad de la ficci\u00f3n: \u201cFui con Sook a la oficina de correos y compr\u00e9 una postal de un penique. Hoy, todav\u00eda existe esa postal. Fue encontrada en la caja de caudales de mi padre cuando muri\u00f3, el a\u00f1o pasado. Esto es lo que le hab\u00eda escrito: &#8220;Hola pap\u00e1 espero que est\u00e9s bien como yo y estoy aprendiendo a pedalear muy r\u00e1pido en mi avi\u00f3n estar\u00e9 pronto en el cielo as\u00ed que mant\u00e9n los ojos abiertos y s\u00ed te quiero Buddy\u201d, nos dice Buddy, el ni\u00f1o protagonista de \u201cUna Navidad\u201d.<\/p>\n<p>Por eso, dejemos que los ni\u00f1os que un d\u00eda ser\u00e1n adultos que vivir\u00e1n de sus recuerdos, sean felices en su mundo so\u00f1ado en donde todo es posible, antes de que la realidad golpee su alma y su fe, tal como lo dice T.S. Elliot en su poema \u201cEl cultivo de los \u00e1rboles de Navidad\u201d (en <em>Poema de Ariel<\/em>), que se encuentra en varias p\u00e1ginas de internet, de las que presentamos una edici\u00f3n biling\u00fce del poema (<a href=\"https:\/\/dinora-lu.blogspot.com\/2021\/11\/ts-eliot-el-cultivo-de-los-arboles-de.html\" target=\"_blank\" rel=\"noopener\">dinora-lu.blogspot.com<\/a>): &nbsp;<\/p>\n<p>\u201cEl ni\u00f1o se embelesa ante el \u00c1rbol de Navidad: \/ dejadle conservar ese esp\u00edritu de admiraci\u00f3n \/ ante la Fiesta en cuanto evento no aceptado como pretexto; \/ y el esperado sobrecogimiento ante su aparici\u00f3n [\u2026] \/ de modo que la reverencia y la alegr\u00eda \/ no lleguen a olvidarse en la experiencia posterior, \/ en el aburrido acostumbramiento, la fatiga, el tedio, \/ la certeza de la muerte, la conciencia del fracaso\u201d.<\/p>\n<p>&nbsp;<\/p>\n<p>&nbsp;<\/p>\n<p>&nbsp;<\/p>\n","protected":false},"excerpt":{"rendered":"<p>\u201cPara los hijos de J. R. R. Tolkien, el inter\u00e9s y la importancia de Pap\u00e1 Noel iba m\u00e1s all\u00e1 de la mera recepci\u00f3n de regalos en los calcetines que hab\u00edan colgado de la chimenea en Nochebuena, pues les escrib\u00eda una carta todos los a\u00f1os en la que describ\u00eda mediante palabras y dibujos su casa, a sus amigos y los pormenores, divertidos o preocupantes, de la vida en el Polo Norte\u201d. Con estas palabras, el c\u00e9lebre autor de El hobbit y El Se\u00f1or de los Anillos, comienza la Introducci\u00f3n de su libro Cartas de Pap\u00e1 Noel (Edici\u00f3n: Baillie Tolkien, 1976: colegioemaus.edu.ar). Entregamos tambi\u00e9n una edici\u00f3n en portugu\u00e9s (agendadasbugigangas.wordpress.com\/). Durante 20 a\u00f1os el escritor hizo de Pap\u00e1 Noel el escritor que enviaba cartas a sus hijos. Tolkien vive la realidad y la ficci\u00f3n del legendario personaje, y construye a trav\u00e9s de las cartas que este singular Pap\u00e1 Noel escribe a sus hijos, un relato maravilloso de sue\u00f1os y ensue\u00f1os que se van entrelazando, y en el que el m\u00e1gico universo que rodea a la Navidad aparece como en un encantamiento en la casa de la familia Tolkien: \u201cA veces los sobres, con restos de nieve en polvo y sellos del Polo, aparec\u00edan en el comedor la ma\u00f1ana siguiente de su visita, otras veces los tra\u00eda el cartero\u201d (Introducci\u00f3n).<\/p>\n","protected":false},"author":162,"featured_media":109183,"comment_status":"closed","ping_status":"closed","sticky":false,"template":"","format":"standard","meta":{"om_disable_all_campaigns":false,"ngg_post_thumbnail":0,"jnews-multi-image_gallery":[],"jnews_single_post":{"format":"standard","override":[{"template":"4","parallax":"1","layout":"right-sidebar","sidebar":"default-sidebar","second_sidebar":"default-sidebar","sticky_sidebar":"1","share_position":"bottom","share_float_style":"share-monocrhome","show_share_counter":"1","show_view_counter":"1","show_featured":"1","show_post_meta":"1","show_post_author":"1","show_post_author_image":"1","show_post_date":"1","post_date_format":"default","post_date_format_custom":"Y\/m\/d","show_post_category":"1","post_reading_time_wpm":"300","post_calculate_word_method":"str_word_count","zoom_button_out_step":"2","zoom_button_in_step":"3","show_post_tag":"1","show_prev_next_post":"1","show_popup_post":"1","number_popup_post":"1","show_author_box":"1","show_post_related":"0","show_inline_post_related":"0"}],"image_override":[{"single_post_thumbnail_size":"no-crop","single_post_gallery_size":"crop-500"}],"trending_post_position":"meta","trending_post_label":"Trending","sponsored_post_label":"Sponsored by","disable_ad":"0"},"jnews_primary_category":[],"jnews_social_meta":[],"jnews_override_counter":{"view_counter_number":"0","share_counter_number":"0","like_counter_number":"0","dislike_counter_number":"0"},"footnotes":""},"categories":[56],"tags":[15719,18682,23458,18685,23459],"class_list":["post-109181","post","type-post","status-publish","format-standard","has-post-thumbnail","hentry","category-narradores","tag-nochebuena","tag-papa-noel","tag-polo-norte","tag-santa-claus","tag-viejito-pascuero"],"yoast_head":"<!-- This site is optimized with the Yoast SEO plugin v27.4 - https:\/\/yoast.com\/product\/yoast-seo-wordpress\/ -->\n<title>Vivir la Navidad en la ficci\u00f3n literaria - Cooltivarte Portal<\/title>\n<meta name=\"description\" content=\"\u201cPara los hijos de J. R. R. Tolkien, el inter\u00e9s y la importancia de Pap\u00e1 Noel iba m\u00e1s all\u00e1 de la mera recepci\u00f3n de regalos en los calcetines que hab\u00edan colgado de la chimenea en Nochebuena, pues les escrib\u00eda una carta todos los a\u00f1os en la que describ\u00eda mediante palabras y dibujos su casa, a sus amigos y los pormenores, divertidos o preocupantes, de la vida en el Polo Norte\u201d.\" \/>\n<meta name=\"robots\" content=\"index, follow, max-snippet:-1, max-image-preview:large, max-video-preview:-1\" \/>\n<link rel=\"canonical\" href=\"https:\/\/cooltivarte.com\/portal\/vivir-la-navidad-en-la-ficcion-literaria\/\" \/>\n<meta property=\"og:locale\" content=\"es_ES\" \/>\n<meta property=\"og:type\" content=\"article\" \/>\n<meta property=\"og:title\" content=\"Vivir la Navidad en la ficci\u00f3n literaria by Alejandro Carre\u00f1o T.\" \/>\n<meta property=\"og:description\" content=\"\u201cPara los hijos de J. R. R. Tolkien, el inter\u00e9s y la importancia de Pap\u00e1 Noel iba m\u00e1s all\u00e1 de la mera recepci\u00f3n de regalos en los calcetines que hab\u00edan colgado de la chimenea en Nochebuena, pues les escrib\u00eda una carta todos los a\u00f1os en la que describ\u00eda mediante palabras y dibujos su casa, a sus amigos y los pormenores, divertidos o preocupantes, de la vida en el Polo Norte\u201d.\" \/>\n<meta property=\"og:url\" content=\"https:\/\/cooltivarte.com\/portal\/vivir-la-navidad-en-la-ficcion-literaria\/\" \/>\n<meta property=\"og:site_name\" content=\"Cooltivarte Portal\" \/>\n<meta property=\"article:publisher\" content=\"https:\/\/www.facebook.com\/cooltivartecom\/\" \/>\n<meta property=\"article:author\" content=\"https:\/\/www.facebook.com\/profile.php?id=1043831024\" \/>\n<meta property=\"article:published_time\" content=\"2024-12-23T17:18:58+00:00\" \/>\n<meta property=\"article:modified_time\" content=\"2024-12-23T17:19:41+00:00\" \/>\n<meta property=\"og:image\" content=\"https:\/\/cooltivarte.com\/portal\/wp-content\/uploads\/2024\/12\/navidad.jpg\" \/>\n\t<meta property=\"og:image:width\" content=\"844\" \/>\n\t<meta property=\"og:image:height\" content=\"575\" \/>\n\t<meta property=\"og:image:type\" content=\"image\/jpeg\" \/>\n<meta name=\"author\" content=\"Alejandro Carre\u00f1o T.\" \/>\n<meta name=\"twitter:card\" content=\"summary_large_image\" \/>\n<meta name=\"twitter:title\" content=\"Vivir la Navidad en la ficci\u00f3n literaria by Alejandro Carre\u00f1o T.\" \/>\n<meta name=\"twitter:description\" content=\"\u201cPara los hijos de J. R. R. Tolkien, el inter\u00e9s y la importancia de Pap\u00e1 Noel iba m\u00e1s all\u00e1 de la mera recepci\u00f3n de regalos en los calcetines que hab\u00edan colgado de la chimenea en Nochebuena, pues les escrib\u00eda una carta todos los a\u00f1os en la que describ\u00eda mediante palabras y dibujos su casa, a sus amigos y los pormenores, divertidos o preocupantes, de la vida en el Polo Norte\u201d.\" \/>\n<meta name=\"twitter:image\" content=\"https:\/\/cooltivarte.com\/portal\/wp-content\/uploads\/2024\/12\/navidad.jpg\" \/>\n<meta name=\"twitter:creator\" content=\"@https:\/\/twitter.com\/acarrenot\" \/>\n<meta name=\"twitter:site\" content=\"@obolocultural\" \/>\n<meta name=\"twitter:label1\" content=\"Escrito por\" \/>\n\t<meta name=\"twitter:data1\" content=\"Alejandro Carre\u00f1o T.\" \/>\n\t<meta name=\"twitter:label2\" content=\"Tiempo de lectura\" \/>\n\t<meta name=\"twitter:data2\" content=\"13 minutos\" \/>\n<!-- \/ Yoast SEO plugin. -->","yoast_head_json":{"title":"Vivir la Navidad en la ficci\u00f3n literaria - Cooltivarte Portal","description":"\u201cPara los hijos de J. R. R. Tolkien, el inter\u00e9s y la importancia de Pap\u00e1 Noel iba m\u00e1s all\u00e1 de la mera recepci\u00f3n de regalos en los calcetines que hab\u00edan colgado de la chimenea en Nochebuena, pues les escrib\u00eda una carta todos los a\u00f1os en la que describ\u00eda mediante palabras y dibujos su casa, a sus amigos y los pormenores, divertidos o preocupantes, de la vida en el Polo Norte\u201d.","robots":{"index":"index","follow":"follow","max-snippet":"max-snippet:-1","max-image-preview":"max-image-preview:large","max-video-preview":"max-video-preview:-1"},"canonical":"https:\/\/cooltivarte.com\/portal\/vivir-la-navidad-en-la-ficcion-literaria\/","og_locale":"es_ES","og_type":"article","og_title":"Vivir la Navidad en la ficci\u00f3n literaria by Alejandro Carre\u00f1o T.","og_description":"\u201cPara los hijos de J. R. R. Tolkien, el inter\u00e9s y la importancia de Pap\u00e1 Noel iba m\u00e1s all\u00e1 de la mera recepci\u00f3n de regalos en los calcetines que hab\u00edan colgado de la chimenea en Nochebuena, pues les escrib\u00eda una carta todos los a\u00f1os en la que describ\u00eda mediante palabras y dibujos su casa, a sus amigos y los pormenores, divertidos o preocupantes, de la vida en el Polo Norte\u201d.","og_url":"https:\/\/cooltivarte.com\/portal\/vivir-la-navidad-en-la-ficcion-literaria\/","og_site_name":"Cooltivarte Portal","article_publisher":"https:\/\/www.facebook.com\/cooltivartecom\/","article_author":"https:\/\/www.facebook.com\/profile.php?id=1043831024","article_published_time":"2024-12-23T17:18:58+00:00","article_modified_time":"2024-12-23T17:19:41+00:00","og_image":[{"width":844,"height":575,"url":"https:\/\/cooltivarte.com\/portal\/wp-content\/uploads\/2024\/12\/navidad.jpg","type":"image\/jpeg"}],"author":"Alejandro Carre\u00f1o T.","twitter_card":"summary_large_image","twitter_title":"Vivir la Navidad en la ficci\u00f3n literaria by Alejandro Carre\u00f1o T.","twitter_description":"\u201cPara los hijos de J. R. R. Tolkien, el inter\u00e9s y la importancia de Pap\u00e1 Noel iba m\u00e1s all\u00e1 de la mera recepci\u00f3n de regalos en los calcetines que hab\u00edan colgado de la chimenea en Nochebuena, pues les escrib\u00eda una carta todos los a\u00f1os en la que describ\u00eda mediante palabras y dibujos su casa, a sus amigos y los pormenores, divertidos o preocupantes, de la vida en el Polo Norte\u201d.","twitter_image":"https:\/\/cooltivarte.com\/portal\/wp-content\/uploads\/2024\/12\/navidad.jpg","twitter_creator":"@https:\/\/twitter.com\/acarrenot","twitter_site":"@obolocultural","twitter_misc":{"Escrito por":"Alejandro Carre\u00f1o T.","Tiempo de lectura":"13 minutos"},"schema":{"@context":"https:\/\/schema.org","@graph":[{"@type":"NewsArticle","@id":"https:\/\/cooltivarte.com\/portal\/vivir-la-navidad-en-la-ficcion-literaria\/#article","isPartOf":{"@id":"https:\/\/cooltivarte.com\/portal\/vivir-la-navidad-en-la-ficcion-literaria\/"},"author":{"name":"Alejandro Carre\u00f1o T.","@id":"https:\/\/cooltivarte.com\/portal\/#\/schema\/person\/852d98c305909ce7eac4c8e64713ac6c"},"headline":"Vivir la Navidad en la ficci\u00f3n literaria","datePublished":"2024-12-23T17:18:58+00:00","dateModified":"2024-12-23T17:19:41+00:00","mainEntityOfPage":{"@id":"https:\/\/cooltivarte.com\/portal\/vivir-la-navidad-en-la-ficcion-literaria\/"},"wordCount":2696,"publisher":{"@id":"https:\/\/cooltivarte.com\/portal\/#organization"},"image":{"@id":"https:\/\/cooltivarte.com\/portal\/vivir-la-navidad-en-la-ficcion-literaria\/#primaryimage"},"thumbnailUrl":"https:\/\/cooltivarte.com\/portal\/wp-content\/uploads\/2024\/12\/navidad.jpg","keywords":["Nochebuena","Pap\u00e1 Noel","Polo Norte","Santa Claus","Viejito Pascuero"],"articleSection":["Literatura"],"inLanguage":"es-AR"},{"@type":"WebPage","@id":"https:\/\/cooltivarte.com\/portal\/vivir-la-navidad-en-la-ficcion-literaria\/","url":"https:\/\/cooltivarte.com\/portal\/vivir-la-navidad-en-la-ficcion-literaria\/","name":"Vivir la Navidad en la ficci\u00f3n literaria - Cooltivarte Portal","isPartOf":{"@id":"https:\/\/cooltivarte.com\/portal\/#website"},"primaryImageOfPage":{"@id":"https:\/\/cooltivarte.com\/portal\/vivir-la-navidad-en-la-ficcion-literaria\/#primaryimage"},"image":{"@id":"https:\/\/cooltivarte.com\/portal\/vivir-la-navidad-en-la-ficcion-literaria\/#primaryimage"},"thumbnailUrl":"https:\/\/cooltivarte.com\/portal\/wp-content\/uploads\/2024\/12\/navidad.jpg","datePublished":"2024-12-23T17:18:58+00:00","dateModified":"2024-12-23T17:19:41+00:00","description":"\u201cPara los hijos de J. R. R. Tolkien, el inter\u00e9s y la importancia de Pap\u00e1 Noel iba m\u00e1s all\u00e1 de la mera recepci\u00f3n de regalos en los calcetines que hab\u00edan colgado de la chimenea en Nochebuena, pues les escrib\u00eda una carta todos los a\u00f1os en la que describ\u00eda mediante palabras y dibujos su casa, a sus amigos y los pormenores, divertidos o preocupantes, de la vida en el Polo Norte\u201d.","breadcrumb":{"@id":"https:\/\/cooltivarte.com\/portal\/vivir-la-navidad-en-la-ficcion-literaria\/#breadcrumb"},"inLanguage":"es-AR","potentialAction":[{"@type":"ReadAction","target":["https:\/\/cooltivarte.com\/portal\/vivir-la-navidad-en-la-ficcion-literaria\/"]}]},{"@type":"ImageObject","inLanguage":"es-AR","@id":"https:\/\/cooltivarte.com\/portal\/vivir-la-navidad-en-la-ficcion-literaria\/#primaryimage","url":"https:\/\/cooltivarte.com\/portal\/wp-content\/uploads\/2024\/12\/navidad.jpg","contentUrl":"https:\/\/cooltivarte.com\/portal\/wp-content\/uploads\/2024\/12\/navidad.jpg","width":844,"height":575,"caption":"\u201cHogar de Pap\u00e1 Noel Polo Norte 22 de diciembre de 1920 Querido John: Me he enterado de que le has preguntado a tu pap\u00e1 c\u00f3mo soy y d\u00f3nde vivo. He hecho un autorretrato y he dibujado mi casa. Guarda bien el dibujo. Ahora mismo me marcho a Oxford con el saco lleno de regalos (algunos para ti). Espero llegar a tiempo: esta noche la nieve es muy espesa en el Polo Norte. Con cari\u00f1o, Pap\u00e1 Noel\u201d."},{"@type":"BreadcrumbList","@id":"https:\/\/cooltivarte.com\/portal\/vivir-la-navidad-en-la-ficcion-literaria\/#breadcrumb","itemListElement":[{"@type":"ListItem","position":1,"name":"Portada","item":"https:\/\/cooltivarte.com\/portal\/"},{"@type":"ListItem","position":2,"name":"Vivir la Navidad en la ficci\u00f3n literaria"}]},{"@type":"WebSite","@id":"https:\/\/cooltivarte.com\/portal\/#website","url":"https:\/\/cooltivarte.com\/portal\/","name":"Cooltivarte Portal","description":"Arte, cultura y turismo para el mundo ...","publisher":{"@id":"https:\/\/cooltivarte.com\/portal\/#organization"},"potentialAction":[{"@type":"SearchAction","target":{"@type":"EntryPoint","urlTemplate":"https:\/\/cooltivarte.com\/portal\/?s={search_term_string}"},"query-input":{"@type":"PropertyValueSpecification","valueRequired":true,"valueName":"search_term_string"}}],"inLanguage":"es-AR"},{"@type":"Organization","@id":"https:\/\/cooltivarte.com\/portal\/#organization","name":"cooltivarte","url":"https:\/\/cooltivarte.com\/portal\/","logo":{"@type":"ImageObject","inLanguage":"es-AR","@id":"https:\/\/cooltivarte.com\/portal\/#\/schema\/logo\/image\/","url":"https:\/\/cooltivarte.com\/portal\/wp-content\/uploads\/2020\/04\/logo-cooltivarte-v2.png","contentUrl":"https:\/\/cooltivarte.com\/portal\/wp-content\/uploads\/2020\/04\/logo-cooltivarte-v2.png","width":851,"height":243,"caption":"cooltivarte"},"image":{"@id":"https:\/\/cooltivarte.com\/portal\/#\/schema\/logo\/image\/"},"sameAs":["https:\/\/www.facebook.com\/cooltivartecom\/","https:\/\/x.com\/obolocultural","https:\/\/www.instagram.com\/_cooltivarte_\/","https:\/\/www.linkedin.com\/company\/-bolocultural?reportsuccess=8zaNG1HwhPbAR9iQhZ5rfGeqz_vQFftHun0ZWU0Wy9vNemRJ8vtcKdJvzQfW8XagyOJSKg0XvfJ1dp","https:\/\/www.pinterest.com\/cooltivarte\/","https:\/\/cooltivarte.tumblr.com\/","https:\/\/www.tiktok.com\/@cooltivarte","https:\/\/www.youtube.com\/@PrensaCooltivarte"]},{"@type":"Person","@id":"https:\/\/cooltivarte.com\/portal\/#\/schema\/person\/852d98c305909ce7eac4c8e64713ac6c","name":"Alejandro Carre\u00f1o T.","image":{"@type":"ImageObject","inLanguage":"es-AR","@id":"https:\/\/cooltivarte.com\/portal\/wp-content\/uploads\/2020\/07\/Alejandro-Carre\u00f1o.jpg","url":"https:\/\/cooltivarte.com\/portal\/wp-content\/uploads\/2020\/07\/Alejandro-Carre\u00f1o.jpg","contentUrl":"https:\/\/cooltivarte.com\/portal\/wp-content\/uploads\/2020\/07\/Alejandro-Carre\u00f1o.jpg","caption":"Alejandro Carre\u00f1o T."},"description":"Profesor de Castellano, Mag\u00edster en Comunicaci\u00f3n y Semi\u00f3tica y Doctor en Comunicaci\u00f3n. Acad\u00e9mico en Brasil y en su Chile natal. Columnista y ensayista. Lleva adelante en Youtube su canal \u201cDe Carre\u00f1o a los libros\u201d, donde aborda temas de Literatura, Educaci\u00f3n y Cultura.","sameAs":["https:\/\/www.facebook.com\/profile.php?id=1043831024","https:\/\/www.instagram.com\/_cooltivarte_\/","https:\/\/www.linkedin.com\/company\/-bolocultural","https:\/\/www.pinterest.com\/cooltivarte","https:\/\/x.com\/https:\/\/twitter.com\/acarrenot","https:\/\/www.youtube.com\/@PrensaCooltivarte","https:\/\/www.tumblr.com\/blog\/cooltivarte"],"url":"https:\/\/cooltivarte.com\/portal\/author\/alejandro-careno\/"}]}},"_links":{"self":[{"href":"https:\/\/cooltivarte.com\/portal\/wp-json\/wp\/v2\/posts\/109181","targetHints":{"allow":["GET"]}}],"collection":[{"href":"https:\/\/cooltivarte.com\/portal\/wp-json\/wp\/v2\/posts"}],"about":[{"href":"https:\/\/cooltivarte.com\/portal\/wp-json\/wp\/v2\/types\/post"}],"author":[{"embeddable":true,"href":"https:\/\/cooltivarte.com\/portal\/wp-json\/wp\/v2\/users\/162"}],"replies":[{"embeddable":true,"href":"https:\/\/cooltivarte.com\/portal\/wp-json\/wp\/v2\/comments?post=109181"}],"version-history":[{"count":2,"href":"https:\/\/cooltivarte.com\/portal\/wp-json\/wp\/v2\/posts\/109181\/revisions"}],"predecessor-version":[{"id":109185,"href":"https:\/\/cooltivarte.com\/portal\/wp-json\/wp\/v2\/posts\/109181\/revisions\/109185"}],"wp:featuredmedia":[{"embeddable":true,"href":"https:\/\/cooltivarte.com\/portal\/wp-json\/wp\/v2\/media\/109183"}],"wp:attachment":[{"href":"https:\/\/cooltivarte.com\/portal\/wp-json\/wp\/v2\/media?parent=109181"}],"wp:term":[{"taxonomy":"category","embeddable":true,"href":"https:\/\/cooltivarte.com\/portal\/wp-json\/wp\/v2\/categories?post=109181"},{"taxonomy":"post_tag","embeddable":true,"href":"https:\/\/cooltivarte.com\/portal\/wp-json\/wp\/v2\/tags?post=109181"}],"curies":[{"name":"wp","href":"https:\/\/api.w.org\/{rel}","templated":true}]}}