{"id":109052,"date":"2024-12-17T14:25:44","date_gmt":"2024-12-17T17:25:44","guid":{"rendered":"https:\/\/cooltivarte.com\/portal\/?p=109052"},"modified":"2024-12-17T20:34:33","modified_gmt":"2024-12-17T23:34:33","slug":"innova-temporada-2025","status":"publish","type":"post","link":"https:\/\/cooltivarte.com\/portal\/innova-temporada-2025\/","title":{"rendered":"Innova &#8211; TEMPORADA 2025"},"content":{"rendered":"<p><img fetchpriority=\"high\" decoding=\"async\" class=\"aligncenter wp-image-109053 size-large\" title=\"Inauguraci\u00f3n 2 de enero La Padula, Muscio, Camnitzer, Goldwasser\" src=\"https:\/\/cooltivarte.com\/portal\/wp-content\/uploads\/2024\/12\/Captura-de-pantalla-2024-12-17-141425-1024x760.jpg\" alt=\"Inauguraci\u00f3n 2 de enero La Padula, Muscio, Camnitzer, Goldwasser\" width=\"1024\" height=\"760\" srcset=\"https:\/\/cooltivarte.com\/portal\/wp-content\/uploads\/2024\/12\/Captura-de-pantalla-2024-12-17-141425-1024x760.jpg 1024w, https:\/\/cooltivarte.com\/portal\/wp-content\/uploads\/2024\/12\/Captura-de-pantalla-2024-12-17-141425-300x223.jpg 300w, https:\/\/cooltivarte.com\/portal\/wp-content\/uploads\/2024\/12\/Captura-de-pantalla-2024-12-17-141425-768x570.jpg 768w, https:\/\/cooltivarte.com\/portal\/wp-content\/uploads\/2024\/12\/Captura-de-pantalla-2024-12-17-141425.jpg 1075w\" sizes=\"(max-width: 1024px) 100vw, 1024px\" \/><\/p>\n<p>&nbsp;<\/p>\n<p>&nbsp;<\/p>\n<p><strong><span class=\"x1lliihq x1plvlek xryxfnj x1n2onr6 x1ji0vk5 x18bv5gf x193iq5w xeuugli x1fj9vlw x13faqbe x1vvkbs x1s928wv xhkezso x1gmr53x x1cpjm7i x1fgarty x1943h6x x1i0vuye xvs91rp x1s688f x5n08af x10wh9bi x1wdrske x8viiok x18hxmgj\" dir=\"auto\">Innova Art Space<\/span><\/strong><\/p>\n<p>&nbsp;<\/p>\n<p><b>TEMPORADA 2025<\/b>&nbsp;&nbsp;<\/p>\n<p>&nbsp;&nbsp;<\/p>\n<p><strong><i>2 \u2013 23 de enero<\/i><\/strong><\/p>\n<p><strong>PABLO LA PADULA<\/strong><\/p>\n<p><strong>El Lenguaje del Humo<\/strong><\/p>\n<p>&nbsp;<\/p>\n<p>En el albor de la humanidad a trav\u00e9s de la domesticaci\u00f3n del fuego el <i>homo sapiens<\/i> devino ser humano y la materia transformada por su toque, en artefacto&nbsp; cultural. Lo primero que hicimos con ese fuego hace 40 mil a\u00f1os fue dejar nuestra huella en la pared de piedra en clave de autorretrato junto tambi\u00e9n a la representaci\u00f3n de nuestros hermanos de caverna: los bisontes y mamuts, entre otros.&nbsp;<\/p>\n<p>&nbsp;<\/p>\n<p>Hoy la caverna ya es de concreto, metal y vidrio, y los bisontes hoy ya se hallan transmutados por la abstracci\u00f3n de la geometr\u00eda en el espacio, donde el sint\u00e9tico lenguaje matem\u00e1tico funciona como intelecci\u00f3n de lo viviente. As\u00ed del arte surge la ciencia.&nbsp;<\/p>\n<p>&nbsp;<\/p>\n<p><b><i>El Lenguaje del Humo<\/i><\/b> traza un arco personal con el encuentro primigenio del fuego y el carbono como un puente po\u00e9tico de autoconocimiento art\u00edstico: nuestro cuerpo, lo vegetal que nos acompa\u00f1a en nuestro camino cotidiano y un intento de b\u00fasqueda de un propio alfabeto visual a partir del estricto uso del humo que se desprende de una vela para afrontar la inmensidad del tiempo existencial.&nbsp;<\/p>\n<p>&nbsp;<\/p>\n<p>Me gusta pensar esta obra como arte rupestre contempor\u00e1neo, urbano&#8230;en di\u00e1logo inclusive con la sombras de aquellos insectos que en los albores de c\u00e1mbrico comenzaron su vuelo cuyo eco reverbera a\u00fan en nuestro presente. Me gusta tambi\u00e9n pensar en una posible auto-ontogenia art\u00edstica que r\u00e9plica especulativamente una posible filogenia del arte como desarrollo de un lenguaje perceptivo que no es estrictamente racional, donde toda intuitiva invenci\u00f3n podr\u00eda ser tan solo una inconsciente recapitulaci\u00f3n y eco de lo ya vivido a lo largo de nuestro milenario andar sobre la tierra.&nbsp;<\/p>\n<p>&nbsp;<\/p>\n<p>Siento, luego pienso.<\/p>\n<p>&nbsp;<\/p>\n<p><b>Pablo La Padula<\/b><\/p>\n<p>&nbsp;<\/p>\n<p><b><i>Bio<\/i><\/b><\/p>\n<p>Buenos Aires, 2 de julio de 1966.&nbsp; Es artista visual, Doctor y Licenciado en Ciencias Biol\u00f3gicas, Facultad de Ciencias Exactas y Naturales, Universidad de Buenos Aires (UBA). Es investigador del Instituto A. Taqu\u00edni de Investigaciones en Medicina Traslacional (UBA-CONICET). Consejero Cultural de la Ciudad de Buenos Aires, Ministerio de Cultura (2019-2020). Director de la revista CIENCIA HOY y CIENCIA HOY PARA NI\u00d1OS y Asesor Acad\u00e9mico del Centro de Arte y Naturaleza, Museo de la Universidad Nacional de Tres de Febrero (UNTREF-MUNTREF). Su trabajo art\u00edstico indaga sobre las formas y relaciones que la humanidad ha establecido con la naturaleza a lo largo de su historia como modo de intelecci\u00f3n en clave visual con el otro diferente. Su obra ha sido recientemente rese\u00f1ada en revistas internacionales como Art Forum, Sculpture Magazine y Glass Art Society-GASNEWS. Cabe destacar su residencia en Port Tonic art Center, Gulf de Saint Tropez, Francia (2019) y su exhibici\u00f3n individual Stone View en Miranda Bosch Gallery New York, (2019-2020) y su muestra antol\u00f3gica Transhumo en el Museo de Arte Contempor\u00e1neo de la Ciudad de Buenos Aires con la curadur\u00eda de Eduardo Stupia. (2023) Su obra integra las colecciones del Museo de Arte Moderno (MAMBA) y del Museo de Arte Contempor\u00e1neo (MACBA), ambos de la Ciudad de Buenos Aires, y ha sido expuesta en instituciones como MALBA, PROA, Fortabat, MACBA, Fondo Nacional de la Artes, Fundaci\u00f3n Klemm, Centro Cultural Recoleta, Centro Cultural General San Mart\u00edn, Palais de Glace, Centro Cultural Rojas, Centro Cultural Kirchner entre otros. Desarrolla una activa plataforma interdisciplinaria entre arte, ciencia y naturaleza en instituciones como&nbsp; MNBA, ANBA, MALBA, MAMBA, MACBA, CCK, PROA, FLACSO, Centro Cultural de la Ciencia, UBA, UNSAM, UNTREF-MUNTREF, entre otras.<\/p>\n<p><i>MNBA: Museo NAcional de Bellas Artes (Argentina);ANBA: Academia Nacional de Bellas Artes (Arg); MAMBA: Museo de arte Moderno de la Ciudad de Buenos Aires; MACBA: Museo de Arte Contempor\u00e1neo de la Ciudad de Buenos Aires; CCK: Centro Cultural Kirchner; UBA: Universidad de Buenos Aires; UNSAM: Universidad Nacional de San Mart\u00edn; UNTREF: Universidad Nacional de Tres de Febrero.<\/i><\/p>\n<p>&nbsp;<\/p>\n<p><a href=\"https:\/\/pablolapa.wordpress.com\/\">https:\/\/pablolapa.wordpress.com\/<\/a><\/p>\n<p><a href=\"https:\/\/www.instagram.com\/pablo_la_padula\/\">https:\/\/www.instagram.com\/pablo_la_padula\/<\/a><\/p>\n<p>&nbsp;<\/p>\n<p><strong><i>2 \u2013 23 de enero<\/i><\/strong><\/p>\n<p><strong>SILVANA MUSCIO<\/strong><\/p>\n<p><strong>Destellos \u2013 Estudio Abierto<\/strong><\/p>\n<p>&nbsp;<\/p>\n<p>En esta intervenci\u00f3n fotogr\u00e1fica, presento una constelaci\u00f3n de fotograf\u00edas de una naturaleza cercana y afectiva. Instant\u00e1neas de mis recorridos cotidianos por paisajes naturales y urbanos, todas est\u00e1n ligadas a la intuici\u00f3n y al asombro.<\/p>\n<p>&nbsp;<\/p>\n<p>Camino, observo, aprecio la naturaleza sublime, esa que crece sin esfuerzo.&nbsp; Retrato los fen\u00f3menos naturales donde la luz es siempre la principal aliada en la creaci\u00f3n de las formas: claroscuros que resplandecen en un verde lleno de vida, recortes geom\u00e9tricos en expansi\u00f3n espacial de ritmo y color.<\/p>\n<p>&nbsp;<\/p>\n<p>En un sentido m\u00e1s amplio, la fotograf\u00eda me permite ejercer una mirada amorosa primero sobre el follaje, los r\u00edos, la niebla, las ciudades que recorro y luego sobre el entorno en el que vivo: crea ese lazo invisible entre lo que nos conmueve en el paisaje natural y en las im\u00e1genes que nos acompa\u00f1an en nuestro h\u00e1bitat cotidiano.<\/p>\n<p>&nbsp;<\/p>\n<p>Intervenir significa &#8220;venir a ponerse entre dos o m\u00e1s cosas&#8221;, entre el exterior y nuestro habitar m\u00e1s \u00edntimo. Viene a reforzar el acto fotogr\u00e1fico como el v\u00ednculo entre la realidad exterior y su representaci\u00f3n art\u00edstica.&nbsp;<\/p>\n<p>&nbsp;<\/p>\n<p>En esa convivencia \u00edntima con la obra de arte, como dice Kandinsky, asumir la posibilidad de penetrar en ella \u201cy vivir sus pulsaciones con sentido pleno\u201d. Y en la contemplaci\u00f3n de la naturaleza de vida representada en cada una de estas fotograf\u00edas, tomar conciencia de que somos parte del ciclo vital \u00fanico y universal.&nbsp;<\/p>\n<p>&nbsp;<\/p>\n<p><b>Silvana Muscio<\/b><\/p>\n<p>&nbsp;<\/p>\n<p>Artista visual. Licenciada en Ciencias de la Computaci\u00f3n, Facultad de Ciencias Exactas y Naturales, Universidad de Buenos Aires (UBA). Diplomada en Comunicaci\u00f3n para la Gesti\u00f3n del Cambio y mag\u00edster en Gesti\u00f3n de la Comunicaci\u00f3n en las Organizaciones (Universidad Austral). Especialista en gesti\u00f3n \u00e1gil de proyectos con desarrollo de formatos de innovaci\u00f3n y colaboraci\u00f3n abierta para gesti\u00f3n del conocimiento y de la producci\u00f3n art\u00edstica transdisciplinar, con foco en la inclusi\u00f3n social. Directora art\u00edstica en Inspirad@s, organizaci\u00f3n canadiense dedicada a la promoci\u00f3n del arte y literatura&nbsp; latinoamericana, contribuyendo al intercambio cultural entre pa\u00edses de habla hispana.<\/p>\n<p>&nbsp;<\/p>\n<p>Desde 2004 ha participado en varias exposiciones colectivas e individuales en instituciones p\u00fablicas y privadas, entre ellas, Ungallery (Argentina), Centro Cultural Rojas (Argentina), Centro Cultural General San Mart\u00edn (Argentina), Appart Paris (Francia), Portal de Luz (Uruguay), Museo de las Mujeres (Costa Rica), Dacil Art Gallery (Argentina), The Pool NYC- EyeVGallery (Mil\u00e1n), Yeru\u00e1 (Argentina) &nbsp; y en las ferias de BAPHOTO y ArteBA (Argentina), PhotoBasel (Suiza),&nbsp; Zona Maco (M\u00e9xico) y Parte (Brasil),&nbsp; Su serie fotogr\u00e1fica A una casa de Rosas no te acerques&nbsp; fue publicada por la revista internacional Zoom Magazine. Particip\u00f3 de la residencia art\u00edstica Portal de Luz en Uruguay&nbsp; en las ediciones 2018 y 2023.&nbsp;<\/p>\n<p>&nbsp;<\/p>\n<p>Entre los proyectos colaborativos y territoriales y vinculado con la preservaci\u00f3n del acervo ling\u00fc\u00edstico-cultural, se destaca su participaci\u00f3n en \u201cPalabras Madres\u201d (Buenos Aires 2023),guiando&nbsp; a los estudiantes universitarios canadienses (Spanish for Community, Universidad de British Columbia, Canad\u00e1)&nbsp; para su producci\u00f3n visual en territorios ind\u00edgenas relacionado con su trabajo de traducci\u00f3n de poes\u00eda ind\u00edgena mapuches (Argentina y Chile) y Mi\u2019kmaq (Canad\u00e1). Por otra parte en \u201cEncuentro de Intercambio Argentina-Canad\u00e1-Paraguay\u201d (2024) representa a Inspiradas, en el armado de redes art\u00edsticas colaborativas en el marco de las jornadas \u201cLa palabra ind\u00edgena\u201d, Feria del Libro de Buenos Aires, en el Decenio Internacional de las Lenguas Ind\u00edgenas declarado por la UNESCO.Respecto de los proyectos de compromiso social se destacan, la creaci\u00f3n de&nbsp; \u201cLa vuelta a\u2026\u201d , proyecto m\u00faltiple que promueve el uso de la fotograf\u00eda como medio para la vinculaci\u00f3n afectiva con el territorio que habitamos. En 2016, la experiencia es realizada en \u00e1mbito de las escuelas p\u00fablicas bajo el concepto de \u201cescuela abierta\u201d con el fin de estimular el integraci\u00f3n y la participaci\u00f3n entre los alumnos, madres, padres y docentes, afianzando los v\u00ednculos de la comunidad, su sentido de pertenencia y afecto al lugar donde concurren diariamente; \u201cRat\u00f3n inspirado\u201d (2021-2022)&nbsp; Proyecto fotogr\u00e1fico desarrollado en barrios vulnerables de la ciudad de Medell\u00edn, Colombia, mediante la gesti\u00f3n simult\u00e1nea de 4 bibliotecas populares de la Fundaci\u00f3n Rat\u00f3n de Biblioteca, organizaci\u00f3n que promueve la lectura e integraci\u00f3n comunitaria.<\/p>\n<p>&nbsp;<\/p>\n<p>Es parte de Proyecto Trasborde, colectivo de artistas mujeres, que, a trav\u00e9s de diversas acciones art\u00edsticas, visibilizan a otras mujeres que trabajan para la comunidad a la que pertenecen. Tambi\u00e9n forma parte de La Gran Paternal, iniciativa autogestiva e independiente de artistas que abren sus estudios en Buenos Aires, para desarrollar diversas iniciativas art\u00edsticas y barriales orientadas a la comunidad.<\/p>\n<p>&nbsp;<\/p>\n<p>Sus obras integran varias colecciones nacionales e internacionales. Vive y trabaja en Buenos Aires.<\/p>\n<p>&nbsp;<\/p>\n<p><strong><i>31 enero \u2013 23 de febrero<\/i><\/strong><\/p>\n<p><strong>LUIS CAMNITZER<\/strong><\/p>\n<p><strong>\u201cAntolog\u00eda de las Playas del Este\u201d<\/strong><\/p>\n<p>&nbsp;<\/p>\n<p>Es una obra nost\u00e1lgica dedicada m\u00e1s que a la ausencia, a la no-presencia y a la imposibilidad. Las im\u00e1genes de las playas registran playas que no existen. Fueron \u201cimaginadas\u201d por aplicaciones de inteligencia artificial y seleccionadas de acuerdo a como encajan en una memoria, que incompleta,&nbsp; aqu\u00ed se documenta como un recuerdo fiel que no existe. La \u201cmemoria artificial\u201d se enfrenta as\u00ed a la contribuci\u00f3n del p\u00fablico: documentos fotogr\u00e1ficos de la arena real que en su conjunto construyen una nueva playa, mucho m\u00e1s real, pero igualmente ficticia.\u201d<\/p>\n<p><b>Luis Camnitzer<\/b><\/p>\n<p>2025<\/p>\n<p>&nbsp;<\/p>\n<p><b>Bio<\/b><\/p>\n<p>Es profesor em\u00e9rito de la State University of New York College en Old Westbury. Represent\u00f3 a Uruguay en la 43\u00aa Bienal de Venecia en 1988 y ha expuesto obras en varias bienales, entre ellas, varias ediciones de la Bienal de La Habana, la Bienal de Whitney en 2000 y Documenta 11 en 2002. En 2018, una retrospectiva de su obra fue presentada en el Museo Reina Sof\u00eda. Sus obras est\u00e1n presentes en la colecci\u00f3n de m\u00e1s de 45 museos y est\u00e1 representado por Alexander Gray Associates, de Nueva York. Fue curador pedag\u00f3gico de la 6\u00aa Bienal del Mercosur (2007), Porto Alegre; y curador del Programa de Visualizaci\u00f3n, Drawing Center, Nueva York. En 1999, coorganiz\u00f3 la exposici\u00f3n Global Conceptualism: Points of Origin, 1950s\u20131980s en el Queens Museum, Nueva York, junto con Jane Farver y Rachel Weiss.<\/p>\n<p>&nbsp;<\/p>\n<p><strong><i>31 enero \u2013 23 de febrero<\/i><\/strong><\/p>\n<p><strong>GERARDO GOLDWASSER&nbsp;<\/strong><\/p>\n<p><strong>Memorial<\/strong><\/p>\n<p>&nbsp;<\/p>\n<p>Goldwasser viene trabajando con el manual de sastrer\u00eda utilizado por su abuelo en el campo de concentraci\u00f3n de Buchenwald, Alemania, erigido en 1937 cerca de Weimar bajo el r\u00e9gimen del nacionalsocialismo alem\u00e1n, &#8220;cuando confeccion\u00f3 uniformes nazis para poder sobrevivir&#8221;. Explica que su &#8220;trabajo vincula estos escenarios: la sastrer\u00eda, los afectos, la violencia, la memoria y el arte&#8221;.<\/p>\n<p>La definici\u00f3n de trabajar desde la pr\u00e1ctica art\u00edstica sobre el oficio de sastre surgi\u00f3 en los 90 cuando su padre encontr\u00f3 los manuales de confecci\u00f3n utlizados por su abuelo, de los cuales estudi\u00f3 &#8220;sus contenidos&#8221; convirti\u00e9ndose &#8220;en materia prima&#8221; de su pr\u00e1ctica art\u00edstica hasta la fecha, cuenta Goldwasser.<\/p>\n<p>&#8220;Tiene cap\u00edtulos extensos de como confeccionar uniformes, y los referidos a la confecci\u00f3n de otras indumentarias son m\u00e1s cortos&#8221;. Y agrega que su inter\u00e9s estuvo en &#8220;reflexionar en varios niveles&#8221;.<\/p>\n<p>Por un lado observar los &#8220;esquemas\/siluetas\/dibujos muy precisos de instrucciones para la elaboraci\u00f3n de moldes de uniformes, y por otro la interpretaci\u00f3n de los textos del alem\u00e1n al espa\u00f1ol que hac\u00edamos con mi familia, donde todos esos contenidos explicaban c\u00f3mo realizar un oficio, pero tambi\u00e9n el sentir de la violencia, dado que de la lectura se desprend\u00eda que en algunos significados no hab\u00eda una simple instrucci\u00f3n, sino una orden&#8221;, afirma.<\/p>\n<p>&#8220;Yo tenia un peque\u00f1o estudio en la planta alta de la casa de mis abuelos y en la planta baja funcionaba el taller, y en todo el resto de la vivienda familiar. Entonces, entre subidas y bajadas, proyectamos junto con mi padre y mi t\u00edo, diferentes obras, utilizando como elementos protagonistas los de la sastrer\u00eda: los patrones, los cortes, las telas, y procedimientos utilizados&#8221;, explica.<\/p>\n<p>&#8220;Tuve desde aquellos a\u00f1os, diferentes v\u00ednculos con la memoria. En aquellos tiempos, los materiales encontrados, m\u00e1s los relatos familiares, generaron un grupo de obras&#8221;. cuenta, para luego acotar que le quedan ahora &#8220;sus herramientas, objetos y los recuerdos de producir juntos, intercambiar e incorporar oficios o profesiones con una naturalidad maravillosa&#8221;.<\/p>\n<p>&nbsp;<\/p>\n<p><b>Bio<\/b><\/p>\n<p>Estudi\u00f3 en el Centro de Expresi\u00f3n Art\u00edstica, dirigido por Nelson Ramos.&nbsp; Es profesor adjunto de la Licenciatura de Comunicaci\u00f3n Visual de la Facultad de Arquitectura, Dise\u00f1o y Urbanismo de la Universidad de la Rep\u00fablica.&nbsp;Obtiene la beca Fondo de Est\u00edmulo a la Formaci\u00f3n y Creaci\u00f3n Art\u00edstica (FEFCA), Justino Zabala Mun\u00edz y los Fondos Concursables para la Cultura, ambas del Ministerio de Educaci\u00f3n y Cultura (2014 y 2015). Obtuvo la Beca Fundaci\u00f3n Pollock-Krasner, New York, (2001), el Segundo Premio en la II Bienal de Grabado del Mercosur, Fondo Nacional de las Artes, Buenos Aires, (2000), el Premio Paul C\u00e9zanne (1997) y el Gran Premio Bienarte III, Alianza Cultural Uruguay-Estados Unidos (1990-1992).&nbsp; En 1999, 2002 y 2003 Recibi\u00f3 el Primer Premio del Sal\u00f3n Nacional de Artes Visuales, Montevideo, Menci\u00f3n en el Museo de Arte Decorativo (Buenos Aires) el Primer Premio en la Cuarta Muestra de Artes Pl\u00e1sticas Nacional Coca Cola-Pluna, Montevideo (1989), y el Primer Premio en el Encuentro Internacional del C\u00f3mic, Badalona (1989).&nbsp; Ha realizado residencias en el Atelier Internationale du Fond Regional d\u2019Art Contemporain (FRAC) des Pays de la Loire, Nantes (1996) en Nueva York (Beca Bienarte III) (1992), y en el taller de Ediciones Arte dos Gr\u00e1fico, Bogot\u00e1 (1999),&nbsp;<i>El viaje<\/i>, edici\u00f3n de libro, 18 artistas y poetas latinoamericanos jud\u00edos, Asociaci\u00f3n Venezolana-Israelita, Caracas.Represent\u00f3 a Uruguay en diversas bienales de artes visuales, entre las que se destacan: 59\u00b0 Bienal de Venecia (2022); I Bienal Internacional de Arte de Panam\u00e1 (2013); IX Bienal Internacional de Cuenca (2007), II Bienal de Grabado del Mercosur, Buenos Aires (2000), VI Bienal de La Habana (1997), y I Bienal de Artes Visuales del Mercosur, Porto Alegre (1997). Desde 1985 ha expuesto individual y colectivamente en Uruguay, Argentina, Colombia, Brasil, Cuba, Francia, Estados Unidos, Espa\u00f1a, Panam\u00e1 y Ecuador.<\/p>\n<p>&nbsp;<\/p>\n<p>&nbsp;<\/p>\n<p>&nbsp;<\/p>\n<p>Vernissages: viernes 6 y 20 de enero \/ viernes 3 y 12 de febrero 20:30 a 23:30<br \/>\nVisitas guiadas durante la semana con cita previa<br \/>\nWhat\u2019s app: +34 634 561 777 Tel: 099 990 9358<br \/>\nwww.espacioinnova.com<br \/>\n@innovaartspace<br \/>\nRuta 10, km 166,4 y calle 9<br \/>\nBalneario Buenos Aires<\/p>\n<p>&nbsp;<\/p>\n<p>&nbsp;<\/p>\n","protected":false},"excerpt":{"rendered":"<p>En el albor de la humanidad a trav\u00e9s de la domesticaci\u00f3n del fuego el homo sapiens devino ser humano y la materia transformada por su toque, en artefacto\u00a0 cultural. Lo primero que hicimos con ese fuego hace 40 mil a\u00f1os fue dejar nuestra huella en la pared de piedra en clave de autorretrato junto tambi\u00e9n a la representaci\u00f3n de nuestros hermanos de caverna: los bisontes y mamuts, entre otros.\u00a0<\/p>\n","protected":false},"author":8,"featured_media":109053,"comment_status":"closed","ping_status":"closed","sticky":false,"template":"","format":"standard","meta":{"om_disable_all_campaigns":false,"ngg_post_thumbnail":0,"jnews-multi-image_gallery":[],"jnews_single_post":{"subtitle":"Inauguraci\u00f3n 2 de enero La Padula, Muscio, Camnitzer, Goldwasser","format":"standard","override":[{"template":"4","parallax":"1","layout":"right-sidebar","sidebar":"default-sidebar","second_sidebar":"default-sidebar","sticky_sidebar":"1","share_position":"bottom","share_float_style":"share-monocrhome","show_share_counter":"1","show_view_counter":"1","show_featured":"1","show_post_meta":"1","show_post_author":"1","show_post_author_image":"1","show_post_date":"1","post_date_format":"default","post_date_format_custom":"Y\/m\/d","show_post_category":"1","post_reading_time_wpm":"300","post_calculate_word_method":"str_word_count","zoom_button_out_step":"2","zoom_button_in_step":"3","show_post_tag":"1","show_prev_next_post":"1","show_popup_post":"1","number_popup_post":"1","show_author_box":"1","show_post_related":"0","show_inline_post_related":"0"}],"image_override":[{"single_post_thumbnail_size":"no-crop","single_post_gallery_size":"crop-500"}],"trending_post_position":"meta","trending_post_label":"Trending","sponsored_post_label":"Sponsored by","disable_ad":"0"},"jnews_primary_category":[],"jnews_social_meta":[],"jnews_override_counter":{"view_counter_number":"0","share_counter_number":"0","like_counter_number":"0","dislike_counter_number":"0"},"footnotes":""},"categories":[52],"tags":[15578,23442,7485],"class_list":["post-109052","post","type-post","status-publish","format-standard","has-post-thumbnail","hentry","category-artista","tag-gerardo-goldwasser","tag-innova-art-space","tag-luis-camnitzer"],"yoast_head":"<!-- This site is optimized with the Yoast SEO plugin v27.4 - https:\/\/yoast.com\/product\/yoast-seo-wordpress\/ -->\n<title>Innova - TEMPORADA 2025 - Cooltivarte Portal<\/title>\n<meta name=\"description\" content=\"l jueves 2 de enero con Pablo La Padula y Silvana Muscio.\" \/>\n<meta name=\"robots\" content=\"index, follow, max-snippet:-1, max-image-preview:large, max-video-preview:-1\" \/>\n<link rel=\"canonical\" href=\"https:\/\/cooltivarte.com\/portal\/innova-temporada-2025\/\" \/>\n<meta property=\"og:locale\" content=\"es_ES\" \/>\n<meta property=\"og:type\" content=\"article\" \/>\n<meta property=\"og:title\" content=\"Inauguraci\u00f3n 2 de enero La Padula, Muscio, Camnitzer, Goldwasser\" \/>\n<meta property=\"og:description\" content=\"l jueves 2 de enero con Pablo La Padula y Silvana Muscio.\" \/>\n<meta property=\"og:url\" content=\"https:\/\/cooltivarte.com\/portal\/innova-temporada-2025\/\" \/>\n<meta property=\"og:site_name\" content=\"Cooltivarte Portal\" \/>\n<meta property=\"article:publisher\" content=\"https:\/\/www.facebook.com\/cooltivartecom\/\" \/>\n<meta property=\"article:author\" content=\"https:\/\/www.facebook.com\/cooltivartecom\" \/>\n<meta property=\"article:published_time\" content=\"2024-12-17T17:25:44+00:00\" \/>\n<meta property=\"article:modified_time\" content=\"2024-12-17T23:34:33+00:00\" \/>\n<meta property=\"og:image\" content=\"https:\/\/cooltivarte.com\/portal\/wp-content\/uploads\/2024\/12\/Captura-de-pantalla-2024-12-17-141425.jpg\" \/>\n\t<meta property=\"og:image:width\" content=\"1075\" \/>\n\t<meta property=\"og:image:height\" content=\"798\" \/>\n\t<meta property=\"og:image:type\" content=\"image\/jpeg\" \/>\n<meta name=\"author\" content=\"Cooltivarte\" \/>\n<meta name=\"twitter:card\" content=\"summary_large_image\" \/>\n<meta name=\"twitter:title\" content=\"Inauguraci\u00f3n 2 de enero La Padula, Muscio, Camnitzer, Goldwasser %\" \/>\n<meta name=\"twitter:description\" content=\"l jueves 2 de enero con Pablo La Padula y Silvana Muscio.\" \/>\n<meta name=\"twitter:image\" content=\"https:\/\/cooltivarte.com\/portal\/wp-content\/uploads\/2024\/12\/Captura-de-pantalla-2024-12-17-141425.jpg\" \/>\n<meta name=\"twitter:creator\" content=\"@https:\/\/x.com\/obolocultural\" \/>\n<meta name=\"twitter:site\" content=\"@obolocultural\" \/>\n<meta name=\"twitter:label1\" content=\"Escrito por\" \/>\n\t<meta name=\"twitter:data1\" content=\"Cooltivarte\" \/>\n\t<meta name=\"twitter:label2\" content=\"Tiempo de lectura\" \/>\n\t<meta name=\"twitter:data2\" content=\"11 minutos\" \/>\n<!-- \/ Yoast SEO plugin. -->","yoast_head_json":{"title":"Innova - TEMPORADA 2025 - Cooltivarte Portal","description":"l jueves 2 de enero con Pablo La Padula y Silvana Muscio.","robots":{"index":"index","follow":"follow","max-snippet":"max-snippet:-1","max-image-preview":"max-image-preview:large","max-video-preview":"max-video-preview:-1"},"canonical":"https:\/\/cooltivarte.com\/portal\/innova-temporada-2025\/","og_locale":"es_ES","og_type":"article","og_title":"Inauguraci\u00f3n 2 de enero La Padula, Muscio, Camnitzer, Goldwasser","og_description":"l jueves 2 de enero con Pablo La Padula y Silvana Muscio.","og_url":"https:\/\/cooltivarte.com\/portal\/innova-temporada-2025\/","og_site_name":"Cooltivarte Portal","article_publisher":"https:\/\/www.facebook.com\/cooltivartecom\/","article_author":"https:\/\/www.facebook.com\/cooltivartecom","article_published_time":"2024-12-17T17:25:44+00:00","article_modified_time":"2024-12-17T23:34:33+00:00","og_image":[{"width":1075,"height":798,"url":"https:\/\/cooltivarte.com\/portal\/wp-content\/uploads\/2024\/12\/Captura-de-pantalla-2024-12-17-141425.jpg","type":"image\/jpeg"}],"author":"Cooltivarte","twitter_card":"summary_large_image","twitter_title":"Inauguraci\u00f3n 2 de enero La Padula, Muscio, Camnitzer, Goldwasser %","twitter_description":"l jueves 2 de enero con Pablo La Padula y Silvana Muscio.","twitter_image":"https:\/\/cooltivarte.com\/portal\/wp-content\/uploads\/2024\/12\/Captura-de-pantalla-2024-12-17-141425.jpg","twitter_creator":"@https:\/\/x.com\/obolocultural","twitter_site":"@obolocultural","twitter_misc":{"Escrito por":"Cooltivarte","Tiempo de lectura":"11 minutos"},"schema":{"@context":"https:\/\/schema.org","@graph":[{"@type":"NewsArticle","@id":"https:\/\/cooltivarte.com\/portal\/innova-temporada-2025\/#article","isPartOf":{"@id":"https:\/\/cooltivarte.com\/portal\/innova-temporada-2025\/"},"author":{"name":"Cooltivarte","@id":"https:\/\/cooltivarte.com\/portal\/#\/schema\/person\/ec2a4f4e71b740d0c559c0ab9a157e19"},"headline":"Innova &#8211; TEMPORADA 2025","datePublished":"2024-12-17T17:25:44+00:00","dateModified":"2024-12-17T23:34:33+00:00","mainEntityOfPage":{"@id":"https:\/\/cooltivarte.com\/portal\/innova-temporada-2025\/"},"wordCount":2486,"publisher":{"@id":"https:\/\/cooltivarte.com\/portal\/#organization"},"image":{"@id":"https:\/\/cooltivarte.com\/portal\/innova-temporada-2025\/#primaryimage"},"thumbnailUrl":"https:\/\/cooltivarte.com\/portal\/wp-content\/uploads\/2024\/12\/Captura-de-pantalla-2024-12-17-141425.jpg","keywords":["Gerardo Goldwasser","Innova Art Space","LUIS CAMNITZER"],"articleSection":["Arte"],"inLanguage":"es-AR"},{"@type":"WebPage","@id":"https:\/\/cooltivarte.com\/portal\/innova-temporada-2025\/","url":"https:\/\/cooltivarte.com\/portal\/innova-temporada-2025\/","name":"Innova - TEMPORADA 2025 - Cooltivarte Portal","isPartOf":{"@id":"https:\/\/cooltivarte.com\/portal\/#website"},"primaryImageOfPage":{"@id":"https:\/\/cooltivarte.com\/portal\/innova-temporada-2025\/#primaryimage"},"image":{"@id":"https:\/\/cooltivarte.com\/portal\/innova-temporada-2025\/#primaryimage"},"thumbnailUrl":"https:\/\/cooltivarte.com\/portal\/wp-content\/uploads\/2024\/12\/Captura-de-pantalla-2024-12-17-141425.jpg","datePublished":"2024-12-17T17:25:44+00:00","dateModified":"2024-12-17T23:34:33+00:00","description":"l jueves 2 de enero con Pablo La Padula y Silvana Muscio.","breadcrumb":{"@id":"https:\/\/cooltivarte.com\/portal\/innova-temporada-2025\/#breadcrumb"},"inLanguage":"es-AR","potentialAction":[{"@type":"ReadAction","target":["https:\/\/cooltivarte.com\/portal\/innova-temporada-2025\/"]}]},{"@type":"ImageObject","inLanguage":"es-AR","@id":"https:\/\/cooltivarte.com\/portal\/innova-temporada-2025\/#primaryimage","url":"https:\/\/cooltivarte.com\/portal\/wp-content\/uploads\/2024\/12\/Captura-de-pantalla-2024-12-17-141425.jpg","contentUrl":"https:\/\/cooltivarte.com\/portal\/wp-content\/uploads\/2024\/12\/Captura-de-pantalla-2024-12-17-141425.jpg","width":1075,"height":798,"caption":"Inauguraci\u00f3n 2 de enero La Padula, Muscio, Camnitzer, Goldwasser"},{"@type":"BreadcrumbList","@id":"https:\/\/cooltivarte.com\/portal\/innova-temporada-2025\/#breadcrumb","itemListElement":[{"@type":"ListItem","position":1,"name":"Portada","item":"https:\/\/cooltivarte.com\/portal\/"},{"@type":"ListItem","position":2,"name":"Innova &#8211; TEMPORADA 2025"}]},{"@type":"WebSite","@id":"https:\/\/cooltivarte.com\/portal\/#website","url":"https:\/\/cooltivarte.com\/portal\/","name":"Cooltivarte Portal","description":"Arte, cultura y turismo para el mundo ...","publisher":{"@id":"https:\/\/cooltivarte.com\/portal\/#organization"},"potentialAction":[{"@type":"SearchAction","target":{"@type":"EntryPoint","urlTemplate":"https:\/\/cooltivarte.com\/portal\/?s={search_term_string}"},"query-input":{"@type":"PropertyValueSpecification","valueRequired":true,"valueName":"search_term_string"}}],"inLanguage":"es-AR"},{"@type":"Organization","@id":"https:\/\/cooltivarte.com\/portal\/#organization","name":"cooltivarte","url":"https:\/\/cooltivarte.com\/portal\/","logo":{"@type":"ImageObject","inLanguage":"es-AR","@id":"https:\/\/cooltivarte.com\/portal\/#\/schema\/logo\/image\/","url":"https:\/\/cooltivarte.com\/portal\/wp-content\/uploads\/2020\/04\/logo-cooltivarte-v2.png","contentUrl":"https:\/\/cooltivarte.com\/portal\/wp-content\/uploads\/2020\/04\/logo-cooltivarte-v2.png","width":851,"height":243,"caption":"cooltivarte"},"image":{"@id":"https:\/\/cooltivarte.com\/portal\/#\/schema\/logo\/image\/"},"sameAs":["https:\/\/www.facebook.com\/cooltivartecom\/","https:\/\/x.com\/obolocultural","https:\/\/www.instagram.com\/_cooltivarte_\/","https:\/\/www.linkedin.com\/company\/-bolocultural?reportsuccess=8zaNG1HwhPbAR9iQhZ5rfGeqz_vQFftHun0ZWU0Wy9vNemRJ8vtcKdJvzQfW8XagyOJSKg0XvfJ1dp","https:\/\/www.pinterest.com\/cooltivarte\/","https:\/\/cooltivarte.tumblr.com\/","https:\/\/www.tiktok.com\/@cooltivarte","https:\/\/www.youtube.com\/@PrensaCooltivarte"]},{"@type":"Person","@id":"https:\/\/cooltivarte.com\/portal\/#\/schema\/person\/ec2a4f4e71b740d0c559c0ab9a157e19","name":"Cooltivarte","image":{"@type":"ImageObject","inLanguage":"es-AR","@id":"https:\/\/cooltivarte.com\/portal\/wp-content\/uploads\/2014\/05\/logo-cooltivarte-120x120.jpg","url":"https:\/\/cooltivarte.com\/portal\/wp-content\/uploads\/2014\/05\/logo-cooltivarte-120x120.jpg","contentUrl":"https:\/\/cooltivarte.com\/portal\/wp-content\/uploads\/2014\/05\/logo-cooltivarte-120x120.jpg","caption":"Cooltivarte"},"description":"Somos COOLTIVARTE.COM. Un portal digital dedicado a difundir el acontecer art\u00edstico y cultural del Uruguay. Estamos en la vuelta desde el a\u00f1o 2003, y como evoluci\u00f3n del bolet\u00edn Obolo Cultural, nos encontramos abocados a apoyar a los artistas nacionales brind\u00e1ndoles un espacio de difusi\u00f3n. Creemos en la idea de utilizar la potencialidad que hoy d\u00eda nos otorga la web, para que la cultura uruguaya y sus creadores dispongan de una din\u00e1mica ventana, que los ponga en contacto entre s\u00ed y con el mundo. Somos COOLTIVARTE.COM y pretendemos configurarnos como un portal din\u00e1mico, entretenido y atento a los nuevos emprendimientos, que busque siempre la interacci\u00f3n con los artistas.","sameAs":["http:\/\/www.cooltivarte.com","https:\/\/www.facebook.com\/cooltivartecom","https:\/\/www.instagram.com\/_cooltivarte_\/","https:\/\/www.linkedin.com\/company\/-bolocultural","https:\/\/www.pinterest.com\/cooltivarte\/","https:\/\/x.com\/https:\/\/x.com\/obolocultural","https:\/\/www.youtube.com\/@PrensaCooltivarte","https:\/\/www.tumblr.com\/blog\/cooltivarte"],"url":"https:\/\/cooltivarte.com\/portal\/author\/cooltivarte\/"}]}},"_links":{"self":[{"href":"https:\/\/cooltivarte.com\/portal\/wp-json\/wp\/v2\/posts\/109052","targetHints":{"allow":["GET"]}}],"collection":[{"href":"https:\/\/cooltivarte.com\/portal\/wp-json\/wp\/v2\/posts"}],"about":[{"href":"https:\/\/cooltivarte.com\/portal\/wp-json\/wp\/v2\/types\/post"}],"author":[{"embeddable":true,"href":"https:\/\/cooltivarte.com\/portal\/wp-json\/wp\/v2\/users\/8"}],"replies":[{"embeddable":true,"href":"https:\/\/cooltivarte.com\/portal\/wp-json\/wp\/v2\/comments?post=109052"}],"version-history":[{"count":4,"href":"https:\/\/cooltivarte.com\/portal\/wp-json\/wp\/v2\/posts\/109052\/revisions"}],"predecessor-version":[{"id":109057,"href":"https:\/\/cooltivarte.com\/portal\/wp-json\/wp\/v2\/posts\/109052\/revisions\/109057"}],"wp:featuredmedia":[{"embeddable":true,"href":"https:\/\/cooltivarte.com\/portal\/wp-json\/wp\/v2\/media\/109053"}],"wp:attachment":[{"href":"https:\/\/cooltivarte.com\/portal\/wp-json\/wp\/v2\/media?parent=109052"}],"wp:term":[{"taxonomy":"category","embeddable":true,"href":"https:\/\/cooltivarte.com\/portal\/wp-json\/wp\/v2\/categories?post=109052"},{"taxonomy":"post_tag","embeddable":true,"href":"https:\/\/cooltivarte.com\/portal\/wp-json\/wp\/v2\/tags?post=109052"}],"curies":[{"name":"wp","href":"https:\/\/api.w.org\/{rel}","templated":true}]}}