{"id":108706,"date":"2024-12-02T09:22:54","date_gmt":"2024-12-02T12:22:54","guid":{"rendered":"https:\/\/cooltivarte.com\/portal\/?p=108706"},"modified":"2024-12-02T09:34:47","modified_gmt":"2024-12-02T12:34:47","slug":"museos-en-la-noche-2024","status":"publish","type":"post","link":"https:\/\/cooltivarte.com\/portal\/museos-en-la-noche-2024\/","title":{"rendered":"Museos en la Noche 2024"},"content":{"rendered":"<p><img fetchpriority=\"high\" decoding=\"async\" class=\"aligncenter wp-image-108708 size-full\" title=\"Museos en la Noche 2024 - 13 de diciembre desde las 19 horas\" src=\"https:\/\/cooltivarte.com\/portal\/wp-content\/uploads\/2024\/12\/museos-en-la-noche.png\" alt=\"Museos en la Noche 2024 - 13 de diciembre desde las 19 horas\" width=\"945\" height=\"532\" srcset=\"https:\/\/cooltivarte.com\/portal\/wp-content\/uploads\/2024\/12\/museos-en-la-noche.png 945w, https:\/\/cooltivarte.com\/portal\/wp-content\/uploads\/2024\/12\/museos-en-la-noche-300x169.png 300w, https:\/\/cooltivarte.com\/portal\/wp-content\/uploads\/2024\/12\/museos-en-la-noche-768x432.png 768w\" sizes=\"(max-width: 945px) 100vw, 945px\" \/><\/p>\n<p>&nbsp;<\/p>\n<p>&nbsp;<\/p>\n<p>La 19.\u00aa edici\u00f3n de Museos en la Noche se celebrar\u00e1 el pr\u00f3ximo viernes 13 de diciembre.&nbsp;<\/p>\n<p>Desde 2005, cada segundo viernes de diciembre se celebra Museos en la Noche, una oportunidad para la ciudadan\u00eda de vivir la experiencia de nuestros museos en un horario no habitual. Y una oportunidad para los museos de todo el pa\u00eds de acercarse a m\u00e1s y diferentes p\u00fablicos.<\/p>\n<p>Organizado por la Direcci\u00f3n Nacional de Cultura, Museos en la Noche convoca a museos de todo el pa\u00eds en una propuesta inclusiva y familiar. Su prop\u00f3sito es resaltar la riqueza del patrimonio cultural, las exposiciones y colecciones, creando una experiencia que une a personas de todas las edades y moviliza comunidades en todo el territorio nacional.<\/p>\n<p>Ese d\u00eda, los museos abren sus puertas en un horario no habitual, con actividades que comenzar\u00e1n a las 19 h y se extender\u00e1n hasta la medianoche.&nbsp;<\/p>\n<p>Museos de todo el pa\u00eds te esperan con propuestas gratuitas para disfrutar de una gran noche.<\/p>\n<p><strong>Apertura de Museos en la Noche&nbsp;\u00b7&nbsp;Viernes<\/strong>&nbsp;<strong>13&nbsp;de diciembre<\/strong>,&nbsp;<strong>18.30 h<\/strong><br \/>\nMuseo Figari Juan Carlos G\u00f3mez 1427, Montevideo.<\/p>\n<p>&nbsp;<\/p>\n<p><strong>Algunas de las propuestas que se podr\u00e1n disfrutar:<\/strong><\/p>\n<ul>\n<li>Apertura en el Museo Figari junto a la comparsa&nbsp;<strong>C1080<\/strong><\/li>\n<li><strong>Montevideo sonoro<\/strong>&nbsp;por&nbsp;varios museos:&nbsp;circuito musical inmersivo por la Ciudad Vieja, recorriendo barrios y calles a trav\u00e9s de relatos hist\u00f3ricos de las canciones vinculadas a cada lugar.<\/li>\n<li><strong>Ruta del Tango<\/strong>, del programa Rutas Culturales y Creativas, recorre monumentos, hitos o elementos singulares, referencias hist\u00f3ricas y vivenciales, musicales y literarias, junto a manifestaciones contempor\u00e1neas del tango como patrimonio vivo, a trav\u00e9s de la m\u00fasica, la danza y su poes\u00eda.<\/li>\n<li><strong>HybrID: <\/strong>interacci\u00f3n mediante inteligencia artificial entre el p\u00fablico y los estilos visuales de los museos.<\/li>\n<li>Puestos de <strong>serigraf\u00eda <\/strong>donde se podr\u00e1 estampar el logo de Museos en la Noche.<\/li>\n<li><strong><em>Mapping <\/em>interactivo:&nbsp;<\/strong>intervenci\u00f3n pl\u00e1stica a ser proyectada sobre una superficie de la fachada del museo.<\/li>\n<li><strong>Estaci\u00f3n de pintura<\/strong> con tinta fluo para llevarse de recuerdo.<\/li>\n<li><strong>Maquilladoras <\/strong>con tintas fluorescentes.<\/li>\n<li><strong>Ludoteca<\/strong><\/li>\n<li><strong>Proyecci\u00f3n de <em>mapping<\/em><\/strong><\/li>\n<li><strong>Recorridos en \u00f3mnibus:<\/strong> por el precio de un boleto de una hora se podr\u00e1n visitar varios museos<\/li>\n<li><strong>Circuito gastron\u00f3mico<\/strong><\/li>\n<\/ul>\n<p>&nbsp;<\/p>\n<p>&nbsp;<\/p>\n<p>&nbsp;<\/p>\n<p>&nbsp;<\/p>\n","protected":false},"excerpt":{"rendered":"<p>La 19.\u00aa edici\u00f3n de Museos en la Noche se celebrar\u00e1 el pr\u00f3ximo viernes 13 de diciembre.\u00a0<\/p>\n<p>Desde 2005, cada segundo viernes de diciembre se celebra Museos en la Noche, una oportunidad para la ciudadan\u00eda de vivir la experiencia de nuestros museos en un horario no habitual. Y una oportunidad para los museos de todo el pa\u00eds de acercarse a m\u00e1s y diferentes p\u00fablicos.<\/p>\n<p>Organizado por la Direcci\u00f3n Nacional de Cultura, Museos en la Noche convoca a museos de todo el pa\u00eds en una propuesta inclusiva y familiar. Su prop\u00f3sito es resaltar la riqueza del patrimonio cultural, las exposiciones y colecciones, creando una experiencia que une a personas de todas las edades y moviliza comunidades en todo el territorio nacional.<\/p>\n<p>Ese d\u00eda, los museos abren sus puertas en un horario no habitual, con actividades que comenzar\u00e1n a las 19 h y se extender\u00e1n hasta la medianoche.\u00a0<\/p>\n<p>Museos de todo el pa\u00eds te esperan con propuestas gratuitas para disfrutar de una gran noche.<\/p>\n","protected":false},"author":8,"featured_media":108708,"comment_status":"closed","ping_status":"closed","sticky":false,"template":"","format":"standard","meta":{"om_disable_all_campaigns":false,"ngg_post_thumbnail":0,"jnews-multi-image_gallery":[],"jnews_single_post":{"subtitle":"13 de diciembre desde las 19 horas","format":"standard","override":[{"template":"4","parallax":"1","layout":"right-sidebar","sidebar":"default-sidebar","second_sidebar":"default-sidebar","sticky_sidebar":"1","share_position":"bottom","share_float_style":"share-monocrhome","show_share_counter":"1","show_view_counter":"1","show_featured":"1","show_post_meta":"1","show_post_author":"1","show_post_author_image":"1","show_post_date":"1","post_date_format":"default","post_date_format_custom":"Y\/m\/d","show_post_category":"1","post_reading_time_wpm":"300","post_calculate_word_method":"str_word_count","zoom_button_out_step":"2","zoom_button_in_step":"3","show_post_tag":"1","show_prev_next_post":"1","show_popup_post":"1","number_popup_post":"1","show_author_box":"1","show_post_related":"0","show_inline_post_related":"0"}],"image_override":[{"single_post_thumbnail_size":"no-crop","single_post_gallery_size":"crop-500"}],"trending_post_position":"meta","trending_post_label":"Trending","sponsored_post_label":"Sponsored by","disable_ad":"0"},"jnews_primary_category":[],"jnews_social_meta":[],"jnews_override_counter":{"view_counter_number":"0","share_counter_number":"0","like_counter_number":"0","dislike_counter_number":"0"},"footnotes":""},"categories":[6797],"tags":[18505,4166,81,1118,168,6919,1171,412,1120,23374,88],"class_list":["post-108706","post","type-post","status-publish","format-standard","has-post-thumbnail","hentry","category-museos","tag-actividades","tag-c1080","tag-cultura","tag-direccion-nacional-de-cultura","tag-montevideo","tag-montevideo-sonoro","tag-museo-figari","tag-museos","tag-museos-en-la-noche","tag-ruta-del-tango","tag-uruguay"],"yoast_head":"<!-- This site is optimized with the Yoast SEO plugin v27.5 - https:\/\/yoast.com\/product\/yoast-seo-wordpress\/ -->\n<title>Museos en la Noche 2024 - Cooltivarte Portal<\/title>\n<meta name=\"description\" content=\"Desde 2005, cada segundo viernes de diciembre se celebra Museos en la Noche, una oportunidad para la ciudadan\u00eda de vivir la experiencia de nuestros museos en un horario no habitual. Y una oportunidad para los museos de todo el pa\u00eds de acercarse a m\u00e1s y diferentes p\u00fablicos.\" \/>\n<meta name=\"robots\" content=\"index, follow, max-snippet:-1, max-image-preview:large, max-video-preview:-1\" \/>\n<link rel=\"canonical\" href=\"https:\/\/cooltivarte.com\/portal\/museos-en-la-noche-2024\/\" \/>\n<meta property=\"og:locale\" content=\"es_ES\" \/>\n<meta property=\"og:type\" content=\"article\" \/>\n<meta property=\"og:title\" content=\"Museos en la Noche 2024 - 13 de diciembre desde las 19 horas\" \/>\n<meta property=\"og:description\" content=\"Desde 2005, cada segundo viernes de diciembre se celebra Museos en la Noche, una oportunidad para la ciudadan\u00eda de vivir la experiencia de nuestros museos en un horario no habitual. Y una oportunidad para los museos de todo el pa\u00eds de acercarse a m\u00e1s y diferentes p\u00fablicos.\" \/>\n<meta property=\"og:url\" content=\"https:\/\/cooltivarte.com\/portal\/museos-en-la-noche-2024\/\" \/>\n<meta property=\"og:site_name\" content=\"Cooltivarte Portal\" \/>\n<meta property=\"article:publisher\" content=\"https:\/\/www.facebook.com\/cooltivartecom\/\" \/>\n<meta property=\"article:author\" content=\"https:\/\/www.facebook.com\/cooltivartecom\" \/>\n<meta property=\"article:published_time\" content=\"2024-12-02T12:22:54+00:00\" \/>\n<meta property=\"article:modified_time\" content=\"2024-12-02T12:34:47+00:00\" \/>\n<meta property=\"og:image\" content=\"https:\/\/cooltivarte.com\/portal\/wp-content\/uploads\/2024\/12\/museos-en-la-noche.png\" \/>\n\t<meta property=\"og:image:width\" content=\"945\" \/>\n\t<meta property=\"og:image:height\" content=\"532\" \/>\n\t<meta property=\"og:image:type\" content=\"image\/png\" \/>\n<meta name=\"author\" content=\"Cooltivarte\" \/>\n<meta name=\"twitter:card\" content=\"summary_large_image\" \/>\n<meta name=\"twitter:title\" content=\"Museos en la Noche 2024 - 13 de diciembre desde las 19 horas\" \/>\n<meta name=\"twitter:description\" content=\"Desde 2005, cada segundo viernes de diciembre se celebra Museos en la Noche, una oportunidad para la ciudadan\u00eda de vivir la experiencia de nuestros museos en un horario no habitual. Y una oportunidad para los museos de todo el pa\u00eds de acercarse a m\u00e1s y diferentes p\u00fablicos.\" \/>\n<meta name=\"twitter:image\" content=\"https:\/\/cooltivarte.com\/portal\/wp-content\/uploads\/2024\/12\/museos-en-la-noche.png\" \/>\n<meta name=\"twitter:creator\" content=\"@https:\/\/x.com\/obolocultural\" \/>\n<meta name=\"twitter:site\" content=\"@obolocultural\" \/>\n<meta name=\"twitter:label1\" content=\"Escrito por\" \/>\n\t<meta name=\"twitter:data1\" content=\"Cooltivarte\" \/>\n\t<meta name=\"twitter:label2\" content=\"Tiempo de lectura\" \/>\n\t<meta name=\"twitter:data2\" content=\"3 minutos\" \/>\n<!-- \/ Yoast SEO plugin. -->","yoast_head_json":{"title":"Museos en la Noche 2024 - Cooltivarte Portal","description":"Desde 2005, cada segundo viernes de diciembre se celebra Museos en la Noche, una oportunidad para la ciudadan\u00eda de vivir la experiencia de nuestros museos en un horario no habitual. Y una oportunidad para los museos de todo el pa\u00eds de acercarse a m\u00e1s y diferentes p\u00fablicos.","robots":{"index":"index","follow":"follow","max-snippet":"max-snippet:-1","max-image-preview":"max-image-preview:large","max-video-preview":"max-video-preview:-1"},"canonical":"https:\/\/cooltivarte.com\/portal\/museos-en-la-noche-2024\/","og_locale":"es_ES","og_type":"article","og_title":"Museos en la Noche 2024 - 13 de diciembre desde las 19 horas","og_description":"Desde 2005, cada segundo viernes de diciembre se celebra Museos en la Noche, una oportunidad para la ciudadan\u00eda de vivir la experiencia de nuestros museos en un horario no habitual. Y una oportunidad para los museos de todo el pa\u00eds de acercarse a m\u00e1s y diferentes p\u00fablicos.","og_url":"https:\/\/cooltivarte.com\/portal\/museos-en-la-noche-2024\/","og_site_name":"Cooltivarte Portal","article_publisher":"https:\/\/www.facebook.com\/cooltivartecom\/","article_author":"https:\/\/www.facebook.com\/cooltivartecom","article_published_time":"2024-12-02T12:22:54+00:00","article_modified_time":"2024-12-02T12:34:47+00:00","og_image":[{"width":945,"height":532,"url":"https:\/\/cooltivarte.com\/portal\/wp-content\/uploads\/2024\/12\/museos-en-la-noche.png","type":"image\/png"}],"author":"Cooltivarte","twitter_card":"summary_large_image","twitter_title":"Museos en la Noche 2024 - 13 de diciembre desde las 19 horas","twitter_description":"Desde 2005, cada segundo viernes de diciembre se celebra Museos en la Noche, una oportunidad para la ciudadan\u00eda de vivir la experiencia de nuestros museos en un horario no habitual. Y una oportunidad para los museos de todo el pa\u00eds de acercarse a m\u00e1s y diferentes p\u00fablicos.","twitter_image":"https:\/\/cooltivarte.com\/portal\/wp-content\/uploads\/2024\/12\/museos-en-la-noche.png","twitter_creator":"@https:\/\/x.com\/obolocultural","twitter_site":"@obolocultural","twitter_misc":{"Escrito por":"Cooltivarte","Tiempo de lectura":"3 minutos"},"schema":{"@context":"https:\/\/schema.org","@graph":[{"@type":"NewsArticle","@id":"https:\/\/cooltivarte.com\/portal\/museos-en-la-noche-2024\/#article","isPartOf":{"@id":"https:\/\/cooltivarte.com\/portal\/museos-en-la-noche-2024\/"},"author":{"name":"Cooltivarte","@id":"https:\/\/cooltivarte.com\/portal\/#\/schema\/person\/ec2a4f4e71b740d0c559c0ab9a157e19"},"headline":"Museos en la Noche 2024","datePublished":"2024-12-02T12:22:54+00:00","dateModified":"2024-12-02T12:34:47+00:00","mainEntityOfPage":{"@id":"https:\/\/cooltivarte.com\/portal\/museos-en-la-noche-2024\/"},"wordCount":395,"publisher":{"@id":"https:\/\/cooltivarte.com\/portal\/#organization"},"image":{"@id":"https:\/\/cooltivarte.com\/portal\/museos-en-la-noche-2024\/#primaryimage"},"thumbnailUrl":"https:\/\/cooltivarte.com\/portal\/wp-content\/uploads\/2024\/12\/museos-en-la-noche.png","keywords":["actividades","c1080","Cultura","Direcci\u00f3n Nacional de Cultura","Montevideo","Montevideo Sonoro","Museo Figari","museos","Museos en la noche","Ruta del Tango","Uruguay"],"articleSection":["Museos que Cooltivan"],"inLanguage":"es-AR"},{"@type":"WebPage","@id":"https:\/\/cooltivarte.com\/portal\/museos-en-la-noche-2024\/","url":"https:\/\/cooltivarte.com\/portal\/museos-en-la-noche-2024\/","name":"Museos en la Noche 2024 - Cooltivarte Portal","isPartOf":{"@id":"https:\/\/cooltivarte.com\/portal\/#website"},"primaryImageOfPage":{"@id":"https:\/\/cooltivarte.com\/portal\/museos-en-la-noche-2024\/#primaryimage"},"image":{"@id":"https:\/\/cooltivarte.com\/portal\/museos-en-la-noche-2024\/#primaryimage"},"thumbnailUrl":"https:\/\/cooltivarte.com\/portal\/wp-content\/uploads\/2024\/12\/museos-en-la-noche.png","datePublished":"2024-12-02T12:22:54+00:00","dateModified":"2024-12-02T12:34:47+00:00","description":"Desde 2005, cada segundo viernes de diciembre se celebra Museos en la Noche, una oportunidad para la ciudadan\u00eda de vivir la experiencia de nuestros museos en un horario no habitual. Y una oportunidad para los museos de todo el pa\u00eds de acercarse a m\u00e1s y diferentes p\u00fablicos.","breadcrumb":{"@id":"https:\/\/cooltivarte.com\/portal\/museos-en-la-noche-2024\/#breadcrumb"},"inLanguage":"es-AR","potentialAction":[{"@type":"ReadAction","target":["https:\/\/cooltivarte.com\/portal\/museos-en-la-noche-2024\/"]}]},{"@type":"ImageObject","inLanguage":"es-AR","@id":"https:\/\/cooltivarte.com\/portal\/museos-en-la-noche-2024\/#primaryimage","url":"https:\/\/cooltivarte.com\/portal\/wp-content\/uploads\/2024\/12\/museos-en-la-noche.png","contentUrl":"https:\/\/cooltivarte.com\/portal\/wp-content\/uploads\/2024\/12\/museos-en-la-noche.png","width":945,"height":532,"caption":"Museos en la Noche 2024 - 13 de diciembre desde las 19 horas"},{"@type":"BreadcrumbList","@id":"https:\/\/cooltivarte.com\/portal\/museos-en-la-noche-2024\/#breadcrumb","itemListElement":[{"@type":"ListItem","position":1,"name":"Portada","item":"https:\/\/cooltivarte.com\/portal\/"},{"@type":"ListItem","position":2,"name":"Museos en la Noche 2024"}]},{"@type":"WebSite","@id":"https:\/\/cooltivarte.com\/portal\/#website","url":"https:\/\/cooltivarte.com\/portal\/","name":"Cooltivarte Portal","description":"Arte, cultura y turismo para el mundo ...","publisher":{"@id":"https:\/\/cooltivarte.com\/portal\/#organization"},"potentialAction":[{"@type":"SearchAction","target":{"@type":"EntryPoint","urlTemplate":"https:\/\/cooltivarte.com\/portal\/?s={search_term_string}"},"query-input":{"@type":"PropertyValueSpecification","valueRequired":true,"valueName":"search_term_string"}}],"inLanguage":"es-AR"},{"@type":"Organization","@id":"https:\/\/cooltivarte.com\/portal\/#organization","name":"cooltivarte","url":"https:\/\/cooltivarte.com\/portal\/","logo":{"@type":"ImageObject","inLanguage":"es-AR","@id":"https:\/\/cooltivarte.com\/portal\/#\/schema\/logo\/image\/","url":"https:\/\/cooltivarte.com\/portal\/wp-content\/uploads\/2020\/04\/logo-cooltivarte-v2.png","contentUrl":"https:\/\/cooltivarte.com\/portal\/wp-content\/uploads\/2020\/04\/logo-cooltivarte-v2.png","width":851,"height":243,"caption":"cooltivarte"},"image":{"@id":"https:\/\/cooltivarte.com\/portal\/#\/schema\/logo\/image\/"},"sameAs":["https:\/\/www.facebook.com\/cooltivartecom\/","https:\/\/x.com\/obolocultural","https:\/\/www.instagram.com\/_cooltivarte_\/","https:\/\/www.linkedin.com\/company\/-bolocultural?reportsuccess=8zaNG1HwhPbAR9iQhZ5rfGeqz_vQFftHun0ZWU0Wy9vNemRJ8vtcKdJvzQfW8XagyOJSKg0XvfJ1dp","https:\/\/www.pinterest.com\/cooltivarte\/","https:\/\/cooltivarte.tumblr.com\/","https:\/\/www.tiktok.com\/@cooltivarte","https:\/\/www.youtube.com\/@PrensaCooltivarte"]},{"@type":"Person","@id":"https:\/\/cooltivarte.com\/portal\/#\/schema\/person\/ec2a4f4e71b740d0c559c0ab9a157e19","name":"Cooltivarte","image":{"@type":"ImageObject","inLanguage":"es-AR","@id":"https:\/\/cooltivarte.com\/portal\/wp-content\/uploads\/2014\/05\/logo-cooltivarte-120x120.jpg","url":"https:\/\/cooltivarte.com\/portal\/wp-content\/uploads\/2014\/05\/logo-cooltivarte-120x120.jpg","contentUrl":"https:\/\/cooltivarte.com\/portal\/wp-content\/uploads\/2014\/05\/logo-cooltivarte-120x120.jpg","caption":"Cooltivarte"},"description":"Somos COOLTIVARTE.COM. Un portal digital dedicado a difundir el acontecer art\u00edstico y cultural del Uruguay. Estamos en la vuelta desde el a\u00f1o 2003, y como evoluci\u00f3n del bolet\u00edn Obolo Cultural, nos encontramos abocados a apoyar a los artistas nacionales brind\u00e1ndoles un espacio de difusi\u00f3n. Creemos en la idea de utilizar la potencialidad que hoy d\u00eda nos otorga la web, para que la cultura uruguaya y sus creadores dispongan de una din\u00e1mica ventana, que los ponga en contacto entre s\u00ed y con el mundo. Somos COOLTIVARTE.COM y pretendemos configurarnos como un portal din\u00e1mico, entretenido y atento a los nuevos emprendimientos, que busque siempre la interacci\u00f3n con los artistas.","sameAs":["http:\/\/www.cooltivarte.com","https:\/\/www.facebook.com\/cooltivartecom","https:\/\/www.instagram.com\/_cooltivarte_\/","https:\/\/www.linkedin.com\/company\/-bolocultural","https:\/\/www.pinterest.com\/cooltivarte\/","https:\/\/x.com\/https:\/\/x.com\/obolocultural","https:\/\/www.youtube.com\/@PrensaCooltivarte","https:\/\/www.tumblr.com\/blog\/cooltivarte"],"url":"https:\/\/cooltivarte.com\/portal\/author\/cooltivarte\/"}]}},"_links":{"self":[{"href":"https:\/\/cooltivarte.com\/portal\/wp-json\/wp\/v2\/posts\/108706","targetHints":{"allow":["GET"]}}],"collection":[{"href":"https:\/\/cooltivarte.com\/portal\/wp-json\/wp\/v2\/posts"}],"about":[{"href":"https:\/\/cooltivarte.com\/portal\/wp-json\/wp\/v2\/types\/post"}],"author":[{"embeddable":true,"href":"https:\/\/cooltivarte.com\/portal\/wp-json\/wp\/v2\/users\/8"}],"replies":[{"embeddable":true,"href":"https:\/\/cooltivarte.com\/portal\/wp-json\/wp\/v2\/comments?post=108706"}],"version-history":[{"count":5,"href":"https:\/\/cooltivarte.com\/portal\/wp-json\/wp\/v2\/posts\/108706\/revisions"}],"predecessor-version":[{"id":108713,"href":"https:\/\/cooltivarte.com\/portal\/wp-json\/wp\/v2\/posts\/108706\/revisions\/108713"}],"wp:featuredmedia":[{"embeddable":true,"href":"https:\/\/cooltivarte.com\/portal\/wp-json\/wp\/v2\/media\/108708"}],"wp:attachment":[{"href":"https:\/\/cooltivarte.com\/portal\/wp-json\/wp\/v2\/media?parent=108706"}],"wp:term":[{"taxonomy":"category","embeddable":true,"href":"https:\/\/cooltivarte.com\/portal\/wp-json\/wp\/v2\/categories?post=108706"},{"taxonomy":"post_tag","embeddable":true,"href":"https:\/\/cooltivarte.com\/portal\/wp-json\/wp\/v2\/tags?post=108706"}],"curies":[{"name":"wp","href":"https:\/\/api.w.org\/{rel}","templated":true}]}}