{"id":108402,"date":"2024-12-16T18:45:34","date_gmt":"2024-12-16T21:45:34","guid":{"rendered":"https:\/\/cooltivarte.com\/portal\/?p=108402"},"modified":"2024-12-17T13:26:09","modified_gmt":"2024-12-17T16:26:09","slug":"pionera-fotolibro-de-nancy-urrutia","status":"publish","type":"post","link":"https:\/\/cooltivarte.com\/portal\/pionera-fotolibro-de-nancy-urrutia\/","title":{"rendered":"Pionera fotolibro de Nancy Urrutia"},"content":{"rendered":"<p><img fetchpriority=\"high\" decoding=\"async\" class=\"aligncenter wp-image-108403 size-full\" title=\"Pionera fotolibro de Nancy Urrutia - En la Feria Ideas+ se presentar\u00e1 el 21 de diciembre 2024 a las 15 horas.\" src=\"https:\/\/cooltivarte.com\/portal\/wp-content\/uploads\/2024\/11\/Pionera-fotolibro-de-Nancy-Urrutia.jpg\" alt=\"Pionera fotolibro de Nancy Urrutia - En la Feria Ideas+ se presentar\u00e1 el 21 de diciembre 2024 a las 15 horas.\" width=\"897\" height=\"501\" srcset=\"https:\/\/cooltivarte.com\/portal\/wp-content\/uploads\/2024\/11\/Pionera-fotolibro-de-Nancy-Urrutia.jpg 897w, https:\/\/cooltivarte.com\/portal\/wp-content\/uploads\/2024\/11\/Pionera-fotolibro-de-Nancy-Urrutia-300x168.jpg 300w, https:\/\/cooltivarte.com\/portal\/wp-content\/uploads\/2024\/11\/Pionera-fotolibro-de-Nancy-Urrutia-768x429.jpg 768w\" sizes=\"(max-width: 897px) 100vw, 897px\" \/><\/p>\n<p>&nbsp;<\/p>\n<p><b>Nancy Urrutia Lungo<\/b><\/p>\n<p><b><i>Pionera <\/i><\/b><span style=\"font-weight: 400;\">celebra y destaca el talento y las contribuciones de <\/span><b>Nancy Urrutia <\/b><span style=\"font-weight: 400;\">al mundo del fotoperiodismo y la fotograf\u00eda documental en Uruguay.&nbsp;<\/span><\/p>\n<p><span style=\"font-weight: 400;\">Es un tributo a la <\/span><b>valent\u00eda y el talento <\/b><span style=\"font-weight: 400;\">de Nancy, una de las&nbsp; primeras fotoperiodistas mujeres&nbsp; del pa\u00eds y sin duda la de m\u00e1s larga&nbsp; trayectoria. Al mismo tiempo, el fotolibro pretende ser un medio perdurable que <\/span><b>trasciende el&nbsp; tiempo y preserva su historia<\/b><span style=\"font-weight: 400;\">.&nbsp;<\/span><\/p>\n<p><span style=\"font-weight: 400;\">A trav\u00e9s de una selecci\u00f3n de 98 fotograf\u00edas, del <\/span><b>per\u00edodo 1983-1994<\/b><span style=\"font-weight: 400;\">,&nbsp; el libro captura los momentos m\u00e1s&nbsp; impactantes y emotivos de su&nbsp; carrera resaltando su papel pionero dentro de un oficio ampliamente masculinizado.<\/span><\/p>\n<p><span style=\"font-weight: 400;\">La fotograf\u00eda es el medio a trav\u00e9s del cual Nancy captur\u00f3 momentos significativos de la realidad, desde actos pol\u00edticos y <\/span><span style=\"font-weight: 400;\">movilizaciones, hasta retratos&nbsp; exclusivos de personalidades destacadas de la pol\u00edtica y la cultura. En <\/span><i><span style=\"font-weight: 400;\">Pionera<\/span><\/i><span style=\"font-weight: 400;\">, la fotograf\u00eda se&nbsp; convierte en una poderosa&nbsp;<\/span><\/p>\n<p><span style=\"font-weight: 400;\">herramienta para transmitir la historia y muestra la <\/span><b>mirada&nbsp; singular <\/b><span style=\"font-weight: 400;\">y su habilidad para capturar la esencia de los <\/span><span style=\"font-weight: 400;\">acontecimientos, siendo, en&nbsp; muchas de esas ocasiones,&nbsp; <\/span><b>espectadora y protagonista <\/b><span style=\"font-weight: 400;\">de los&nbsp; eventos sociales m\u00e1s relevantes de las \u00faltimas d\u00e9cadas.<\/span><\/p>\n<p><span style=\"font-weight: 400;\">El t\u00e9rmino <\/span><i><span style=\"font-weight: 400;\">Pionera <\/span><\/i><span style=\"font-weight: 400;\">hace referencia&nbsp; a aquellas personas que se&nbsp; aventuran a explorar y poblar nuevos territorios. Aunque Nancy no fue la primera mujer en trabajar&nbsp; con fotograf\u00eda en Uruguay, marc\u00f3 un hito. Su presencia como fot\u00f3grafa en los medios de prensa&nbsp; no era com\u00fan y su trabajo&nbsp;<\/span><\/p>\n<p><b>desafiaba las convenciones&nbsp; <\/b><span style=\"font-weight: 400;\">establecidas en un \u00e1mbito androc\u00e9ntrico.&nbsp;<\/span><\/p>\n<p><span style=\"font-weight: 400;\">A trav\u00e9s de <\/span><i><span style=\"font-weight: 400;\">Pionera <\/span><\/i><span style=\"font-weight: 400;\">se pretende&nbsp; <\/span><b>transmitir historia <\/b><span style=\"font-weight: 400;\">a las&nbsp;<\/span><span style=\"font-weight: 400;\">generaciones presentes y futuras, inspirando a otras y otros a perseguir sus pasiones y desafiar&nbsp; las normas establecidas. Adem\u00e1s, honrar la valent\u00eda y talento de&nbsp; Nancy y resaltar el impacto de su&nbsp; trayectoria.<\/span><\/p>\n<p><span style=\"font-weight: 400;\">Cada fotograf\u00eda est\u00e1 acompa\u00f1ada&nbsp; de una descripci\u00f3n breve que&nbsp; contextualiza la escena registrada. <\/span><b>Conocer el trasfondo <\/b><span style=\"font-weight: 400;\">de estas im\u00e1genes permite una apreciaci\u00f3n&nbsp; m\u00e1s completa y enriquecedora de&nbsp; la obra, as\u00ed como una comprensi\u00f3n&nbsp; m\u00e1s profunda de los <\/span><span style=\"font-weight: 400;\">acontecimientos hist\u00f3ricos.&nbsp;<\/span><\/p>\n<p><span style=\"font-weight: 400;\">El libro incluye tambi\u00e9n textos de&nbsp; Niki Johnson y Marisa Silva Schultze.&nbsp;&nbsp;<\/span><\/p>\n<p><span style=\"font-weight: 400;\">La gesti\u00f3n de archivo y&nbsp;<\/span><span style=\"font-weight: 400;\">edici\u00f3n fotogr\u00e1fica estuvo a cargo&nbsp; de Javier Calvelo Luisi de&nbsp;<\/span><span style=\"font-weight: 400;\">adhocFOTOS y el dise\u00f1o de Jessica Stebniki y Martin Tarallo de <\/span><i><span style=\"font-weight: 400;\">Posta.uy<\/span><\/i><span style=\"font-weight: 400;\">.<\/span><\/p>\n<p><i><span style=\"font-weight: 400;\">Pionera <\/span><\/i><span style=\"font-weight: 400;\">fue posible gracias al buen&nbsp; estado de conservaci\u00f3n de los negativos de Nancy y a diferentes&nbsp; etapas del proceso desarrollado&nbsp; por el proyecto <\/span><i><span style=\"font-weight: 400;\">adhocHISTORIA<\/span><\/i><span style=\"font-weight: 400;\">,&nbsp; que involucra y conecta a diez fot\u00f3grafos y fot\u00f3grafas hist\u00f3ricas&nbsp; del fotoperiodismo y la fotograf\u00eda&nbsp; documental de Uruguay. Con&nbsp; <\/span><i><span style=\"font-weight: 400;\">Pionera <\/span><\/i><span style=\"font-weight: 400;\">nace, adem\u00e1s, un nuevo&nbsp; proyecto editorial: <\/span><i><span style=\"font-weight: 400;\">adhocIMPRESO<\/span><\/i><span style=\"font-weight: 400;\">.&nbsp;&nbsp;<\/span><\/p>\n<p><span style=\"font-weight: 400;\">Este proyecto fue seleccionado por el Fondo Concursable para la&nbsp; Cultura del MEC en 2023.&nbsp;<\/span><span style=\"font-weight: 400;\"><br \/>\n<\/span><\/p>\n<p><b>PIONERA&nbsp;<\/b><\/p>\n<p><b>Nancy Urrutia Lungo&nbsp;<\/b><\/p>\n<p><b>Fotograf\u00edas 1983-1994&nbsp;<\/b><\/p>\n<p>&nbsp;<\/p>\n<p><strong>La presentaci\u00f3n del libro se proyecta para la segunda quincena de diciembre. En la Feria Ideas+ se presentar\u00e1 el 21 de diciembre 2024, a las 15 horas.&nbsp;<\/strong><\/p>\n<p><a href=\"https:\/\/www.adhocfotos.com\/impreso\" target=\"_blank\" rel=\"noopener\">adhocfotos.com\/impreso\/<\/a><\/p>\n<p>&nbsp;<\/p>\n<figure id=\"attachment_108405\" aria-describedby=\"caption-attachment-108405\" style=\"width: 578px\" class=\"wp-caption aligncenter\"><img decoding=\"async\" class=\"wp-image-108405 size-full\" title=\"Nancy Urrutia\" src=\"https:\/\/cooltivarte.com\/portal\/wp-content\/uploads\/2024\/11\/Nancy-Urrutia.jpg\" alt=\"Nancy Urrutia\" width=\"578\" height=\"378\" srcset=\"https:\/\/cooltivarte.com\/portal\/wp-content\/uploads\/2024\/11\/Nancy-Urrutia.jpg 578w, https:\/\/cooltivarte.com\/portal\/wp-content\/uploads\/2024\/11\/Nancy-Urrutia-300x196.jpg 300w\" sizes=\"(max-width: 578px) 100vw, 578px\" \/><figcaption id=\"caption-attachment-108405\" class=\"wp-caption-text\">Nancy Urrutia<\/figcaption><\/figure>\n<p>&nbsp;<\/p>\n<p><span style=\"font-weight: 400;\"><strong>Nancy Urrutia<\/strong> naci\u00f3 en&nbsp;<\/span><span style=\"font-weight: 400;\">Montevideo, cuando empezaba&nbsp; el verano en 1950.&nbsp;<\/span><\/p>\n<p><span style=\"font-weight: 400;\">Inici\u00f3 su trabajo en fotograf\u00eda en&nbsp; 1975, su primera cobertura de&nbsp; prensa fue el 27 de noviembre de&nbsp; 1983 en el conocido &#8220;Acto del&nbsp; Obelisco&#8221;. Es Pionera en el mundo&nbsp; del fotoperiodismo y en la&nbsp;<\/span><span style=\"font-weight: 400;\">construcci\u00f3n de su \u00e9tica en&nbsp; Uruguay. Fotografi\u00f3 actos,&nbsp; movilizaciones, la liberaci\u00f3n de los&nbsp; presos pol\u00edticos en Uruguay, hizo&nbsp; retratos exclusivos a Ra\u00fal Sendic, y&nbsp; fotograf\u00edas a Alfredo Zitarrosa.&nbsp;&nbsp;<\/span><\/p>\n<p><span style=\"font-weight: 400;\">Registr\u00f3 el primer trasplante de coraz\u00f3n en Uruguay y el trabajo de&nbsp; los humoristas de Decalegron en&nbsp; Canal 10. Trabaj\u00f3 en el semanario&nbsp; Brecha durante 11 a\u00f1os y tambi\u00e9n&nbsp; en el semanario Mate Amargo.<\/span><\/p>\n<p>&nbsp;<\/p>\n<p>&nbsp;<\/p>\n<p>&nbsp;<\/p>\n","protected":false},"excerpt":{"rendered":"<p>&nbsp; Nancy Urrutia Lungo Pionera celebra y destaca el talento y las contribuciones de Nancy Urrutia al mundo del fotoperiodismo y la fotograf\u00eda documental en Uruguay.&nbsp; Es un tributo a la valent\u00eda y el talento de Nancy, una de las&nbsp; primeras fotoperiodistas mujeres&nbsp; del pa\u00eds y sin duda la de m\u00e1s larga&nbsp; trayectoria. Al mismo [&hellip;]<\/p>\n","protected":false},"author":8,"featured_media":108403,"comment_status":"closed","ping_status":"closed","sticky":false,"template":"","format":"standard","meta":{"om_disable_all_campaigns":false,"ngg_post_thumbnail":0,"jnews-multi-image_gallery":[],"jnews_single_post":{"subtitle":"En la Feria Ideas+ se presentar\u00e1 el 21 de diciembre 2024, a las 15 horas.","format":"standard","override":[{"template":"4","parallax":"1","layout":"right-sidebar","sidebar":"default-sidebar","second_sidebar":"default-sidebar","sticky_sidebar":"1","share_position":"bottom","share_float_style":"share-monocrhome","show_share_counter":"1","show_view_counter":"1","show_featured":"1","show_post_meta":"1","show_post_author":"1","show_post_author_image":"1","show_post_date":"1","post_date_format":"default","post_date_format_custom":"Y\/m\/d","show_post_category":"1","post_reading_time_wpm":"300","post_calculate_word_method":"str_word_count","zoom_button_out_step":"2","zoom_button_in_step":"3","show_post_tag":"1","show_prev_next_post":"1","show_popup_post":"1","number_popup_post":"1","show_author_box":"1","show_post_related":"0","show_inline_post_related":"0"}],"image_override":[{"single_post_thumbnail_size":"no-crop","single_post_gallery_size":"crop-500"}],"trending_post_position":"meta","trending_post_label":"Trending","sponsored_post_label":"Sponsored by","disable_ad":"0"},"jnews_primary_category":[],"jnews_social_meta":[],"jnews_override_counter":{"view_counter_number":"0","share_counter_number":"0","like_counter_number":"0","dislike_counter_number":"0"},"footnotes":""},"categories":[3394],"tags":[23352,23353],"class_list":["post-108402","post","type-post","status-publish","format-standard","has-post-thumbnail","hentry","category-eventos","tag-nancy-urrutia-lungo","tag-pionera"],"yoast_head":"<!-- This site is optimized with the Yoast SEO plugin v27.5 - https:\/\/yoast.com\/product\/yoast-seo-wordpress\/ -->\n<title>Pionera fotolibro de Nancy Urrutia - Cooltivarte Portal<\/title>\n<meta name=\"description\" content=\"Pionera celebra y destaca el\u00a0 talento y las contribuciones de\u00a0 Nancy Urrutia al mundo del\u00a0 fotoperiodismo y la fotograf\u00eda\u00a0 documental en Uruguay.\u00a0\" \/>\n<meta name=\"robots\" content=\"index, follow, max-snippet:-1, max-image-preview:large, max-video-preview:-1\" \/>\n<link rel=\"canonical\" href=\"https:\/\/cooltivarte.com\/portal\/pionera-fotolibro-de-nancy-urrutia\/\" \/>\n<meta property=\"og:locale\" content=\"es_ES\" \/>\n<meta property=\"og:type\" content=\"article\" \/>\n<meta property=\"og:title\" content=\"Pionera fotolibro de Nancy Urrutia - En la Feria Ideas+ se presentar\u00e1 el 21 de diciembre a las 15 horas.\" \/>\n<meta property=\"og:description\" content=\"Pionera celebra y destaca el\u00a0 talento y las contribuciones de\u00a0 Nancy Urrutia al mundo del\u00a0 fotoperiodismo y la fotograf\u00eda\u00a0 documental en Uruguay.\u00a0\" \/>\n<meta property=\"og:url\" content=\"https:\/\/cooltivarte.com\/portal\/pionera-fotolibro-de-nancy-urrutia\/\" \/>\n<meta property=\"og:site_name\" content=\"Cooltivarte Portal\" \/>\n<meta property=\"article:publisher\" content=\"https:\/\/www.facebook.com\/cooltivartecom\/\" \/>\n<meta property=\"article:author\" content=\"https:\/\/www.facebook.com\/cooltivartecom\" \/>\n<meta property=\"article:published_time\" content=\"2024-12-16T21:45:34+00:00\" \/>\n<meta property=\"article:modified_time\" content=\"2024-12-17T16:26:09+00:00\" \/>\n<meta property=\"og:image\" content=\"https:\/\/cooltivarte.com\/portal\/wp-content\/uploads\/2024\/11\/Pionera-fotolibro-de-Nancy-Urrutia.jpg\" \/>\n\t<meta property=\"og:image:width\" content=\"897\" \/>\n\t<meta property=\"og:image:height\" content=\"501\" \/>\n\t<meta property=\"og:image:type\" content=\"image\/jpeg\" \/>\n<meta name=\"author\" content=\"Cooltivarte\" \/>\n<meta name=\"twitter:card\" content=\"summary_large_image\" \/>\n<meta name=\"twitter:title\" content=\"Pionera fotolibro de Nancy Urrutia - En la Feria Ideas+ se presentar\u00e1 el 21 de diciembre a las 15 horas.\" \/>\n<meta name=\"twitter:description\" content=\"Pionera celebra y destaca el\u00a0 talento y las contribuciones de\u00a0 Nancy Urrutia al mundo del\u00a0 fotoperiodismo y la fotograf\u00eda\u00a0 documental en Uruguay.\u00a0\" \/>\n<meta name=\"twitter:image\" content=\"https:\/\/cooltivarte.com\/portal\/wp-content\/uploads\/2024\/11\/Pionera-fotolibro-de-Nancy-Urrutia.jpg\" \/>\n<meta name=\"twitter:creator\" content=\"@https:\/\/x.com\/obolocultural\" \/>\n<meta name=\"twitter:site\" content=\"@obolocultural\" \/>\n<meta name=\"twitter:label1\" content=\"Escrito por\" \/>\n\t<meta name=\"twitter:data1\" content=\"Cooltivarte\" \/>\n\t<meta name=\"twitter:label2\" content=\"Tiempo de lectura\" \/>\n\t<meta name=\"twitter:data2\" content=\"4 minutos\" \/>\n<!-- \/ Yoast SEO plugin. -->","yoast_head_json":{"title":"Pionera fotolibro de Nancy Urrutia - Cooltivarte Portal","description":"Pionera celebra y destaca el\u00a0 talento y las contribuciones de\u00a0 Nancy Urrutia al mundo del\u00a0 fotoperiodismo y la fotograf\u00eda\u00a0 documental en Uruguay.\u00a0","robots":{"index":"index","follow":"follow","max-snippet":"max-snippet:-1","max-image-preview":"max-image-preview:large","max-video-preview":"max-video-preview:-1"},"canonical":"https:\/\/cooltivarte.com\/portal\/pionera-fotolibro-de-nancy-urrutia\/","og_locale":"es_ES","og_type":"article","og_title":"Pionera fotolibro de Nancy Urrutia - En la Feria Ideas+ se presentar\u00e1 el 21 de diciembre a las 15 horas.","og_description":"Pionera celebra y destaca el\u00a0 talento y las contribuciones de\u00a0 Nancy Urrutia al mundo del\u00a0 fotoperiodismo y la fotograf\u00eda\u00a0 documental en Uruguay.\u00a0","og_url":"https:\/\/cooltivarte.com\/portal\/pionera-fotolibro-de-nancy-urrutia\/","og_site_name":"Cooltivarte Portal","article_publisher":"https:\/\/www.facebook.com\/cooltivartecom\/","article_author":"https:\/\/www.facebook.com\/cooltivartecom","article_published_time":"2024-12-16T21:45:34+00:00","article_modified_time":"2024-12-17T16:26:09+00:00","og_image":[{"width":897,"height":501,"url":"https:\/\/cooltivarte.com\/portal\/wp-content\/uploads\/2024\/11\/Pionera-fotolibro-de-Nancy-Urrutia.jpg","type":"image\/jpeg"}],"author":"Cooltivarte","twitter_card":"summary_large_image","twitter_title":"Pionera fotolibro de Nancy Urrutia - En la Feria Ideas+ se presentar\u00e1 el 21 de diciembre a las 15 horas.","twitter_description":"Pionera celebra y destaca el\u00a0 talento y las contribuciones de\u00a0 Nancy Urrutia al mundo del\u00a0 fotoperiodismo y la fotograf\u00eda\u00a0 documental en Uruguay.\u00a0","twitter_image":"https:\/\/cooltivarte.com\/portal\/wp-content\/uploads\/2024\/11\/Pionera-fotolibro-de-Nancy-Urrutia.jpg","twitter_creator":"@https:\/\/x.com\/obolocultural","twitter_site":"@obolocultural","twitter_misc":{"Escrito por":"Cooltivarte","Tiempo de lectura":"4 minutos"},"schema":{"@context":"https:\/\/schema.org","@graph":[{"@type":"NewsArticle","@id":"https:\/\/cooltivarte.com\/portal\/pionera-fotolibro-de-nancy-urrutia\/#article","isPartOf":{"@id":"https:\/\/cooltivarte.com\/portal\/pionera-fotolibro-de-nancy-urrutia\/"},"author":{"name":"Cooltivarte","@id":"https:\/\/cooltivarte.com\/portal\/#\/schema\/person\/ec2a4f4e71b740d0c559c0ab9a157e19"},"headline":"Pionera fotolibro de Nancy Urrutia","datePublished":"2024-12-16T21:45:34+00:00","dateModified":"2024-12-17T16:26:09+00:00","mainEntityOfPage":{"@id":"https:\/\/cooltivarte.com\/portal\/pionera-fotolibro-de-nancy-urrutia\/"},"wordCount":714,"publisher":{"@id":"https:\/\/cooltivarte.com\/portal\/#organization"},"image":{"@id":"https:\/\/cooltivarte.com\/portal\/pionera-fotolibro-de-nancy-urrutia\/#primaryimage"},"thumbnailUrl":"https:\/\/cooltivarte.com\/portal\/wp-content\/uploads\/2024\/11\/Pionera-fotolibro-de-Nancy-Urrutia.jpg","keywords":["Nancy Urrutia Lungo","PIONERA"],"articleSection":["Eventos"],"inLanguage":"es-AR"},{"@type":"WebPage","@id":"https:\/\/cooltivarte.com\/portal\/pionera-fotolibro-de-nancy-urrutia\/","url":"https:\/\/cooltivarte.com\/portal\/pionera-fotolibro-de-nancy-urrutia\/","name":"Pionera fotolibro de Nancy Urrutia - Cooltivarte Portal","isPartOf":{"@id":"https:\/\/cooltivarte.com\/portal\/#website"},"primaryImageOfPage":{"@id":"https:\/\/cooltivarte.com\/portal\/pionera-fotolibro-de-nancy-urrutia\/#primaryimage"},"image":{"@id":"https:\/\/cooltivarte.com\/portal\/pionera-fotolibro-de-nancy-urrutia\/#primaryimage"},"thumbnailUrl":"https:\/\/cooltivarte.com\/portal\/wp-content\/uploads\/2024\/11\/Pionera-fotolibro-de-Nancy-Urrutia.jpg","datePublished":"2024-12-16T21:45:34+00:00","dateModified":"2024-12-17T16:26:09+00:00","description":"Pionera celebra y destaca el\u00a0 talento y las contribuciones de\u00a0 Nancy Urrutia al mundo del\u00a0 fotoperiodismo y la fotograf\u00eda\u00a0 documental en Uruguay.\u00a0","breadcrumb":{"@id":"https:\/\/cooltivarte.com\/portal\/pionera-fotolibro-de-nancy-urrutia\/#breadcrumb"},"inLanguage":"es-AR","potentialAction":[{"@type":"ReadAction","target":["https:\/\/cooltivarte.com\/portal\/pionera-fotolibro-de-nancy-urrutia\/"]}]},{"@type":"ImageObject","inLanguage":"es-AR","@id":"https:\/\/cooltivarte.com\/portal\/pionera-fotolibro-de-nancy-urrutia\/#primaryimage","url":"https:\/\/cooltivarte.com\/portal\/wp-content\/uploads\/2024\/11\/Pionera-fotolibro-de-Nancy-Urrutia.jpg","contentUrl":"https:\/\/cooltivarte.com\/portal\/wp-content\/uploads\/2024\/11\/Pionera-fotolibro-de-Nancy-Urrutia.jpg","width":897,"height":501,"caption":"Pionera fotolibro de Nancy Urrutia - En la Feria Ideas+ se presentar\u00e1 el 21 de diciembre 2024 a las 15 horas."},{"@type":"BreadcrumbList","@id":"https:\/\/cooltivarte.com\/portal\/pionera-fotolibro-de-nancy-urrutia\/#breadcrumb","itemListElement":[{"@type":"ListItem","position":1,"name":"Portada","item":"https:\/\/cooltivarte.com\/portal\/"},{"@type":"ListItem","position":2,"name":"Pionera fotolibro de Nancy Urrutia"}]},{"@type":"WebSite","@id":"https:\/\/cooltivarte.com\/portal\/#website","url":"https:\/\/cooltivarte.com\/portal\/","name":"Cooltivarte Portal","description":"Arte, cultura y turismo para el mundo ...","publisher":{"@id":"https:\/\/cooltivarte.com\/portal\/#organization"},"potentialAction":[{"@type":"SearchAction","target":{"@type":"EntryPoint","urlTemplate":"https:\/\/cooltivarte.com\/portal\/?s={search_term_string}"},"query-input":{"@type":"PropertyValueSpecification","valueRequired":true,"valueName":"search_term_string"}}],"inLanguage":"es-AR"},{"@type":"Organization","@id":"https:\/\/cooltivarte.com\/portal\/#organization","name":"cooltivarte","url":"https:\/\/cooltivarte.com\/portal\/","logo":{"@type":"ImageObject","inLanguage":"es-AR","@id":"https:\/\/cooltivarte.com\/portal\/#\/schema\/logo\/image\/","url":"https:\/\/cooltivarte.com\/portal\/wp-content\/uploads\/2020\/04\/logo-cooltivarte-v2.png","contentUrl":"https:\/\/cooltivarte.com\/portal\/wp-content\/uploads\/2020\/04\/logo-cooltivarte-v2.png","width":851,"height":243,"caption":"cooltivarte"},"image":{"@id":"https:\/\/cooltivarte.com\/portal\/#\/schema\/logo\/image\/"},"sameAs":["https:\/\/www.facebook.com\/cooltivartecom\/","https:\/\/x.com\/obolocultural","https:\/\/www.instagram.com\/_cooltivarte_\/","https:\/\/www.linkedin.com\/company\/-bolocultural?reportsuccess=8zaNG1HwhPbAR9iQhZ5rfGeqz_vQFftHun0ZWU0Wy9vNemRJ8vtcKdJvzQfW8XagyOJSKg0XvfJ1dp","https:\/\/www.pinterest.com\/cooltivarte\/","https:\/\/cooltivarte.tumblr.com\/","https:\/\/www.tiktok.com\/@cooltivarte","https:\/\/www.youtube.com\/@PrensaCooltivarte"]},{"@type":"Person","@id":"https:\/\/cooltivarte.com\/portal\/#\/schema\/person\/ec2a4f4e71b740d0c559c0ab9a157e19","name":"Cooltivarte","image":{"@type":"ImageObject","inLanguage":"es-AR","@id":"https:\/\/cooltivarte.com\/portal\/wp-content\/uploads\/2014\/05\/logo-cooltivarte-120x120.jpg","url":"https:\/\/cooltivarte.com\/portal\/wp-content\/uploads\/2014\/05\/logo-cooltivarte-120x120.jpg","contentUrl":"https:\/\/cooltivarte.com\/portal\/wp-content\/uploads\/2014\/05\/logo-cooltivarte-120x120.jpg","caption":"Cooltivarte"},"description":"Somos COOLTIVARTE.COM. Un portal digital dedicado a difundir el acontecer art\u00edstico y cultural del Uruguay. Estamos en la vuelta desde el a\u00f1o 2003, y como evoluci\u00f3n del bolet\u00edn Obolo Cultural, nos encontramos abocados a apoyar a los artistas nacionales brind\u00e1ndoles un espacio de difusi\u00f3n. Creemos en la idea de utilizar la potencialidad que hoy d\u00eda nos otorga la web, para que la cultura uruguaya y sus creadores dispongan de una din\u00e1mica ventana, que los ponga en contacto entre s\u00ed y con el mundo. Somos COOLTIVARTE.COM y pretendemos configurarnos como un portal din\u00e1mico, entretenido y atento a los nuevos emprendimientos, que busque siempre la interacci\u00f3n con los artistas.","sameAs":["http:\/\/www.cooltivarte.com","https:\/\/www.facebook.com\/cooltivartecom","https:\/\/www.instagram.com\/_cooltivarte_\/","https:\/\/www.linkedin.com\/company\/-bolocultural","https:\/\/www.pinterest.com\/cooltivarte\/","https:\/\/x.com\/https:\/\/x.com\/obolocultural","https:\/\/www.youtube.com\/@PrensaCooltivarte","https:\/\/www.tumblr.com\/blog\/cooltivarte"],"url":"https:\/\/cooltivarte.com\/portal\/author\/cooltivarte\/"}]}},"_links":{"self":[{"href":"https:\/\/cooltivarte.com\/portal\/wp-json\/wp\/v2\/posts\/108402","targetHints":{"allow":["GET"]}}],"collection":[{"href":"https:\/\/cooltivarte.com\/portal\/wp-json\/wp\/v2\/posts"}],"about":[{"href":"https:\/\/cooltivarte.com\/portal\/wp-json\/wp\/v2\/types\/post"}],"author":[{"embeddable":true,"href":"https:\/\/cooltivarte.com\/portal\/wp-json\/wp\/v2\/users\/8"}],"replies":[{"embeddable":true,"href":"https:\/\/cooltivarte.com\/portal\/wp-json\/wp\/v2\/comments?post=108402"}],"version-history":[{"count":4,"href":"https:\/\/cooltivarte.com\/portal\/wp-json\/wp\/v2\/posts\/108402\/revisions"}],"predecessor-version":[{"id":108409,"href":"https:\/\/cooltivarte.com\/portal\/wp-json\/wp\/v2\/posts\/108402\/revisions\/108409"}],"wp:featuredmedia":[{"embeddable":true,"href":"https:\/\/cooltivarte.com\/portal\/wp-json\/wp\/v2\/media\/108403"}],"wp:attachment":[{"href":"https:\/\/cooltivarte.com\/portal\/wp-json\/wp\/v2\/media?parent=108402"}],"wp:term":[{"taxonomy":"category","embeddable":true,"href":"https:\/\/cooltivarte.com\/portal\/wp-json\/wp\/v2\/categories?post=108402"},{"taxonomy":"post_tag","embeddable":true,"href":"https:\/\/cooltivarte.com\/portal\/wp-json\/wp\/v2\/tags?post=108402"}],"curies":[{"name":"wp","href":"https:\/\/api.w.org\/{rel}","templated":true}]}}