{"id":107516,"date":"2024-10-25T16:12:32","date_gmt":"2024-10-25T19:12:32","guid":{"rendered":"https:\/\/cooltivarte.com\/portal\/?p=107516"},"modified":"2024-10-25T16:17:12","modified_gmt":"2024-10-25T19:17:12","slug":"lado-c-eduardo-pitufo-lombardo","status":"publish","type":"post","link":"https:\/\/cooltivarte.com\/portal\/lado-c-eduardo-pitufo-lombardo\/","title":{"rendered":"Lado C \u2013 Eduardo \u201cPitufo\u201d Lombardo"},"content":{"rendered":"<p><img fetchpriority=\"high\" decoding=\"async\" class=\"aligncenter wp-image-107517 size-full\" title=\"Pedro Eduardo Lombardo Echeveste\" src=\"https:\/\/cooltivarte.com\/portal\/wp-content\/uploads\/2024\/10\/Pedro-Eduardo-Lombardo-Echeveste.jpg\" alt=\"Pedro Eduardo Lombardo Echeveste\" width=\"598\" height=\"597\" srcset=\"https:\/\/cooltivarte.com\/portal\/wp-content\/uploads\/2024\/10\/Pedro-Eduardo-Lombardo-Echeveste.jpg 598w, https:\/\/cooltivarte.com\/portal\/wp-content\/uploads\/2024\/10\/Pedro-Eduardo-Lombardo-Echeveste-300x300.jpg 300w, https:\/\/cooltivarte.com\/portal\/wp-content\/uploads\/2024\/10\/Pedro-Eduardo-Lombardo-Echeveste-150x150.jpg 150w, https:\/\/cooltivarte.com\/portal\/wp-content\/uploads\/2024\/10\/Pedro-Eduardo-Lombardo-Echeveste-120x120.jpg 120w, https:\/\/cooltivarte.com\/portal\/wp-content\/uploads\/2024\/10\/Pedro-Eduardo-Lombardo-Echeveste-75x75.jpg 75w\" sizes=\"(max-width: 598px) 100vw, 598px\" \/><\/p>\n<p>&nbsp;<\/p>\n<p>&nbsp;<\/p>\n<p><strong>Pedro Eduardo Lombardo Echeveste<\/strong>, m\u00e1s conocido como <a href=\"https:\/\/cooltivarte.com\/portal\/?s=Ed%C3%BA+Pitufo+Lombardo\" target=\"_blank\" rel=\"noopener\"><strong>Ed\u00fa \u00abPitufo\u00bb Lombardo<\/strong><\/a>, m\u00fasico, multinstrumentista, compositor, arreglador, es sin dudas el director de murga m\u00e1s influyente de los \u00faltimos 25 a\u00f1os de historia de nuestro carnaval, y un gran cronista de nuestra m\u00fasica popular uruguaya.<\/p>\n<p>Due\u00f1o de un bagaje art\u00edstico enorme a tocado con m\u00fasicos como <strong>Fernando Cabrera<\/strong>, <strong>Jorge Galemire<\/strong>, <strong>Jaime Roos<\/strong>, <strong>Hugo Fattoruso<\/strong>, <strong>Jorge Drexler<\/strong> y una lista innumerable de etc\u00e9teras, conversamos de sus inicios, de la murga, del rol su rol como percusionista, de su mirada como director. Sin dudas uno de los m\u00fasicos m\u00e1s completos de nuestros tiempos.<\/p>\n<p>&nbsp;<\/p>\n<p><iframe title=\"Spotify Embed: EDU &quot;PITUFO&quot; LOMBARDO\" style=\"border-radius: 12px\" width=\"100%\" height=\"152\" frameborder=\"0\" allowfullscreen allow=\"autoplay; clipboard-write; encrypted-media; fullscreen; picture-in-picture\" loading=\"lazy\" src=\"https:\/\/open.spotify.com\/embed\/episode\/20uJy81wZSGdLRiLD7t0XW?si=8GsWuDlCS7qWZOYWP5N34w&#038;utm_source=oembed\"><\/iframe><\/p>\n<p>&nbsp;<\/p>\n<figure id=\"attachment_107518\" aria-describedby=\"caption-attachment-107518\" style=\"width: 1024px\" class=\"wp-caption aligncenter\"><img decoding=\"async\" class=\"wp-image-107518 size-large\" title=\"CICLO CUERDAS 2019 present\u00f3 a ED\u00da PITUFO LOMBARDO - 11 de Julio 2019 - Auditorio Nacional del Sodre- Sala Hugo Balzo - Foto Federico Meneses\" src=\"https:\/\/cooltivarte.com\/portal\/wp-content\/uploads\/2024\/10\/CICLO-CUERDAS-2019-presento-a-EDU-PITUFO-LOMBARDO-11-de-Julio-2019-Auditorio-Nacional-del-Sodre-Sala-Hugo-Balzo-Foto-Federico-Meneses-1024x684.jpg\" alt=\"CICLO CUERDAS 2019 present\u00f3 a ED\u00da PITUFO LOMBARDO - 11 de Julio 2019 - Auditorio Nacional del Sodre- Sala Hugo Balzo - Foto Federico Meneses\" width=\"1024\" height=\"684\" srcset=\"https:\/\/cooltivarte.com\/portal\/wp-content\/uploads\/2024\/10\/CICLO-CUERDAS-2019-presento-a-EDU-PITUFO-LOMBARDO-11-de-Julio-2019-Auditorio-Nacional-del-Sodre-Sala-Hugo-Balzo-Foto-Federico-Meneses-1024x684.jpg 1024w, https:\/\/cooltivarte.com\/portal\/wp-content\/uploads\/2024\/10\/CICLO-CUERDAS-2019-presento-a-EDU-PITUFO-LOMBARDO-11-de-Julio-2019-Auditorio-Nacional-del-Sodre-Sala-Hugo-Balzo-Foto-Federico-Meneses-300x200.jpg 300w, https:\/\/cooltivarte.com\/portal\/wp-content\/uploads\/2024\/10\/CICLO-CUERDAS-2019-presento-a-EDU-PITUFO-LOMBARDO-11-de-Julio-2019-Auditorio-Nacional-del-Sodre-Sala-Hugo-Balzo-Foto-Federico-Meneses-768x513.jpg 768w, https:\/\/cooltivarte.com\/portal\/wp-content\/uploads\/2024\/10\/CICLO-CUERDAS-2019-presento-a-EDU-PITUFO-LOMBARDO-11-de-Julio-2019-Auditorio-Nacional-del-Sodre-Sala-Hugo-Balzo-Foto-Federico-Meneses.jpg 1200w\" sizes=\"(max-width: 1024px) 100vw, 1024px\" \/><figcaption id=\"caption-attachment-107518\" class=\"wp-caption-text\"><a href=\"https:\/\/cooltivarte.com\/portal\/edu-pitufo-lombardo-en-ciclo-cuerdas-2019\/\" target=\"_blank\" rel=\"noopener\">CICLO CUERDAS 2019 present\u00f3 a ED\u00da PITUFO LOMBARDO &#8211; 11 de Julio 2019 &#8211; Auditorio Nacional del Sodre- Sala Hugo Balzo<\/a> &#8211; Foto <a href=\"https:\/\/cooltivarte.com\/portal\/author\/federico\/\" target=\"_blank\" rel=\"noopener\">Federico Meneses<\/a><\/figcaption><\/figure>\n<p>&nbsp;<\/p>\n<p>Con 14 a\u00f1os fue, en 1980, uno de los fundadores de la murga de ni\u00f1os <strong>El Firulete<\/strong>, antecesora de lo que ser\u00eda <strong>Contrafarsa<\/strong>. Formar parte de dicha agrupaci\u00f3n le sirvi\u00f3 para poder conocer a diversos artistas, entre quienes se cuentan <strong>Jorge Lazaroff, Ruben Olivera, Mauricio Ubal, Rumbo, Canciones para no dormir la siesta y Fernando Cabrera<\/strong>.\u200b<\/p>\n<p>A mediados de la d\u00e9cada de 1980 comenz\u00f3 a estudiar percusi\u00f3n.<\/p>\n<p>En 1984 se sum\u00f3 a <strong>Falta y Resto<\/strong>, primero como platillero y luego como director. Con esta murga lograr\u00eda el primer premio del Carnaval de Montevideo en 1988 y 1989. M\u00e1s adelante conseguir\u00eda el primer premio tambi\u00e9n con las murgas <strong>La Gran Mu\u00f1eca, Contrafarsa, Asaltantes con Patente y Don Timoteo<\/strong>. Adem\u00e1s, fue elegido &#8220;M\u00e1xima figura del carnaval&#8221; en 2002.<\/p>\n<p>A partir de 1987, form\u00f3 parte de la \u00faltima \u00e9poca del grupo <strong>Los que Iban Cantando<\/strong>.<\/p>\n<p>Form\u00f3 parte de la banda acompa\u00f1ante de diversos artistas, entre quienes se destacan <strong>Jaime Roos, Ruben Olivera, Mauricio Ubal, Jorge Galemire y Jorge Drexler.<\/strong><\/p>\n<p>En 2002 se estren\u00f3 la obra de teatro Murga madre, protagonizada por <strong>&#8220;Pinocho&#8221; Routin y Pitufo<\/strong>. El guion fue de Pinocho y la direcci\u00f3n estuvo a cargo de <strong>Fernando Toja<\/strong>.<\/p>\n<p>La m\u00fasica para la obra fue compuesta por Pitufo. <strong>Murga madre<\/strong> recibi\u00f3 el Premio Florencio al Mejor Espect\u00e1culo Musical ese a\u00f1o. La banda de sonido dio lugar a un disco, que cuenta con las voces de Pinocho y Pitufo, con participaciones de grandes artistas, entre ellos <strong>Jaime Roos<\/strong>, <strong>Hugo y Osvaldo Fattoruso<\/strong>, <strong>Luciano Supervielle<\/strong>,<strong> Eduardo M\u00e9ndez<\/strong> y <strong>Urbano Moraes<\/strong>.<\/p>\n<p>El espect\u00e1culo dio lugar adem\u00e1s a un DVD, grabado en el Teatro Solis. La canci\u00f3n que da nombre a la obra y al disco es la mejor que compuso Ed\u00fa, seg\u00fan su propia opini\u00f3n.<\/p>\n<p>En 2007 comenz\u00f3 su carrera solista con el lanzamiento de su primer disco: Rocanrol. Con este disco logr\u00f3 los Premios Graffiti a Mejor compositor, Mejor \u00e1lbum de solista de m\u00fasica popular uruguaya y Tema del a\u00f1o (por la canci\u00f3n Rocanrol).<\/p>\n<p>En 2009 se public\u00f3 su primer DVD como solista: Rocanrol a dos orillas, grabado en vivo entre Montevideo y Buenos Aires.<\/p>\n<p>En 2010 &#8220;Pitufo&#8221; volvi\u00f3 a protagonizar una obra de teatro con &#8220;Pinocho&#8221; Routin, bajo la direcci\u00f3n de Toja: Montevideo Amor. Se llev\u00f3 a cabo en el Teatro El Galp\u00f3n y fue protagonizada (adem\u00e1s de los dos ya mencionados) por <strong>Mar\u00eda Mendive<\/strong> y<strong> Adriana Da Silva<\/strong>.\u200b La banda de sonido dio lugar a un nuevo disco.<\/p>\n<p>En 2011 se edit\u00f3 el DVD 30 a\u00f1os de m\u00fasica, en el que se incluyen un show grabado en el Teatro Solis en 2010 (con <strong>Liliana Herrero<\/strong>, <strong>Fernando Cabrera<\/strong> y <strong>Contrafarsa<\/strong> como invitados) y testimonios de familiares, conocidos y amigos.<\/p>\n<p>En 2012 se public\u00f3 su segundo disco de estudio como solista: Ilustrados y valientes. Fue distinguido con los Premios Graffiti a Mejor \u00e1lbum de m\u00fasica popular y canci\u00f3n urbana y Mejor compositor del a\u00f1o.<\/p>\n<p>Es de destacar en la carrera solista de &#8220;Pitufo&#8221; la gran cantidad de artistas que ha acompa\u00f1ado en diferentes shows, entre los que se incluyen <strong>Serrat, Lenine, Mercedes Sosa y Le\u00f3n Gieco<\/strong>.<\/p>\n<p>En 2014 realiz\u00f3 la gira &#8220;M\u00e1s Solo Que El Uno&#8221;, que incluy\u00f3 recitales en Espa\u00f1a y Dinamarca, adem\u00e1s de diversas actuaciones en su pa\u00eds.<\/p>\n<p>En 2014 se public\u00f3 por medio de la Editorial Fin de Siglo el libro &#8220;<em>Bien de al lado. Vida y m\u00fasica de Ed\u00fa Pitufo Lombardo<\/em>&#8220;, escrito por el periodista <strong>Fabi\u00e1n Cardozo<\/strong> en base a entrevistas al propio &#8220;Pitufo&#8221; y a otros m\u00fasicos.<\/p>\n<p>En 2017 se edit\u00f3 su tercer disco solista de estudio: M\u00fasicos ambulantes. En el disco colaboraron como invitados importantes m\u00fasicos uruguayos, como <strong>Ruben Rada, Fernando Cabrera, Jorge Drexler, Emiliano Brancciari y Pablo Routin<\/strong>. El \u00e1lbum fue presentado en el Teatro Sol\u00eds en agosto de ese a\u00f1o.\u200b Obtuvo el Premio Graffiti a Mejor \u00e1lbum de candombe fusi\u00f3n.<\/p>\n<p>&nbsp;<\/p>\n<p><strong>Discograf\u00eda<\/strong><\/p>\n<p>Como solista<\/p>\n<p>Rocanrol (Montevideo Music Group, 2007)<br \/>\nIlustrados y valientes (Montevideo Music Group, 2012)<br \/>\nM\u00fasicos ambulantes (Montevideo Music Group, 2017)<\/p>\n<p>Bandas de sonido de obras de teatro (con &#8220;Pinocho&#8221; Routin)<\/p>\n<p>Murga madre (Montevideo Music Group, 2002)<br \/>\nMontevideo Amor (Montevideo Music Group, 2010)<\/p>\n<p>Fuente biograf\u00eda <a href=\"https:\/\/es.wikipedia.org\/wiki\/Pitufo_Lombardo\" target=\"_blank\" rel=\"noopener\">Wikipedia octubre 2024<\/a><\/p>\n<p>&nbsp;<\/p>\n<p>&nbsp;<\/p>\n","protected":false},"excerpt":{"rendered":"<p>Pedro Eduardo Lombardo Echeveste, m\u00e1s conocido como Ed\u00fa \u00abPitufo\u00bb Lombardo, m\u00fasico, multinstrumentista, compositor, arreglador, es sin dudas el director de murga m\u00e1s influyente de los \u00faltimos 25 a\u00f1os de historia de nuestro carnaval, y un gran cronista de nuestra m\u00fasica popular uruguaya.<\/p>\n<p>Due\u00f1o de un bagaje art\u00edstico enorme a tocado con m\u00fasicos como Fernando Cabrera, Jorge Galemire, Jaime Roos, Hugo Fattoruso, Jorge Drexler y una lista innumerable de etc\u00e9teras, conversamos de sus inicios, de la murga, del rol su rol como percusionista, de su mirada como director. Sin dudas uno de los m\u00fasicos m\u00e1s completos de nuestros tiempos.<\/p>\n","protected":false},"author":8,"featured_media":107517,"comment_status":"closed","ping_status":"closed","sticky":false,"template":"","format":"standard","meta":{"om_disable_all_campaigns":false,"ngg_post_thumbnail":0,"jnews-multi-image_gallery":[],"jnews_single_post":{"subtitle":"Cap\u00edtulo octavo - Detr\u00e1s del ritmo Por Pablo Leites","format":"standard","override":[{"template":"4","parallax":"1","layout":"right-sidebar","sidebar":"default-sidebar","second_sidebar":"default-sidebar","sticky_sidebar":"1","share_position":"bottom","share_float_style":"share-monocrhome","show_share_counter":"1","show_view_counter":"1","show_featured":"1","show_post_meta":"1","show_post_author":"1","show_post_author_image":"1","show_post_date":"1","post_date_format":"default","post_date_format_custom":"Y\/m\/d","show_post_category":"1","post_reading_time_wpm":"300","post_calculate_word_method":"str_word_count","zoom_button_out_step":"2","zoom_button_in_step":"3","show_post_tag":"1","show_prev_next_post":"1","show_popup_post":"1","number_popup_post":"1","show_author_box":"1","show_post_related":"0","show_inline_post_related":"0"}],"image_override":[{"single_post_thumbnail_size":"no-crop","single_post_gallery_size":"crop-500"}],"trending_post_position":"meta","trending_post_label":"Trending","sponsored_post_label":"Sponsored by","disable_ad":"0"},"jnews_primary_category":[],"jnews_social_meta":[],"jnews_override_counter":{"view_counter_number":"0","share_counter_number":"0","like_counter_number":"0","dislike_counter_number":"0"},"footnotes":""},"categories":[22959],"tags":[23245],"class_list":["post-107516","post","type-post","status-publish","format-standard","has-post-thumbnail","hentry","category-podcast","tag-pedro-eduardo-lombardo-echeveste"],"yoast_head":"<!-- This site is optimized with the Yoast SEO plugin v27.5 - https:\/\/yoast.com\/product\/yoast-seo-wordpress\/ -->\n<title>Lado C \u2013 Eduardo \u201cPitufo\u201d Lombardo - Cooltivarte Portal<\/title>\n<meta name=\"description\" content=\"Pedro Eduardo Lombardo Echeveste, m\u00e1s conocido como Ed\u00fa \u00abPitufo\u00bb Lombardo, m\u00fasico, multinstrumentista, compositor, arreglador, es sin dudas el director de murga m\u00e1s influyente de los \u00faltimos 25 a\u00f1os de historia de nuestro carnaval, y un gran cronista de nuestra m\u00fasica popular uruguaya.\" \/>\n<meta name=\"robots\" content=\"index, follow, max-snippet:-1, max-image-preview:large, max-video-preview:-1\" \/>\n<link rel=\"canonical\" href=\"https:\/\/cooltivarte.com\/portal\/lado-c-eduardo-pitufo-lombardo\/\" \/>\n<meta property=\"og:locale\" content=\"es_ES\" \/>\n<meta property=\"og:type\" content=\"article\" \/>\n<meta property=\"og:title\" content=\"Lado C \u2013 Eduardo \u201cPitufo\u201d Lombardo - Cap\u00edtulo octavo - Detr\u00e1s del ritmo Por Pablo Leites\" \/>\n<meta property=\"og:description\" content=\"Pedro Eduardo Lombardo Echeveste, m\u00e1s conocido como Ed\u00fa \u00abPitufo\u00bb Lombardo, m\u00fasico, multinstrumentista, compositor, arreglador, es sin dudas el director de murga m\u00e1s influyente de los \u00faltimos 25 a\u00f1os de historia de nuestro carnaval, y un gran cronista de nuestra m\u00fasica popular uruguaya.\" \/>\n<meta property=\"og:url\" content=\"https:\/\/cooltivarte.com\/portal\/lado-c-eduardo-pitufo-lombardo\/\" \/>\n<meta property=\"og:site_name\" content=\"Cooltivarte Portal\" \/>\n<meta property=\"article:publisher\" content=\"https:\/\/www.facebook.com\/cooltivartecom\/\" \/>\n<meta property=\"article:author\" content=\"https:\/\/www.facebook.com\/cooltivartecom\" \/>\n<meta property=\"article:published_time\" content=\"2024-10-25T19:12:32+00:00\" \/>\n<meta property=\"article:modified_time\" content=\"2024-10-25T19:17:12+00:00\" \/>\n<meta property=\"og:image\" content=\"https:\/\/cooltivarte.com\/portal\/wp-content\/uploads\/2024\/10\/Pedro-Eduardo-Lombardo-Echeveste.jpg\" \/>\n\t<meta property=\"og:image:width\" content=\"598\" \/>\n\t<meta property=\"og:image:height\" content=\"597\" \/>\n\t<meta property=\"og:image:type\" content=\"image\/jpeg\" \/>\n<meta name=\"author\" content=\"Cooltivarte\" \/>\n<meta name=\"twitter:card\" content=\"summary_large_image\" \/>\n<meta name=\"twitter:title\" content=\"Lado C \u2013 Eduardo \u201cPitufo\u201d Lombardo - Cap\u00edtulo octavo - Detr\u00e1s del ritmo Por Pablo Leites\" \/>\n<meta name=\"twitter:description\" content=\"Pedro Eduardo Lombardo Echeveste, m\u00e1s conocido como Ed\u00fa \u00abPitufo\u00bb Lombardo, m\u00fasico, multinstrumentista, compositor, arreglador, es sin dudas el director de murga m\u00e1s influyente de los \u00faltimos 25 a\u00f1os de historia de nuestro carnaval, y un gran cronista de nuestra m\u00fasica popular uruguaya.\" \/>\n<meta name=\"twitter:image\" content=\"https:\/\/cooltivarte.com\/portal\/wp-content\/uploads\/2024\/10\/Pedro-Eduardo-Lombardo-Echeveste.jpg\" \/>\n<meta name=\"twitter:creator\" content=\"@https:\/\/x.com\/obolocultural\" \/>\n<meta name=\"twitter:site\" content=\"@obolocultural\" \/>\n<meta name=\"twitter:label1\" content=\"Escrito por\" \/>\n\t<meta name=\"twitter:data1\" content=\"Cooltivarte\" \/>\n\t<meta name=\"twitter:label2\" content=\"Tiempo de lectura\" \/>\n\t<meta name=\"twitter:data2\" content=\"5 minutos\" \/>\n<!-- \/ Yoast SEO plugin. -->","yoast_head_json":{"title":"Lado C \u2013 Eduardo \u201cPitufo\u201d Lombardo - Cooltivarte Portal","description":"Pedro Eduardo Lombardo Echeveste, m\u00e1s conocido como Ed\u00fa \u00abPitufo\u00bb Lombardo, m\u00fasico, multinstrumentista, compositor, arreglador, es sin dudas el director de murga m\u00e1s influyente de los \u00faltimos 25 a\u00f1os de historia de nuestro carnaval, y un gran cronista de nuestra m\u00fasica popular uruguaya.","robots":{"index":"index","follow":"follow","max-snippet":"max-snippet:-1","max-image-preview":"max-image-preview:large","max-video-preview":"max-video-preview:-1"},"canonical":"https:\/\/cooltivarte.com\/portal\/lado-c-eduardo-pitufo-lombardo\/","og_locale":"es_ES","og_type":"article","og_title":"Lado C \u2013 Eduardo \u201cPitufo\u201d Lombardo - Cap\u00edtulo octavo - Detr\u00e1s del ritmo Por Pablo Leites","og_description":"Pedro Eduardo Lombardo Echeveste, m\u00e1s conocido como Ed\u00fa \u00abPitufo\u00bb Lombardo, m\u00fasico, multinstrumentista, compositor, arreglador, es sin dudas el director de murga m\u00e1s influyente de los \u00faltimos 25 a\u00f1os de historia de nuestro carnaval, y un gran cronista de nuestra m\u00fasica popular uruguaya.","og_url":"https:\/\/cooltivarte.com\/portal\/lado-c-eduardo-pitufo-lombardo\/","og_site_name":"Cooltivarte Portal","article_publisher":"https:\/\/www.facebook.com\/cooltivartecom\/","article_author":"https:\/\/www.facebook.com\/cooltivartecom","article_published_time":"2024-10-25T19:12:32+00:00","article_modified_time":"2024-10-25T19:17:12+00:00","og_image":[{"width":598,"height":597,"url":"https:\/\/cooltivarte.com\/portal\/wp-content\/uploads\/2024\/10\/Pedro-Eduardo-Lombardo-Echeveste.jpg","type":"image\/jpeg"}],"author":"Cooltivarte","twitter_card":"summary_large_image","twitter_title":"Lado C \u2013 Eduardo \u201cPitufo\u201d Lombardo - Cap\u00edtulo octavo - Detr\u00e1s del ritmo Por Pablo Leites","twitter_description":"Pedro Eduardo Lombardo Echeveste, m\u00e1s conocido como Ed\u00fa \u00abPitufo\u00bb Lombardo, m\u00fasico, multinstrumentista, compositor, arreglador, es sin dudas el director de murga m\u00e1s influyente de los \u00faltimos 25 a\u00f1os de historia de nuestro carnaval, y un gran cronista de nuestra m\u00fasica popular uruguaya.","twitter_image":"https:\/\/cooltivarte.com\/portal\/wp-content\/uploads\/2024\/10\/Pedro-Eduardo-Lombardo-Echeveste.jpg","twitter_creator":"@https:\/\/x.com\/obolocultural","twitter_site":"@obolocultural","twitter_misc":{"Escrito por":"Cooltivarte","Tiempo de lectura":"5 minutos"},"schema":{"@context":"https:\/\/schema.org","@graph":[{"@type":"NewsArticle","@id":"https:\/\/cooltivarte.com\/portal\/lado-c-eduardo-pitufo-lombardo\/#article","isPartOf":{"@id":"https:\/\/cooltivarte.com\/portal\/lado-c-eduardo-pitufo-lombardo\/"},"author":{"name":"Cooltivarte","@id":"https:\/\/cooltivarte.com\/portal\/#\/schema\/person\/ec2a4f4e71b740d0c559c0ab9a157e19"},"headline":"Lado C \u2013 Eduardo \u201cPitufo\u201d Lombardo","datePublished":"2024-10-25T19:12:32+00:00","dateModified":"2024-10-25T19:17:12+00:00","mainEntityOfPage":{"@id":"https:\/\/cooltivarte.com\/portal\/lado-c-eduardo-pitufo-lombardo\/"},"wordCount":875,"publisher":{"@id":"https:\/\/cooltivarte.com\/portal\/#organization"},"image":{"@id":"https:\/\/cooltivarte.com\/portal\/lado-c-eduardo-pitufo-lombardo\/#primaryimage"},"thumbnailUrl":"https:\/\/cooltivarte.com\/portal\/wp-content\/uploads\/2024\/10\/Pedro-Eduardo-Lombardo-Echeveste.jpg","keywords":["Pedro Eduardo Lombardo Echeveste"],"articleSection":["Podcast"],"inLanguage":"es-AR"},{"@type":"WebPage","@id":"https:\/\/cooltivarte.com\/portal\/lado-c-eduardo-pitufo-lombardo\/","url":"https:\/\/cooltivarte.com\/portal\/lado-c-eduardo-pitufo-lombardo\/","name":"Lado C \u2013 Eduardo \u201cPitufo\u201d Lombardo - Cooltivarte Portal","isPartOf":{"@id":"https:\/\/cooltivarte.com\/portal\/#website"},"primaryImageOfPage":{"@id":"https:\/\/cooltivarte.com\/portal\/lado-c-eduardo-pitufo-lombardo\/#primaryimage"},"image":{"@id":"https:\/\/cooltivarte.com\/portal\/lado-c-eduardo-pitufo-lombardo\/#primaryimage"},"thumbnailUrl":"https:\/\/cooltivarte.com\/portal\/wp-content\/uploads\/2024\/10\/Pedro-Eduardo-Lombardo-Echeveste.jpg","datePublished":"2024-10-25T19:12:32+00:00","dateModified":"2024-10-25T19:17:12+00:00","description":"Pedro Eduardo Lombardo Echeveste, m\u00e1s conocido como Ed\u00fa \u00abPitufo\u00bb Lombardo, m\u00fasico, multinstrumentista, compositor, arreglador, es sin dudas el director de murga m\u00e1s influyente de los \u00faltimos 25 a\u00f1os de historia de nuestro carnaval, y un gran cronista de nuestra m\u00fasica popular uruguaya.","breadcrumb":{"@id":"https:\/\/cooltivarte.com\/portal\/lado-c-eduardo-pitufo-lombardo\/#breadcrumb"},"inLanguage":"es-AR","potentialAction":[{"@type":"ReadAction","target":["https:\/\/cooltivarte.com\/portal\/lado-c-eduardo-pitufo-lombardo\/"]}]},{"@type":"ImageObject","inLanguage":"es-AR","@id":"https:\/\/cooltivarte.com\/portal\/lado-c-eduardo-pitufo-lombardo\/#primaryimage","url":"https:\/\/cooltivarte.com\/portal\/wp-content\/uploads\/2024\/10\/Pedro-Eduardo-Lombardo-Echeveste.jpg","contentUrl":"https:\/\/cooltivarte.com\/portal\/wp-content\/uploads\/2024\/10\/Pedro-Eduardo-Lombardo-Echeveste.jpg","width":598,"height":597,"caption":"Pedro Eduardo Lombardo Echeveste"},{"@type":"BreadcrumbList","@id":"https:\/\/cooltivarte.com\/portal\/lado-c-eduardo-pitufo-lombardo\/#breadcrumb","itemListElement":[{"@type":"ListItem","position":1,"name":"Portada","item":"https:\/\/cooltivarte.com\/portal\/"},{"@type":"ListItem","position":2,"name":"Lado C \u2013 Eduardo \u201cPitufo\u201d Lombardo"}]},{"@type":"WebSite","@id":"https:\/\/cooltivarte.com\/portal\/#website","url":"https:\/\/cooltivarte.com\/portal\/","name":"Cooltivarte Portal","description":"Arte, cultura y turismo para el mundo ...","publisher":{"@id":"https:\/\/cooltivarte.com\/portal\/#organization"},"potentialAction":[{"@type":"SearchAction","target":{"@type":"EntryPoint","urlTemplate":"https:\/\/cooltivarte.com\/portal\/?s={search_term_string}"},"query-input":{"@type":"PropertyValueSpecification","valueRequired":true,"valueName":"search_term_string"}}],"inLanguage":"es-AR"},{"@type":"Organization","@id":"https:\/\/cooltivarte.com\/portal\/#organization","name":"cooltivarte","url":"https:\/\/cooltivarte.com\/portal\/","logo":{"@type":"ImageObject","inLanguage":"es-AR","@id":"https:\/\/cooltivarte.com\/portal\/#\/schema\/logo\/image\/","url":"https:\/\/cooltivarte.com\/portal\/wp-content\/uploads\/2020\/04\/logo-cooltivarte-v2.png","contentUrl":"https:\/\/cooltivarte.com\/portal\/wp-content\/uploads\/2020\/04\/logo-cooltivarte-v2.png","width":851,"height":243,"caption":"cooltivarte"},"image":{"@id":"https:\/\/cooltivarte.com\/portal\/#\/schema\/logo\/image\/"},"sameAs":["https:\/\/www.facebook.com\/cooltivartecom\/","https:\/\/x.com\/obolocultural","https:\/\/www.instagram.com\/_cooltivarte_\/","https:\/\/www.linkedin.com\/company\/-bolocultural?reportsuccess=8zaNG1HwhPbAR9iQhZ5rfGeqz_vQFftHun0ZWU0Wy9vNemRJ8vtcKdJvzQfW8XagyOJSKg0XvfJ1dp","https:\/\/www.pinterest.com\/cooltivarte\/","https:\/\/cooltivarte.tumblr.com\/","https:\/\/www.tiktok.com\/@cooltivarte","https:\/\/www.youtube.com\/@PrensaCooltivarte"]},{"@type":"Person","@id":"https:\/\/cooltivarte.com\/portal\/#\/schema\/person\/ec2a4f4e71b740d0c559c0ab9a157e19","name":"Cooltivarte","image":{"@type":"ImageObject","inLanguage":"es-AR","@id":"https:\/\/cooltivarte.com\/portal\/wp-content\/uploads\/2014\/05\/logo-cooltivarte-120x120.jpg","url":"https:\/\/cooltivarte.com\/portal\/wp-content\/uploads\/2014\/05\/logo-cooltivarte-120x120.jpg","contentUrl":"https:\/\/cooltivarte.com\/portal\/wp-content\/uploads\/2014\/05\/logo-cooltivarte-120x120.jpg","caption":"Cooltivarte"},"description":"Somos COOLTIVARTE.COM. Un portal digital dedicado a difundir el acontecer art\u00edstico y cultural del Uruguay. Estamos en la vuelta desde el a\u00f1o 2003, y como evoluci\u00f3n del bolet\u00edn Obolo Cultural, nos encontramos abocados a apoyar a los artistas nacionales brind\u00e1ndoles un espacio de difusi\u00f3n. Creemos en la idea de utilizar la potencialidad que hoy d\u00eda nos otorga la web, para que la cultura uruguaya y sus creadores dispongan de una din\u00e1mica ventana, que los ponga en contacto entre s\u00ed y con el mundo. Somos COOLTIVARTE.COM y pretendemos configurarnos como un portal din\u00e1mico, entretenido y atento a los nuevos emprendimientos, que busque siempre la interacci\u00f3n con los artistas.","sameAs":["http:\/\/www.cooltivarte.com","https:\/\/www.facebook.com\/cooltivartecom","https:\/\/www.instagram.com\/_cooltivarte_\/","https:\/\/www.linkedin.com\/company\/-bolocultural","https:\/\/www.pinterest.com\/cooltivarte\/","https:\/\/x.com\/https:\/\/x.com\/obolocultural","https:\/\/www.youtube.com\/@PrensaCooltivarte","https:\/\/www.tumblr.com\/blog\/cooltivarte"],"url":"https:\/\/cooltivarte.com\/portal\/author\/cooltivarte\/"}]}},"_links":{"self":[{"href":"https:\/\/cooltivarte.com\/portal\/wp-json\/wp\/v2\/posts\/107516","targetHints":{"allow":["GET"]}}],"collection":[{"href":"https:\/\/cooltivarte.com\/portal\/wp-json\/wp\/v2\/posts"}],"about":[{"href":"https:\/\/cooltivarte.com\/portal\/wp-json\/wp\/v2\/types\/post"}],"author":[{"embeddable":true,"href":"https:\/\/cooltivarte.com\/portal\/wp-json\/wp\/v2\/users\/8"}],"replies":[{"embeddable":true,"href":"https:\/\/cooltivarte.com\/portal\/wp-json\/wp\/v2\/comments?post=107516"}],"version-history":[{"count":3,"href":"https:\/\/cooltivarte.com\/portal\/wp-json\/wp\/v2\/posts\/107516\/revisions"}],"predecessor-version":[{"id":107522,"href":"https:\/\/cooltivarte.com\/portal\/wp-json\/wp\/v2\/posts\/107516\/revisions\/107522"}],"wp:featuredmedia":[{"embeddable":true,"href":"https:\/\/cooltivarte.com\/portal\/wp-json\/wp\/v2\/media\/107517"}],"wp:attachment":[{"href":"https:\/\/cooltivarte.com\/portal\/wp-json\/wp\/v2\/media?parent=107516"}],"wp:term":[{"taxonomy":"category","embeddable":true,"href":"https:\/\/cooltivarte.com\/portal\/wp-json\/wp\/v2\/categories?post=107516"},{"taxonomy":"post_tag","embeddable":true,"href":"https:\/\/cooltivarte.com\/portal\/wp-json\/wp\/v2\/tags?post=107516"}],"curies":[{"name":"wp","href":"https:\/\/api.w.org\/{rel}","templated":true}]}}