{"id":107165,"date":"2024-10-11T20:51:44","date_gmt":"2024-10-11T23:51:44","guid":{"rendered":"https:\/\/cooltivarte.com\/portal\/?p=107165"},"modified":"2024-10-11T20:51:44","modified_gmt":"2024-10-11T23:51:44","slug":"61-premio-nacional-2024","status":"publish","type":"post","link":"https:\/\/cooltivarte.com\/portal\/61-premio-nacional-2024\/","title":{"rendered":"61 PREMIO NACIONAL 2024"},"content":{"rendered":"<p><img fetchpriority=\"high\" decoding=\"async\" class=\"aligncenter wp-image-107166 size-full\" title=\"61 PREMIO NACIONAL 2024 - Recorriendo Exposiciones - Espacio De Arte Contempor\u00e1meo EAC por Daniel Benoit Cassou\" src=\"https:\/\/cooltivarte.com\/portal\/wp-content\/uploads\/2024\/10\/61-PREMIO-NACIONAL-2024-Recorriendo-Exposiciones-Espacio-De-Arte-Contemporameo-EAC-por-Daniel-Benoit-Cassou.jpg\" alt=\"61 PREMIO NACIONAL 2024 - Recorriendo Exposiciones - Espacio De Arte Contempor\u00e1meo EAC por Daniel Benoit Cassou\" width=\"573\" height=\"538\" srcset=\"https:\/\/cooltivarte.com\/portal\/wp-content\/uploads\/2024\/10\/61-PREMIO-NACIONAL-2024-Recorriendo-Exposiciones-Espacio-De-Arte-Contemporameo-EAC-por-Daniel-Benoit-Cassou.jpg 573w, https:\/\/cooltivarte.com\/portal\/wp-content\/uploads\/2024\/10\/61-PREMIO-NACIONAL-2024-Recorriendo-Exposiciones-Espacio-De-Arte-Contemporameo-EAC-por-Daniel-Benoit-Cassou-300x282.jpg 300w\" sizes=\"(max-width: 573px) 100vw, 573px\" \/><\/p>\n<div class=\"x11i5rnm xat24cr x1mh8g0r x1vvkbs xtlvy1s x126k92a\">\n<div dir=\"auto\">&nbsp;<\/div>\n<div dir=\"auto\">Es una suerte para nuestro pa\u00eds contar con el <strong>Premio Nacional de Artes Visuales<\/strong> (PM) el que fue creado en 1937 el cual perdura hasta el d\u00eda de hoy.<\/div>\n<div dir=\"auto\">&nbsp;<\/div>\n<div dir=\"auto\">Esta edici\u00f3n homenajea al artista <a href=\"https:\/\/cooltivarte.com\/portal\/?s=Clever+Lara\" target=\"_blank\" rel=\"noopener\"><strong>Clever Lara<\/strong><\/a> (Rivera, 1952) de quien se presenta una selecci\u00f3n de obras de algunos de los artistas que pasaron por su taller.<\/div>\n<\/div>\n<div class=\"x11i5rnm xat24cr x1mh8g0r x1vvkbs xtlvy1s x126k92a\">\n<div dir=\"auto\">&nbsp;<\/div>\n<div dir=\"auto\">El objetivo del PM es dar visibilidad y oportunidad de exhibici\u00f3n a los artistas que se manifiestan dentro de la actualidad art\u00edstica, sin embargo no siempre se logra cumplir con el cometido.<\/div>\n<div dir=\"auto\">&nbsp;<\/div>\n<div dir=\"auto\">Este certamen se celebra cada dos a\u00f1os y edici\u00f3n tras otra el jurado var\u00eda, aspecto destacable, sin embargo no existe una coherencia lineal entre los seleccionados los cuales una edici\u00f3n son aceptados e inclusive premiados y en la siguiente ni siquiera son incluidos.<\/div>\n<div dir=\"auto\">&nbsp;<\/div>\n<div dir=\"auto\">Tampoco deber\u00edamos preocuparnos por ello pues se trata de un aspecto subjetivo de cada jurado pero sabemos que a los artistas, y mas a\u00fan frente a las limitadas oportunidades de exhibir sus obras y lograr resultados positivos, ello les mal afecta.<\/div>\n<\/div>\n<div class=\"x11i5rnm xat24cr x1mh8g0r x1vvkbs xtlvy1s x126k92a\">\n<div dir=\"auto\">&nbsp;<\/div>\n<div dir=\"auto\">Este tipo de concursos deber\u00edan de ser constructivos y crear una l\u00ednea que permita la creaci\u00f3n de un discurso evolutivo as\u00ed como una ret\u00f3rica del trabajo de nuestros artistas.<\/div>\n<div dir=\"auto\">&nbsp;<\/div>\n<div dir=\"auto\">Para ello habr\u00eda que considerar dos temas inherentes al aspecto constructivo: crear dos \u00e1mbitos dentro del PN, uno para aquellos que ya han logrado un lugar destacado en ediciones anteriores donde simplemente tengan la oportunidad de mostrar lo que est\u00e1n haciendo con independencia de sus edades y otro para los artistas emergentes.<\/div>\n<div dir=\"auto\">&nbsp;<\/div>\n<div dir=\"auto\">Asimismo una gran falta a subsanar lo que ser\u00eda muy saludable tanto para artistas como para espectadores, es la presencia f\u00edsica de los premios adquisici\u00f3n dentro de un espacio donde sean exhibidas las obras de las ediciones anteriores.<\/div>\n<div dir=\"auto\">&nbsp;<\/div>\n<div dir=\"auto\">Este aspecto no menor construye una alocuci\u00f3n a la vez que potencia y dignifica a los artistas.<\/div>\n<div dir=\"auto\">&nbsp;<\/div>\n<div dir=\"auto\">Hace pocos d\u00edas pude apreciar ese sistema en el <strong><a href=\"https:\/\/cooltivarte.com\/portal\/?s=Premio+Pipa\" target=\"_blank\" rel=\"noopener\">Premio Pipa<\/a><\/strong> en R\u00edo de Janeiro donde en una sala se exponen los premiados anteriores y en otra las obras premiadas actuales.<\/div>\n<div dir=\"auto\">&nbsp;<\/div>\n<div dir=\"auto\">Salas y recursos econ\u00f3micos tenemos, al menos eso se ha percibido en el recientemente re inaugurado Museo del Gaucho y la Moneda.<\/div>\n<div dir=\"auto\">&nbsp;<\/div>\n<div dir=\"auto\">Es inadmisible que nuestros artistas contin\u00faen siendo invisibilizados con las consecuencias negativas que ello produce.<\/div>\n<\/div>\n<div class=\"x11i5rnm xat24cr x1mh8g0r x1vvkbs xtlvy1s x126k92a\">\n<div dir=\"auto\">&nbsp;<\/div>\n<div dir=\"auto\">Dicho ello, vayamos a esta edici\u00f3n.<\/div>\n<div dir=\"auto\">&nbsp;<\/div>\n<div dir=\"auto\">Para comenzar cabe considerar la selecci\u00f3n del jurado compuesto por nuestros artistas<strong> Ignacio Iturria<\/strong> (Montevideo, 1949), <strong>Guadalupe Ayala<\/strong> (Buenos Aires, 1976), uruguaya por adopci\u00f3n ganadora de la edici\u00f3n del PN anterior y la gestora cultural<strong> Anal\u00eda Solomnoff<\/strong> (Rosario, 1972) directora del Museo Provincial de Bellas Artes <strong>Rosa Galisteo de Rodr\u00edguez<\/strong> en Santa Fe, un tr\u00edo bastante heterog\u00e9neo quienes trabajaron durante varios meses.<\/div>\n<div dir=\"auto\">&nbsp;<\/div>\n<div dir=\"auto\">Se presentaron 360 artistas de los cuales fueron seleccionados 35.<\/div>\n<\/div>\n<div class=\"x11i5rnm xat24cr x1mh8g0r x1vvkbs xtlvy1s x126k92a\">\n<div dir=\"auto\">&nbsp;<\/div>\n<div dir=\"auto\">Llama la atenci\u00f3n en forma poderosa los espacios ocupados por artistas que ya tienen presencia en galer\u00edas de arte con el respaldo econ\u00f3mico impl\u00edcito m\u00e1xime que su lugar en el PN no aporta nada nuevo.<\/div>\n<div dir=\"auto\">&nbsp;<\/div>\n<div dir=\"auto\">Tampoco est\u00e1 bien que continuemos insistiendo con una mirada m\u00e1s tan centralizadora sin darle la oportunidad a los artistas del interior del pa\u00eds.<\/div>\n<\/div>\n<div class=\"x11i5rnm xat24cr x1mh8g0r x1vvkbs xtlvy1s x126k92a\">\n<div dir=\"auto\">&nbsp;<\/div>\n<div dir=\"auto\">El Gran Premio Adquisici\u00f3n MEC recay\u00f3 en forma muy oportuna sobre la obra \u201cEnvueltos\u201d de <a href=\"https:\/\/cooltivarte.com\/portal\/?s=Francesca+Cassariego\" target=\"_blank\" rel=\"noopener\"><strong>Francesca Cassariego<\/strong><\/a>.<\/div>\n<div dir=\"auto\">&nbsp;<\/div>\n<div dir=\"auto\">Una joven que proviene de un \u00e1mbito fuera del art\u00edstico tradicional que con su obra compuesta por alfombras de grandes dimensiones con la que ha logrado sensibilizar a la vez que cuenta con una puesta en escena muy particular a la vez que creativa.<\/div>\n<div dir=\"auto\">&nbsp;<\/div>\n<div dir=\"auto\"><a href=\"https:\/\/cooltivarte.com\/portal\/?s=Alejandro+Cruz\" target=\"_blank\" rel=\"noopener\"><strong>Alejandro Cruz<\/strong><\/a> es un artista sumamente efectivo y con una obra contundente contrario a la monumentalidad de otros.<\/div>\n<div dir=\"auto\">&nbsp;<\/div>\n<div dir=\"auto\">\u201cGolden dream\u201d no est\u00e1 exhibida en el mejor lugar as\u00ed como tantos otros quienes pierden potencialidad en sus discursos. Los corredores no son los mejores espacios expositivos mucho menos aun cuando cuentan con una verticalidad que el espectador debe de vencer buscando la postura acorde no solo para apreciar la obra sino para meterse en la tem\u00e1tica.<\/div>\n<\/div>\n<div class=\"x11i5rnm xat24cr x1mh8g0r x1vvkbs xtlvy1s x126k92a\">\n<div dir=\"auto\">&nbsp;<\/div>\n<div dir=\"auto\"><a href=\"https:\/\/cooltivarte.com\/portal\/?s=Carolina+Fontana\" target=\"_blank\" rel=\"noopener\"><strong>Carolina Fontana<\/strong><\/a> presenta una de las obras m\u00e1s destacadas y su tr\u00edptico denota un ascenso en forma continua donde la artista de forma po\u00e9tica nos induce a una mirada diferente detr\u00e1s de una an\u00e1lisis en relaci\u00f3n a la creaci\u00f3n del discurso de lo que definimos c\u00f3mo contemporaneidad.<\/div>\n<\/div>\n<div class=\"x11i5rnm xat24cr x1mh8g0r x1vvkbs xtlvy1s x126k92a\">\n<div dir=\"auto\">&nbsp;<\/div>\n<div dir=\"auto\"><a href=\"https:\/\/cooltivarte.com\/portal\/?s=Santiago+Grandal\" target=\"_blank\" rel=\"noopener\"><strong>Santiago Grandal<\/strong><\/a> es un artista sutil quien logra siempre un fuerte impacto en el p\u00fablico a la vez que nos paraliza, generando incomodidades induciendo al espectador a la elaboraci\u00f3n de un discurso interno propio de cada uno.<\/div>\n<div dir=\"auto\">&nbsp;<\/div>\n<div dir=\"auto\">En esta oportunidad presenta una obra de grandes dimensiones titulada \u201cJenga\u201d la cual alude a la inestabilidad, tem\u00e1tica recurrente en sus obras, tanto de las corporaciones f\u00edsicas como de \u00edndoles personales.<\/div>\n<\/div>\n<div class=\"x11i5rnm xat24cr x1mh8g0r x1vvkbs xtlvy1s x126k92a\">\n<div dir=\"auto\">&nbsp;<\/div>\n<div dir=\"auto\"><a href=\"https:\/\/cooltivarte.com\/portal\/?s=Agust%C3%ADn+Sabella\" target=\"_blank\" rel=\"noopener\">Agust\u00edn Sabella<\/a> presenta una de las mejores propuestas con un paneo compuestos por 44 bolsas de nylon titulado \u201cEl mundo est\u00e1 lleno de objetos\u201d, donde reitera la misma frase en cada una induciendo a incitar dudas en relaci\u00f3n al arte contempor\u00e1neo.<\/div>\n<\/div>\n<div class=\"x11i5rnm xat24cr x1mh8g0r x1vvkbs xtlvy1s x126k92a\">\n<div dir=\"auto\">&nbsp;<\/div>\n<div dir=\"auto\">El Segundo Premio Adquisici\u00f3n MEC fue para la obra \u201cFADE Drama de \u00e9poca\u201d de <a href=\"https:\/\/cooltivarte.com\/portal\/?s=Fernando+Sicco\" target=\"_blank\" rel=\"noopener\"><strong>Fernando Sicco<\/strong><\/a> un video muy pausado a la vez que atrapante insertado dentro de un ambiente muy propicio que lamentablemente otros v\u00eddeos no contaron con ese beneficio del espacio necesario.<\/div>\n<div dir=\"auto\">&nbsp;<\/div>\n<div dir=\"auto\">Su video es el registro de un flamenco desplaz\u00e1ndose en una ruta asfaltada en medio de Los Andes el que hace alusi\u00f3n a la postura antropoc\u00e9ntrica del ser humano as\u00ed como la necesidad imperante de asimilar a toda la amplia variedad de personas en todas sus diferentes manifestaciones.<\/div>\n<\/div>\n<div class=\"x11i5rnm xat24cr x1mh8g0r x1vvkbs xtlvy1s x126k92a\">\n<div dir=\"auto\">&nbsp;<\/div>\n<div dir=\"auto\"><a href=\"https:\/\/cooltivarte.com\/portal\/?s=Natalia+de+Le%C3%B3n\" target=\"_blank\" rel=\"noopener\"><strong>Natalia de Le\u00f3n<\/strong><\/a> fue aceptaba a partir de \u201cContrarchivo\u201d una obra que ya hab\u00eda presentado en una sala de la Ciudad Vieja de Montevideo donde trabaja el tema de la descolonizaci\u00f3n con fotograf\u00edas familiares que va pintando de negro.<\/div>\n<\/div>\n<div class=\"x11i5rnm xat24cr x1mh8g0r x1vvkbs xtlvy1s x126k92a\">\n<div dir=\"auto\">&nbsp;<\/div>\n<div dir=\"auto\"><a href=\"https:\/\/cooltivarte.com\/portal\/?s=Luigi+Gioia\" target=\"_blank\" rel=\"noopener\"><strong>Luigi Gioia<\/strong><\/a> necesitar\u00eda un espacio m\u00e1s acorde y menos contaminado que nos permita abordar con mayor efectividad su propuesta tan perspicaz con la cual aborda la incidencia que genera la aplicaci\u00f3n Tik Tok tan perversa como adictiva.<\/div>\n<\/div>\n<div class=\"x11i5rnm xat24cr x1mh8g0r x1vvkbs xtlvy1s x126k92a\">\n<div dir=\"auto\">&nbsp;<\/div>\n<div dir=\"auto\"><a href=\"https:\/\/cooltivarte.com\/portal\/?s=Silvina+Cort%C3%A9s\" target=\"_blank\" rel=\"noopener\"><strong>Silvina Cort\u00e9s<\/strong><\/a> artista poco conocida, hace uso de un escenario creado de forma muy peculiar que nos conduce a un \u00e1mbito cargado de fantas\u00eda y agudeza.<\/div>\n<div dir=\"auto\">&nbsp;<\/div>\n<div dir=\"auto\">Titulado \u201cRitual de r\u00edo\u201d, la artista conjuga una instalaci\u00f3n compuesta por vidrio, cer\u00e1mica esmaltada, plata, cobre, n\u00e1car y metal.<\/div>\n<div dir=\"auto\">&nbsp;<\/div>\n<div dir=\"auto\">Otro propuesta innovadora y atractiva es \u201cPatrones Urbanos\u201d de <a href=\"https:\/\/cooltivarte.com\/portal\/?s=Thomas+Guti%C3%A9rrez\" target=\"_blank\" rel=\"noopener\"><strong>Thomas Guti\u00e9rrez<\/strong><\/a> quien conjuga el arte pop con piezas constructivas como los bloques integrando diversos aspectos como la publicidad, la pol\u00edtica, el street art, entre otros, haciendo alusi\u00f3n a la complejidad del entramado social.<\/div>\n<\/div>\n<div class=\"x11i5rnm xat24cr x1mh8g0r x1vvkbs xtlvy1s x126k92a\">\n<div dir=\"auto\">&nbsp;<\/div>\n<div dir=\"auto\"><a href=\"https:\/\/cooltivarte.com\/portal\/?s=Mayra+da+Silva\" target=\"_blank\" rel=\"noopener\"><strong>Mayra da Silva<\/strong><\/a> y <a href=\"https:\/\/cooltivarte.com\/portal\/?s=Florencia+Mart%C3%ADnez+Aysa\" target=\"_blank\" rel=\"noopener\"><strong>Florencia Mart\u00ednez Aysa<\/strong><\/a> son dos j\u00f3venes artistas con reconocimiento que vienen pisando fuerte.<\/div>\n<div dir=\"auto\">&nbsp;<\/div>\n<div dir=\"auto\">Ambas presentan videos con sus tem\u00e1ticas recurrentes. Da Silva hace alusi\u00f3n al \u00e1mbito afro descendiente.<\/div>\n<div dir=\"auto\">&nbsp;<\/div>\n<div dir=\"auto\">Por su lado Mart\u00ednez Aysa con \u201cCriada naturalmente y sin cultivo, agreste, salvaje\u201d, combina un video en una instalaci\u00f3n compuesta por tierra y seis espinas que hacen referencia a las mujeres de su familia dando cabida asimismo al sufrimiento que debi\u00f3 de padecer a ra\u00edz de su condici\u00f3n sexual.<\/div>\n<div dir=\"auto\">&nbsp;<\/div>\n<div dir=\"auto\">La inclusi\u00f3n de las espinas forma parte de su discurso que ha compuesto en otras oportunidades mediante el uso de los abrojos, otro tipo de espinas de campo que tambi\u00e9n ha lacerado su piel.<\/div>\n<\/div>\n<div class=\"x11i5rnm xat24cr x1mh8g0r x1vvkbs xtlvy1s x126k92a\">\n<div dir=\"auto\">&nbsp;<\/div>\n<div dir=\"auto\">Mencion especial para la obra de <a href=\"https:\/\/cooltivarte.com\/portal\/?s=Juan+Manuel+Barrios\" target=\"_blank\" rel=\"noopener\"><strong>Juan Manuel Barrios<\/strong><\/a> con \u201cEl color es la m\u00fasica para los ojos\u201d compuesta por 30 fotograf\u00edas impresa en acetatos, placas de vidrio, madera y vinilo.<\/div>\n<div dir=\"auto\">&nbsp;<\/div>\n<div dir=\"auto\">Son im\u00e1genes que el artista percibe desde su apartamento ubicado en el Palacio Salvo desde donde observa el R\u00edo de la Plata y los diferentes matices de la luz a las diferentes horas del d\u00eda.<\/div>\n<div dir=\"auto\">&nbsp;<\/div>\n<div dir=\"auto\">Barrios compone obras figurativas de tenor abstracto combinando luces y colores que asimismo se reflejan sobre la gran placa de madera sobre las que est\u00e1n apoyadas.<\/div>\n<div dir=\"auto\">&nbsp;<\/div>\n<div dir=\"auto\">Se trata de una obra de gran complejidad donde conviven varios aspectos as\u00ed como soportes.<\/div>\n<\/div>\n<div class=\"x11i5rnm xat24cr x1mh8g0r x1vvkbs xtlvy1s x126k92a\">\n<div dir=\"auto\">&nbsp;<\/div>\n<div dir=\"auto\">El video \u201cPlaya Roc\u00edo L\u00f3pez\u201d de <a href=\"https:\/\/cooltivarte.com\/portal\/?s=Lulo+Demarco\" target=\"_blank\" rel=\"noopener\"><strong>Lulo Demarco<\/strong><\/a> resulta enigm\u00e1tico y hace alusi\u00f3n al doble discurso de diversos tem\u00e1ticas incluyendo el aspecto queer.<\/div>\n<\/div>\n<div class=\"x11i5rnm xat24cr x1mh8g0r x1vvkbs xtlvy1s x126k92a\">\n<div dir=\"auto\">&nbsp;<\/div>\n<div dir=\"auto\">Por su lado la instalaci\u00f3n \u201cBa\u00f1o\u201d de <a href=\"https:\/\/cooltivarte.com\/portal\/?s=Natalia+Brignoni\" target=\"_blank\" rel=\"noopener\"><strong>Natalia Brignoni<\/strong><\/a> induce a un acercamiento con suma curiosidad aspecto destacable dentro del discurso de todo artista.<\/div>\n<\/div>\n<div class=\"x11i5rnm xat24cr x1mh8g0r x1vvkbs xtlvy1s x126k92a\">\n<div dir=\"auto\">&nbsp;<\/div>\n<div dir=\"auto\">Artistas seleccionados:<\/div>\n<\/div>\n<div class=\"x11i5rnm xat24cr x1mh8g0r x1vvkbs xtlvy1s x126k92a\">\n<div dir=\"auto\">&nbsp;<\/div>\n<div dir=\"auto\"><strong>Adela Casacuberta, Agust\u00edn Sabella, Alejandro Cruz, Anibal Conde &amp; Magdalena Leite, Carolina Fontana Di Rende, Casa De Balneario, Dani Scharf, Elisa Rios, elReina, Fernando Sicco, Florencia Martinez Aysa, Francesca Cassariego, Francisca Maya, Francisco Cunha, Gast\u00f3n Haro, Juan Manuel Barrios Gimenez, Juanito Conte, Leonardo Aguirre Di Matteo, Luigi Gioia, Lulo Demarco, Magali Milkis, Magdalena Gurmendez, Mayra Da Silva, Myriam Zini, Nacho Gonz\u00e1lez, Natalia Brignoni, Natalia de Le\u00f3n, Osvaldo Cibils, Ra\u00fcl \u201cRulfo\u201d Alvarez, Santiago Grandal, Silvina Cort\u00e9s, Sof\u00eda Cordoba, Thomas Guti\u00e9rrez, Tinno Circadian, Yudi Yudoyoko.<\/strong><\/div>\n<\/div>\n<div class=\"x11i5rnm xat24cr x1mh8g0r x1vvkbs xtlvy1s x126k92a\">\n<div dir=\"auto\">&nbsp;<\/div>\n<div dir=\"auto\"><strong>La exposici\u00f3n puede visitarse de mi\u00e9rcoles a s\u00e1bados, de 13 a 19 h y domingos de 11 a 17 h en el Espacio de Arte Contempor\u00e1neo, Arenal Grande 1930.<\/strong><\/div>\n<\/div>\n<div dir=\"auto\">&nbsp;<\/div>\n<div dir=\"auto\">&nbsp;<\/div>\n<blockquote class=\"instagram-media\" style=\"background: #FFF; border: 0; border-radius: 3px; box-shadow: 0 0 1px 0 rgba(0,0,0,0.5),0 1px 10px 0 rgba(0,0,0,0.15); margin: 1px; max-width: 540px; min-width: 326px; padding: 0; width: calc(100% - 2px);\" data-instgrm-captioned=\"\" data-instgrm-permalink=\"https:\/\/www.instagram.com\/reel\/DA05XrmpkZ9\/?utm_source=ig_embed&amp;utm_campaign=loading\" data-instgrm-version=\"14\">\n<div style=\"padding: 16px;\">\n<p>&nbsp;<\/p>\n<div style=\"display: flex; flex-direction: row; align-items: center;\">\n<div style=\"background-color: #f4f4f4; border-radius: 50%; flex-grow: 0; height: 40px; margin-right: 14px; width: 40px;\">&nbsp;<\/div>\n<div style=\"display: flex; flex-direction: column; flex-grow: 1; justify-content: center;\">\n<div style=\"background-color: #f4f4f4; border-radius: 4px; flex-grow: 0; height: 14px; margin-bottom: 6px; width: 100px;\">&nbsp;<\/div>\n<div style=\"background-color: #f4f4f4; border-radius: 4px; flex-grow: 0; height: 14px; width: 60px;\">&nbsp;<\/div>\n<\/div>\n<\/div>\n<div style=\"padding: 19% 0;\">&nbsp;<\/div>\n<div style=\"display: block; height: 50px; margin: 0 auto 12px; width: 50px;\">&nbsp;<\/div>\n<div style=\"padding-top: 8px;\">\n<div style=\"color: #3897f0; font-family: Arial,sans-serif; font-size: 14px; font-style: normal; font-weight: 550; line-height: 18px;\">Ver esta publicaci\u00f3n en Instagram<\/div>\n<\/div>\n<div style=\"padding: 12.5% 0;\">&nbsp;<\/div>\n<div style=\"display: flex; flex-direction: row; margin-bottom: 14px; align-items: center;\">\n<div>\n<div style=\"background-color: #f4f4f4; border-radius: 50%; height: 12.5px; width: 12.5px; transform: translateX(0px) translateY(7px);\">&nbsp;<\/div>\n<div style=\"background-color: #f4f4f4; height: 12.5px; transform: rotate(-45deg) translateX(3px) translateY(1px); width: 12.5px; flex-grow: 0; margin-right: 14px; margin-left: 2px;\">&nbsp;<\/div>\n<div style=\"background-color: #f4f4f4; border-radius: 50%; height: 12.5px; width: 12.5px; transform: translateX(9px) translateY(-18px);\">&nbsp;<\/div>\n<\/div>\n<div style=\"margin-left: 8px;\">\n<div style=\"background-color: #f4f4f4; border-radius: 50%; flex-grow: 0; height: 20px; width: 20px;\">&nbsp;<\/div>\n<div style=\"width: 0; height: 0; border-top: 2px solid transparent; border-left: 6px solid #f4f4f4; border-bottom: 2px solid transparent; transform: translateX(16px) translateY(-4px) rotate(30deg);\">&nbsp;<\/div>\n<\/div>\n<div style=\"margin-left: auto;\">\n<div style=\"width: 0px; border-top: 8px solid #F4F4F4; border-right: 8px solid transparent; transform: translateY(16px);\">&nbsp;<\/div>\n<div style=\"background-color: #f4f4f4; flex-grow: 0; height: 12px; width: 16px; transform: translateY(-4px);\">&nbsp;<\/div>\n<div style=\"width: 0; height: 0; border-top: 8px solid #F4F4F4; border-left: 8px solid transparent; transform: translateY(-4px) translateX(8px);\">&nbsp;<\/div>\n<\/div>\n<\/div>\n<div style=\"display: flex; flex-direction: column; flex-grow: 1; justify-content: center; margin-bottom: 24px;\">\n<div style=\"background-color: #f4f4f4; border-radius: 4px; flex-grow: 0; height: 14px; margin-bottom: 6px; width: 224px;\">&nbsp;<\/div>\n<div style=\"background-color: #f4f4f4; border-radius: 4px; flex-grow: 0; height: 14px; width: 144px;\">&nbsp;<\/div>\n<\/div>\n<p>&nbsp;<\/p>\n<p style=\"color: #c9c8cd; font-family: Arial,sans-serif; font-size: 14px; line-height: 17px; margin-bottom: 0; margin-top: 8px; overflow: hidden; padding: 8px 0 7px; text-align: center; text-overflow: ellipsis; white-space: nowrap;\"><a style=\"color: #c9c8cd; font-family: Arial,sans-serif; font-size: 14px; font-style: normal; font-weight: normal; line-height: 17px; text-decoration: none;\" href=\"https:\/\/www.instagram.com\/reel\/DA05XrmpkZ9\/?utm_source=ig_embed&amp;utm_campaign=loading\" target=\"_blank\" rel=\"noopener\">Una publicaci\u00f3n compartida por Daniel Benoit Cassou (@danielbenoitcassou)<\/a><\/p>\n<\/div>\n<\/blockquote>\n<p><script async=\"\" src=\"\/\/www.instagram.com\/embed.js\"><\/script><\/p>\n<div dir=\"auto\">&nbsp;<\/div>\n","protected":false},"excerpt":{"rendered":"<p>Es una suerte para nuestro pa\u00eds contar con el Premio Nacional de Artes Visuales (PM) el que fue creado en 1937 el cual perdura hasta el d\u00eda de hoy.<\/p>\n<p>Esta edici\u00f3n homenajea al artista Clever Lara (Rivera, 1952) de quien se presenta una selecci\u00f3n de obras de algunos de los artistas que pasaron por su taller.<\/p>\n<p>El objetivo del PM es dar visibilidad y oportunidad de exhibici\u00f3n a los artistas que se manifiestan dentro de la actualidad art\u00edstica, sin embargo no siempre se logra cumplir con el cometido.<\/p>\n<p>Este certamen se celebra cada dos a\u00f1os y edici\u00f3n tras otra el jurado var\u00eda, aspecto destacable, sin embargo no existe una coherencia lineal entre los seleccionados los cuales una edici\u00f3n son aceptados e inclusive premiados y en la siguiente ni siquiera son incluidos.<\/p>\n<p>Tampoco deber\u00edamos preocuparnos por ello pues se trata de un aspecto subjetivo de cada jurado pero sabemos que a los artistas, y mas a\u00fan frente a las limitadas oportunidades de exhibir sus obras y lograr resultados positivos, ello les mal afecta.<\/p>\n","protected":false},"author":14,"featured_media":107166,"comment_status":"closed","ping_status":"closed","sticky":false,"template":"","format":"standard","meta":{"om_disable_all_campaigns":false,"ngg_post_thumbnail":0,"jnews-multi-image_gallery":[],"jnews_single_post":{"subtitle":"Recorriendo Exposiciones - Espacio De Arte Contempor\u00e1meo EAC","format":"standard"},"jnews_primary_category":[],"jnews_social_meta":[],"jnews_override_counter":[],"footnotes":""},"categories":[52],"tags":[],"class_list":["post-107165","post","type-post","status-publish","format-standard","has-post-thumbnail","hentry","category-artista"],"yoast_head":"<!-- This site is optimized with the Yoast SEO plugin v27.5 - https:\/\/yoast.com\/product\/yoast-seo-wordpress\/ -->\n<title>61 PREMIO NACIONAL 2024 - Cooltivarte Portal<\/title>\n<meta name=\"description\" content=\"Esta edici\u00f3n homenajea al artista Clever Lara (Rivera, 1952) de quien se presenta una selecci\u00f3n de obras de algunos de los artistas que pasaron por su taller.\" \/>\n<meta name=\"robots\" content=\"index, follow, max-snippet:-1, max-image-preview:large, max-video-preview:-1\" \/>\n<link rel=\"canonical\" href=\"https:\/\/cooltivarte.com\/portal\/61-premio-nacional-2024\/\" \/>\n<meta property=\"og:locale\" content=\"es_ES\" \/>\n<meta property=\"og:type\" content=\"article\" \/>\n<meta property=\"og:title\" content=\"61 PREMIO NACIONAL 2024 - Recorriendo Exposiciones - Espacio De Arte Contempor\u00e1meo EAC por Daniel Benoit Cassou\" \/>\n<meta property=\"og:description\" content=\"Esta edici\u00f3n homenajea al artista Clever Lara (Rivera, 1952) de quien se presenta una selecci\u00f3n de obras de algunos de los artistas que pasaron por su taller.\" \/>\n<meta property=\"og:url\" content=\"https:\/\/cooltivarte.com\/portal\/61-premio-nacional-2024\/\" \/>\n<meta property=\"og:site_name\" content=\"Cooltivarte Portal\" \/>\n<meta property=\"article:publisher\" content=\"https:\/\/www.facebook.com\/cooltivartecom\/\" \/>\n<meta property=\"article:author\" content=\"https:\/\/www.facebook.com\/daniel.benoit.3557?fref=ts\" \/>\n<meta property=\"article:published_time\" content=\"2024-10-11T23:51:44+00:00\" \/>\n<meta property=\"og:image\" content=\"https:\/\/cooltivarte.com\/portal\/wp-content\/uploads\/2024\/10\/61-PREMIO-NACIONAL-2024-Recorriendo-Exposiciones-Espacio-De-Arte-Contemporameo-EAC-por-Daniel-Benoit-Cassou.jpg\" \/>\n\t<meta property=\"og:image:width\" content=\"573\" \/>\n\t<meta property=\"og:image:height\" content=\"538\" \/>\n\t<meta property=\"og:image:type\" content=\"image\/jpeg\" \/>\n<meta name=\"author\" content=\"Daniel Benoit Cassou\" \/>\n<meta name=\"twitter:card\" content=\"summary_large_image\" \/>\n<meta name=\"twitter:title\" content=\"61 PREMIO NACIONAL 2024 - Recorriendo Exposiciones - Espacio De Arte Contempor\u00e1meo EAC por Daniel Benoit Cassou\" \/>\n<meta name=\"twitter:description\" content=\"Esta edici\u00f3n homenajea al artista Clever Lara (Rivera, 1952) de quien se presenta una selecci\u00f3n de obras de algunos de los artistas que pasaron por su taller.\" \/>\n<meta name=\"twitter:image\" content=\"https:\/\/cooltivarte.com\/portal\/wp-content\/uploads\/2024\/10\/61-PREMIO-NACIONAL-2024-Recorriendo-Exposiciones-Espacio-De-Arte-Contemporameo-EAC-por-Daniel-Benoit-Cassou.jpg\" \/>\n<meta name=\"twitter:creator\" content=\"@https:\/\/x.com\/obolocultural\" \/>\n<meta name=\"twitter:site\" content=\"@obolocultural\" \/>\n<meta name=\"twitter:label1\" content=\"Escrito por\" \/>\n\t<meta name=\"twitter:data1\" content=\"Daniel Benoit Cassou\" \/>\n\t<meta name=\"twitter:label2\" content=\"Tiempo de lectura\" \/>\n\t<meta name=\"twitter:data2\" content=\"8 minutos\" \/>\n<!-- \/ Yoast SEO plugin. -->","yoast_head_json":{"title":"61 PREMIO NACIONAL 2024 - Cooltivarte Portal","description":"Esta edici\u00f3n homenajea al artista Clever Lara (Rivera, 1952) de quien se presenta una selecci\u00f3n de obras de algunos de los artistas que pasaron por su taller.","robots":{"index":"index","follow":"follow","max-snippet":"max-snippet:-1","max-image-preview":"max-image-preview:large","max-video-preview":"max-video-preview:-1"},"canonical":"https:\/\/cooltivarte.com\/portal\/61-premio-nacional-2024\/","og_locale":"es_ES","og_type":"article","og_title":"61 PREMIO NACIONAL 2024 - Recorriendo Exposiciones - Espacio De Arte Contempor\u00e1meo EAC por Daniel Benoit Cassou","og_description":"Esta edici\u00f3n homenajea al artista Clever Lara (Rivera, 1952) de quien se presenta una selecci\u00f3n de obras de algunos de los artistas que pasaron por su taller.","og_url":"https:\/\/cooltivarte.com\/portal\/61-premio-nacional-2024\/","og_site_name":"Cooltivarte Portal","article_publisher":"https:\/\/www.facebook.com\/cooltivartecom\/","article_author":"https:\/\/www.facebook.com\/daniel.benoit.3557?fref=ts","article_published_time":"2024-10-11T23:51:44+00:00","og_image":[{"width":573,"height":538,"url":"https:\/\/cooltivarte.com\/portal\/wp-content\/uploads\/2024\/10\/61-PREMIO-NACIONAL-2024-Recorriendo-Exposiciones-Espacio-De-Arte-Contemporameo-EAC-por-Daniel-Benoit-Cassou.jpg","type":"image\/jpeg"}],"author":"Daniel Benoit Cassou","twitter_card":"summary_large_image","twitter_title":"61 PREMIO NACIONAL 2024 - Recorriendo Exposiciones - Espacio De Arte Contempor\u00e1meo EAC por Daniel Benoit Cassou","twitter_description":"Esta edici\u00f3n homenajea al artista Clever Lara (Rivera, 1952) de quien se presenta una selecci\u00f3n de obras de algunos de los artistas que pasaron por su taller.","twitter_image":"https:\/\/cooltivarte.com\/portal\/wp-content\/uploads\/2024\/10\/61-PREMIO-NACIONAL-2024-Recorriendo-Exposiciones-Espacio-De-Arte-Contemporameo-EAC-por-Daniel-Benoit-Cassou.jpg","twitter_creator":"@https:\/\/x.com\/obolocultural","twitter_site":"@obolocultural","twitter_misc":{"Escrito por":"Daniel Benoit Cassou","Tiempo de lectura":"8 minutos"},"schema":{"@context":"https:\/\/schema.org","@graph":[{"@type":"NewsArticle","@id":"https:\/\/cooltivarte.com\/portal\/61-premio-nacional-2024\/#article","isPartOf":{"@id":"https:\/\/cooltivarte.com\/portal\/61-premio-nacional-2024\/"},"author":{"name":"Daniel Benoit Cassou","@id":"https:\/\/cooltivarte.com\/portal\/#\/schema\/person\/175e2af38af164206375abd19e491b3f"},"headline":"61 PREMIO NACIONAL 2024","datePublished":"2024-10-11T23:51:44+00:00","mainEntityOfPage":{"@id":"https:\/\/cooltivarte.com\/portal\/61-premio-nacional-2024\/"},"wordCount":1627,"publisher":{"@id":"https:\/\/cooltivarte.com\/portal\/#organization"},"image":{"@id":"https:\/\/cooltivarte.com\/portal\/61-premio-nacional-2024\/#primaryimage"},"thumbnailUrl":"https:\/\/cooltivarte.com\/portal\/wp-content\/uploads\/2024\/10\/61-PREMIO-NACIONAL-2024-Recorriendo-Exposiciones-Espacio-De-Arte-Contemporameo-EAC-por-Daniel-Benoit-Cassou.jpg","articleSection":["Arte"],"inLanguage":"es-AR"},{"@type":"WebPage","@id":"https:\/\/cooltivarte.com\/portal\/61-premio-nacional-2024\/","url":"https:\/\/cooltivarte.com\/portal\/61-premio-nacional-2024\/","name":"61 PREMIO NACIONAL 2024 - Cooltivarte Portal","isPartOf":{"@id":"https:\/\/cooltivarte.com\/portal\/#website"},"primaryImageOfPage":{"@id":"https:\/\/cooltivarte.com\/portal\/61-premio-nacional-2024\/#primaryimage"},"image":{"@id":"https:\/\/cooltivarte.com\/portal\/61-premio-nacional-2024\/#primaryimage"},"thumbnailUrl":"https:\/\/cooltivarte.com\/portal\/wp-content\/uploads\/2024\/10\/61-PREMIO-NACIONAL-2024-Recorriendo-Exposiciones-Espacio-De-Arte-Contemporameo-EAC-por-Daniel-Benoit-Cassou.jpg","datePublished":"2024-10-11T23:51:44+00:00","description":"Esta edici\u00f3n homenajea al artista Clever Lara (Rivera, 1952) de quien se presenta una selecci\u00f3n de obras de algunos de los artistas que pasaron por su taller.","breadcrumb":{"@id":"https:\/\/cooltivarte.com\/portal\/61-premio-nacional-2024\/#breadcrumb"},"inLanguage":"es-AR","potentialAction":[{"@type":"ReadAction","target":["https:\/\/cooltivarte.com\/portal\/61-premio-nacional-2024\/"]}]},{"@type":"ImageObject","inLanguage":"es-AR","@id":"https:\/\/cooltivarte.com\/portal\/61-premio-nacional-2024\/#primaryimage","url":"https:\/\/cooltivarte.com\/portal\/wp-content\/uploads\/2024\/10\/61-PREMIO-NACIONAL-2024-Recorriendo-Exposiciones-Espacio-De-Arte-Contemporameo-EAC-por-Daniel-Benoit-Cassou.jpg","contentUrl":"https:\/\/cooltivarte.com\/portal\/wp-content\/uploads\/2024\/10\/61-PREMIO-NACIONAL-2024-Recorriendo-Exposiciones-Espacio-De-Arte-Contemporameo-EAC-por-Daniel-Benoit-Cassou.jpg","width":573,"height":538,"caption":"61 PREMIO NACIONAL 2024 - Recorriendo Exposiciones - Espacio De Arte Contempor\u00e1meo EAC por Daniel Benoit Cassou"},{"@type":"BreadcrumbList","@id":"https:\/\/cooltivarte.com\/portal\/61-premio-nacional-2024\/#breadcrumb","itemListElement":[{"@type":"ListItem","position":1,"name":"Portada","item":"https:\/\/cooltivarte.com\/portal\/"},{"@type":"ListItem","position":2,"name":"61 PREMIO NACIONAL 2024"}]},{"@type":"WebSite","@id":"https:\/\/cooltivarte.com\/portal\/#website","url":"https:\/\/cooltivarte.com\/portal\/","name":"Cooltivarte Portal","description":"Arte, cultura y turismo para el mundo ...","publisher":{"@id":"https:\/\/cooltivarte.com\/portal\/#organization"},"potentialAction":[{"@type":"SearchAction","target":{"@type":"EntryPoint","urlTemplate":"https:\/\/cooltivarte.com\/portal\/?s={search_term_string}"},"query-input":{"@type":"PropertyValueSpecification","valueRequired":true,"valueName":"search_term_string"}}],"inLanguage":"es-AR"},{"@type":"Organization","@id":"https:\/\/cooltivarte.com\/portal\/#organization","name":"cooltivarte","url":"https:\/\/cooltivarte.com\/portal\/","logo":{"@type":"ImageObject","inLanguage":"es-AR","@id":"https:\/\/cooltivarte.com\/portal\/#\/schema\/logo\/image\/","url":"https:\/\/cooltivarte.com\/portal\/wp-content\/uploads\/2020\/04\/logo-cooltivarte-v2.png","contentUrl":"https:\/\/cooltivarte.com\/portal\/wp-content\/uploads\/2020\/04\/logo-cooltivarte-v2.png","width":851,"height":243,"caption":"cooltivarte"},"image":{"@id":"https:\/\/cooltivarte.com\/portal\/#\/schema\/logo\/image\/"},"sameAs":["https:\/\/www.facebook.com\/cooltivartecom\/","https:\/\/x.com\/obolocultural","https:\/\/www.instagram.com\/_cooltivarte_\/","https:\/\/www.linkedin.com\/company\/-bolocultural?reportsuccess=8zaNG1HwhPbAR9iQhZ5rfGeqz_vQFftHun0ZWU0Wy9vNemRJ8vtcKdJvzQfW8XagyOJSKg0XvfJ1dp","https:\/\/www.pinterest.com\/cooltivarte\/","https:\/\/cooltivarte.tumblr.com\/","https:\/\/www.tiktok.com\/@cooltivarte","https:\/\/www.youtube.com\/@PrensaCooltivarte"]},{"@type":"Person","@id":"https:\/\/cooltivarte.com\/portal\/#\/schema\/person\/175e2af38af164206375abd19e491b3f","name":"Daniel Benoit Cassou","image":{"@type":"ImageObject","inLanguage":"es-AR","@id":"https:\/\/cooltivarte.com\/portal\/wp-content\/uploads\/2022\/11\/daniel-benoit-120x120.jpg","url":"https:\/\/cooltivarte.com\/portal\/wp-content\/uploads\/2022\/11\/daniel-benoit-120x120.jpg","contentUrl":"https:\/\/cooltivarte.com\/portal\/wp-content\/uploads\/2022\/11\/daniel-benoit-120x120.jpg","caption":"Daniel Benoit Cassou"},"description":"Daniel Benoit - (Uruguay, 1961), es contador p\u00fablico de profesi\u00f3n. Hizo su formaci\u00f3n art\u00edstica en los talleres de Hugo Longa, Clever Lara y Lacy Duarte; escultura con Jos\u00e9 Pelayo y fotograf\u00eda con Enrique Abal, Oscar Bonilla y Roberto Schettini. Realiz\u00f3 cursos de formaci\u00f3n te\u00f3rica con Nelson Di Maggio, Alfredo Torres, Nelson Bali\u00f1o y Emma Sanguinetti, entre otros. Ha participado en muestras de fotografias, colectivas asi como individuales: 2007 \u2013 Facultad de Ciencias Econ\u00f3micas; Centro Cultural Lapido; Club de Golf; Fotogramas - Montevideo 2009 \u2013 Galer\u00eda de arte La Pasionaria \u2013 Club de Golf - Montevideo 2010 \u2013 A la Follie; Trattoria La Commedia; Club de Golf \u2013 Montevideo 2011 \u2013 Museo del Azulejo; Fotograma; Club de Golf \u2013 Montevideo; Bienal X \u2013 Salto 2012 \u2013 Espacio Innova \u2013 Punta del Este Es asiduo asistente a las principales bienales de arte: Venecia, Lyon, San Pablo, Cuba, Porto Alegre, Lima, as\u00ed como ferias de Basilea, Paris, Buenos Aires, entre otras. Es coleccionista de arte nacional, asesor de arte contempor\u00e1neo, escribe en sus blogs y es columnista de la revista de arte nacional \u201cCooltivarte\u201d desde el 2012, asi como de la revista \u201cArte\u201d del periodico \u201cEl Pais\u201d. Blog","sameAs":["https:\/\/danielbenoit.art\/","https:\/\/www.facebook.com\/daniel.benoit.3557?fref=ts","https:\/\/www.instagram.com\/danielbenoitcassou\/","https:\/\/www.linkedin.com\/in\/daniel-benoit-87890a39\/","https:\/\/www.pinterest.com\/cooltivarte","https:\/\/x.com\/https:\/\/x.com\/obolocultural","https:\/\/www.youtube.com\/@PrensaCooltivarte","https:\/\/www.tumblr.com\/blog\/cooltivarte"],"url":"https:\/\/cooltivarte.com\/portal\/author\/benoit\/"}]}},"_links":{"self":[{"href":"https:\/\/cooltivarte.com\/portal\/wp-json\/wp\/v2\/posts\/107165","targetHints":{"allow":["GET"]}}],"collection":[{"href":"https:\/\/cooltivarte.com\/portal\/wp-json\/wp\/v2\/posts"}],"about":[{"href":"https:\/\/cooltivarte.com\/portal\/wp-json\/wp\/v2\/types\/post"}],"author":[{"embeddable":true,"href":"https:\/\/cooltivarte.com\/portal\/wp-json\/wp\/v2\/users\/14"}],"replies":[{"embeddable":true,"href":"https:\/\/cooltivarte.com\/portal\/wp-json\/wp\/v2\/comments?post=107165"}],"version-history":[{"count":1,"href":"https:\/\/cooltivarte.com\/portal\/wp-json\/wp\/v2\/posts\/107165\/revisions"}],"predecessor-version":[{"id":107171,"href":"https:\/\/cooltivarte.com\/portal\/wp-json\/wp\/v2\/posts\/107165\/revisions\/107171"}],"wp:featuredmedia":[{"embeddable":true,"href":"https:\/\/cooltivarte.com\/portal\/wp-json\/wp\/v2\/media\/107166"}],"wp:attachment":[{"href":"https:\/\/cooltivarte.com\/portal\/wp-json\/wp\/v2\/media?parent=107165"}],"wp:term":[{"taxonomy":"category","embeddable":true,"href":"https:\/\/cooltivarte.com\/portal\/wp-json\/wp\/v2\/categories?post=107165"},{"taxonomy":"post_tag","embeddable":true,"href":"https:\/\/cooltivarte.com\/portal\/wp-json\/wp\/v2\/tags?post=107165"}],"curies":[{"name":"wp","href":"https:\/\/api.w.org\/{rel}","templated":true}]}}