{"id":106728,"date":"2026-01-04T10:58:31","date_gmt":"2026-01-04T13:58:31","guid":{"rendered":"https:\/\/cooltivarte.com\/portal\/?p=106728"},"modified":"2026-01-04T19:30:45","modified_gmt":"2026-01-04T22:30:45","slug":"musica-movible-juan-pablo-chapital","status":"publish","type":"post","link":"https:\/\/cooltivarte.com\/portal\/musica-movible-juan-pablo-chapital\/","title":{"rendered":"M\u00daSICA MOVIBLE &#8211; Juan Pablo Chapital"},"content":{"rendered":"<figure id=\"attachment_106729\" aria-describedby=\"caption-attachment-106729\" style=\"width: 1024px\" class=\"wp-caption aligncenter\"><img fetchpriority=\"high\" decoding=\"async\" class=\"wp-image-106729 size-large\" title=\"Juan Pablo Chapital - m\u00f3vil\" src=\"https:\/\/cooltivarte.com\/portal\/wp-content\/uploads\/2024\/09\/Juan-Pablo-Chapital-movil-1024x1024.jpg\" alt=\"Juan Pablo Chapital - m\u00f3vil\" width=\"1024\" height=\"1024\" srcset=\"https:\/\/cooltivarte.com\/portal\/wp-content\/uploads\/2024\/09\/Juan-Pablo-Chapital-movil-1024x1024.jpg 1024w, https:\/\/cooltivarte.com\/portal\/wp-content\/uploads\/2024\/09\/Juan-Pablo-Chapital-movil-300x300.jpg 300w, https:\/\/cooltivarte.com\/portal\/wp-content\/uploads\/2024\/09\/Juan-Pablo-Chapital-movil-150x150.jpg 150w, https:\/\/cooltivarte.com\/portal\/wp-content\/uploads\/2024\/09\/Juan-Pablo-Chapital-movil-768x768.jpg 768w, https:\/\/cooltivarte.com\/portal\/wp-content\/uploads\/2024\/09\/Juan-Pablo-Chapital-movil-120x120.jpg 120w, https:\/\/cooltivarte.com\/portal\/wp-content\/uploads\/2024\/09\/Juan-Pablo-Chapital-movil.jpg 1200w\" sizes=\"(max-width: 1024px) 100vw, 1024px\" \/><figcaption id=\"caption-attachment-106729\" class=\"wp-caption-text\">Juan Pablo Chapital &#8211; m\u00f3vil<\/figcaption><\/figure>\n<div id=\":2yr\" class=\"ii gt\">\n<div id=\":2qw\" class=\"a3s aiL \">\n<div dir=\"ltr\">\n<div>\n<div dir=\"auto\">El artista estadounidense<strong> Alexander Calder<\/strong> invent\u00f3 un modelo de esculturas a las que llam\u00f3 \u201cm\u00f3viles\u201d. Formas et\u00e9reas suspendidas que pueden oscilar, movi\u00e9ndose aleatoriamente. El \u00faltimo \u00e1lbum del uruguayo<a href=\"https:\/\/cooltivarte.com\/portal\/?s=Juan+Pablo+Chapital\" target=\"_blank\" rel=\"noopener\"><strong> Juan Pablo \u201cChapa\u201d Chapital<\/strong><\/a> (1975) curiosamente, se llama <strong>M\u00f3vil<\/strong>. Para que esa estructura tenga estabilidad debe haber un punto de apoyo. En el caso de Chapital, el punto de apoyo es la cultura musical uruguaya. Y desde esta base es que se levant\u00f3 el edificio&nbsp;del disco. El disco es ecl\u00e9ctico, entonces parece no haber un concepto de unidad, pero la unidad la termina dando la misma paleta policroma.<\/div>\n<\/div>\n<\/div>\n<\/div>\n<\/div>\n<div dir=\"auto\">&nbsp;<\/div>\n<p><iframe style=\"border: 0; width: 100%; height: 120px;\" src=\"https:\/\/bandcamp.com\/EmbeddedPlayer\/album=112609178\/size=large\/bgcol=ffffff\/linkcol=0687f5\/tracklist=false\/artwork=small\/transparent=true\/\" seamless=\"\"><a href=\"https:\/\/juanpablochapital.bandcamp.com\/album\/m-vil\">M\u00f3vil de Juan Pablo Chapital<\/a><\/iframe><\/p>\n<div id=\":2yr\" class=\"ii gt\">\n<div id=\":2qw\" class=\"a3s aiL \">\n<div dir=\"ltr\">\n<div>\n<div dir=\"auto\">&nbsp;<\/div>\n<div dir=\"auto\">En medio de la pandemia, el m\u00fasico uruguayo <strong>Santiago Montoro<\/strong> invit\u00f3 al \u201cChapa\u201d a grabar al estudio que estaba montando, con la intenci\u00f3n de probar ciertos temas t\u00e9cnicos. En aquel momento el \u201cChapa\u201d ten\u00eda algunas m\u00fasicas trabajadas a tr\u00edo junto a <strong>Nacho Mateu<\/strong> (bajo) y <strong>Martin Ibarburu<\/strong> (bater\u00eda).<\/div>\n<div dir=\"auto\">&nbsp;<\/div>\n<div dir=\"auto\">As\u00ed grabaron las bases de varios temas que poco a poco fueron tomando forma arregl\u00edstica sumando teclados (<strong>Hern\u00e1n Peyrou<\/strong>, <strong>Manuel Contreras,<\/strong> <strong>Nacho Labrada<\/strong> y el argentino<strong> Nico Rafetta<\/strong>).<\/div>\n<div dir=\"auto\">&nbsp;<\/div>\n<div dir=\"auto\">La aparici\u00f3n de <strong>Edu \u201cPitufo\u201d Lombardo<\/strong> (percusi\u00f3n) y <strong>Pablo \u201cPinocho\u201d Routin<\/strong> no es casual, y est\u00e1 dentro de lo que hablamos de las referencias culturales.<\/div>\n<div dir=\"auto\">&nbsp;<\/div>\n<div dir=\"auto\">Pero como se afirma al comienzo, el &#8220;m\u00f3vil&#8221; puede trasladarse a otras zonas m\u00e1s all\u00e1 de un punto fijo. El disco fue grabado en Montevideo, pero fue mezclado y masterizado (Juan Jacinto) en Londres.<\/div>\n<div dir=\"auto\">&nbsp;<\/div>\n<div dir=\"auto\">Adem\u00e1s de su actividad musical, Chapital est\u00e1 interesado en las artes marciales. Y abre el disco con \u201cBushido\u201d (algo as\u00ed como el camino del Samur\u00e1i) que en la introducci\u00f3n tiene una \u201carenga\u201d guerrera. Es una balada-blues con una parte media que hace recordar al instante al <strong>Opa<\/strong> de Magic Time.<\/div>\n<div dir=\"auto\">&nbsp;<\/div>\n<div dir=\"auto\">\u201cM\u00f3vil\u201d parte de una vidala-rock que se fusiona r\u00e1pidamente con una \u201cmarcha cami\u00f3n\u201d. Que una r\u00edtmica del norte argentino tenga lugar en el disco no es por azar. El guitarrista trabaj\u00f3 bastante tiempo en Argentina nada menos que con artistas como e<strong>l \u201cChango\u201d Far\u00edas G\u00f3me<\/strong>z o <strong>Mariana Baraj<\/strong>.<\/div>\n<div dir=\"auto\">&nbsp;<\/div>\n<div dir=\"auto\">Sobre el final aparece la voz fantasmag\u00f3rica del \u201cPinocho\u201d Routin recitando un par de estrofas de su propia cosecha. En el barrio Cord\u00f3n hay una parrillada llamada \u201cLuichi\u201d. El ex due\u00f1o es amigo del \u201cChapa\u201d y entonces le dedic\u00f3 una especie de funk montevideano que -como no pod\u00eda ser de otra manera- se cruza con el candombe.<\/div>\n<div dir=\"auto\">&nbsp;<\/div>\n<div dir=\"auto\">Lo que llama la atenci\u00f3n es la concepci\u00f3n del todo en M\u00f3vil. Si bien se trata de un trabajo instrumental, lo que late es el formato de canci\u00f3n pop.<\/div>\n<div dir=\"auto\">&nbsp;<\/div>\n<div dir=\"auto\">No es un disco de jazz duro con solos interminables y partes de alt\u00edsima complejidad arm\u00f3nica y r\u00edtmica. Es un disco muy bien tocado y orquestado, pero que no se vuelve oscuro o indescifrable. Y pese a la disparidad est\u00e9tica de los temas entre s\u00ed, en la escucha global nada desentona y todo parece encajar. Tan es as\u00ed que la versi\u00f3n de \u201cQu\u00e9 pena\u201d (A. Zitarrosa), junto a la joven guitarrista<strong> Jacinta Bervejillo<\/strong>, surge como natural y llena de frescura musical.<\/div>\n<div dir=\"auto\">&nbsp;<\/div>\n<div dir=\"auto\">El momento alto del disco es, sin dudas, la versi\u00f3n maravillosa de \u201cLo dedo negro\u201d de <strong>Eduardo Mateo<\/strong>. Sin tener poco que ver con el original, la relectura del \u201cChapa\u201d es fenomenal, pues no hay una intenci\u00f3n de citarlo o de volverlo un cover insulso. Ac\u00e1 hay una nueva visi\u00f3n de Mateo. La voz et\u00e9rea de <strong>Camila Ferrari<\/strong> le pone un color inesperado. No encuentro a mujeres que canten decorosamente a compositores uruguayos, sin caer en \u201cyanquismos\u201d o en una ret\u00f3rica pop banal. Aqu\u00ed Camila canta con personalidad un texto dif\u00edcil e intrincado. Y es una versi\u00f3n melanc\u00f3lica (pero polentosa), alejada del esp\u00edritu &#8220;fest&#8221; que pareciera invadir a toda la cultura. Como si volcarse hacia lo meditativo o reflexivo fuera un pecado universal. Por eso esta versi\u00f3n y esta interpretaci\u00f3n de Camila me parecen tan importantes.<\/div>\n<div dir=\"auto\">&nbsp;<\/div>\n<div dir=\"auto\">El \u00e1lbum ser\u00e1 editado en vinilo por <a href=\"https:\/\/www.perroandaluz.com\/\" target=\"_blank\" rel=\"noopener\"><strong>Perro Andaluz Ediciones<\/strong><\/a>.<\/div>\n<\/div>\n<div>\n<div dir=\"auto\">&nbsp;<\/div>\n<div dir=\"auto\">(El pr\u00f3ximo domingo 29 de setiembre 2024 a las 20 hs en Sala Zitarrosa, <strong>Juan Pablo Chapital<\/strong> se presenta con una Big Band, homenajeando a artistas como Hugo Fattoruso, Rada, Dino y The Beatles, y donde tambi\u00e9n har\u00e1 algo de M\u00f3vil).<\/div>\n<div dir=\"auto\">&nbsp;<\/div>\n<div dir=\"auto\">&nbsp;<\/div>\n<\/div>\n<\/div>\n<div class=\"yj6qo\">&nbsp;<\/div>\n<\/div>\n<\/div>\n<div class=\"adL\">\n<p><iframe title=\"Spotify Embed: Juan Pablo Chapital\" style=\"border-radius: 12px\" width=\"100%\" height=\"352\" frameborder=\"0\" allowfullscreen allow=\"autoplay; clipboard-write; encrypted-media; fullscreen; picture-in-picture\" loading=\"lazy\" src=\"https:\/\/open.spotify.com\/embed\/artist\/4LPaC4VhvyYVmxroZLO1Mc?si=zNd8PKfMT0uSfmwrzJ1rwg&amp;utm_source=oembed\"><\/iframe><\/p>\n<\/div>\n<div>&nbsp;<\/div>\n<div>\n<figure id=\"attachment_106730\" aria-describedby=\"caption-attachment-106730\" style=\"width: 545px\" class=\"wp-caption aligncenter\"><img decoding=\"async\" class=\"wp-image-106730 size-full\" title=\"m\u00f3vil - Juan Pablo Chapital\" src=\"https:\/\/cooltivarte.com\/portal\/wp-content\/uploads\/2024\/09\/movil-Juan-Pablo-Chapital.jpg\" alt=\"m\u00f3vil - Juan Pablo Chapital\" width=\"545\" height=\"546\" srcset=\"https:\/\/cooltivarte.com\/portal\/wp-content\/uploads\/2024\/09\/movil-Juan-Pablo-Chapital.jpg 545w, https:\/\/cooltivarte.com\/portal\/wp-content\/uploads\/2024\/09\/movil-Juan-Pablo-Chapital-300x300.jpg 300w, https:\/\/cooltivarte.com\/portal\/wp-content\/uploads\/2024\/09\/movil-Juan-Pablo-Chapital-150x150.jpg 150w, https:\/\/cooltivarte.com\/portal\/wp-content\/uploads\/2024\/09\/movil-Juan-Pablo-Chapital-120x120.jpg 120w\" sizes=\"(max-width: 545px) 100vw, 545px\" \/><figcaption id=\"caption-attachment-106730\" class=\"wp-caption-text\">m\u00f3vil &#8211; Juan Pablo Chapital<\/figcaption><\/figure>\n<\/div>\n<div>&nbsp;<\/div>\n<div id=\":2z4\" class=\"hq gt\">&nbsp;<\/div>\n","protected":false},"excerpt":{"rendered":"<p>El artista estadounidense Alexander Calder invent\u00f3 un modelo de esculturas a las que llam\u00f3 \u201cm\u00f3viles\u201d. Formas et\u00e9reas suspendidas que pueden oscilar, movi\u00e9ndose aleatoriamente. El \u00faltimo \u00e1lbum del uruguayo Juan Pablo \u201cChapa\u201d Chapital (1975) curiosamente, se llama M\u00f3vil. Para que esa estructura tenga estabilidad debe haber un punto de apoyo. En el caso de Chapital, el punto de apoyo es la cultura musical uruguaya. Y desde esta base es que se levant\u00f3 el edificio\u00a0del disco. El disco es ecl\u00e9ctico, entonces parece no haber un concepto de unidad, pero la unidad la termina dando la misma paleta policroma.<\/p>\n","protected":false},"author":185,"featured_media":106729,"comment_status":"closed","ping_status":"closed","sticky":false,"template":"","format":"standard","meta":{"om_disable_all_campaigns":false,"ngg_post_thumbnail":0,"jnews-multi-image_gallery":[],"jnews_single_post":{"format":"standard","override":[{"template":"4","parallax":"1","layout":"right-sidebar","sidebar":"default-sidebar","second_sidebar":"default-sidebar","sticky_sidebar":"1","share_position":"bottom","share_float_style":"share-monocrhome","show_share_counter":"1","show_view_counter":"1","show_featured":"1","show_post_meta":"1","show_post_author":"1","show_post_author_image":"1","show_post_date":"1","post_date_format":"default","post_date_format_custom":"Y\/m\/d","show_post_category":"1","post_reading_time_wpm":"300","post_calculate_word_method":"str_word_count","zoom_button_out_step":"2","zoom_button_in_step":"3","show_post_tag":"1","show_prev_next_post":"1","show_popup_post":"1","number_popup_post":"1","show_author_box":"1","show_post_related":"0","show_inline_post_related":"0","show_comment_section":"1"}],"image_override":[{"single_post_thumbnail_size":"no-crop","single_post_gallery_size":"crop-500"}],"trending_post_position":"meta","trending_post_label":"Trending","sponsored_post_label":"Sponsored by","disable_ad":"0","subtitle":""},"jnews_primary_category":[],"jnews_social_meta":[],"jnews_override_counter":{"view_counter_number":"0","share_counter_number":"0","like_counter_number":"0","dislike_counter_number":"0"},"footnotes":""},"categories":[73],"tags":[23160,23161],"class_list":["post-106728","post","type-post","status-publish","format-standard","has-post-thumbnail","hentry","category-discos","tag-juan-pablo-chapa-chapital","tag-movil"],"yoast_head":"<!-- This site is optimized with the Yoast SEO plugin v27.4 - https:\/\/yoast.com\/product\/yoast-seo-wordpress\/ -->\n<title>M\u00daSICA MOVIBLE - Juan Pablo Chapital - Cooltivarte Portal<\/title>\n<meta name=\"description\" content=\"El \u00faltimo \u00e1lbum del uruguayo Juan Pablo \u201cChapa\u201d Chapital (1975) curiosamente, se llama M\u00f3vil. Para que esa estructura tenga estabilidad debe haber un punto de apoyo.\" \/>\n<meta name=\"robots\" content=\"index, follow, max-snippet:-1, max-image-preview:large, max-video-preview:-1\" \/>\n<link rel=\"canonical\" href=\"https:\/\/cooltivarte.com\/portal\/musica-movible-juan-pablo-chapital\/\" \/>\n<meta property=\"og:locale\" content=\"es_ES\" \/>\n<meta property=\"og:type\" content=\"article\" \/>\n<meta property=\"og:title\" content=\"M\u00daSICA MOVIBLE - Juan Pablo Chapital by Jorge Alastra\" \/>\n<meta property=\"og:description\" content=\"El \u00faltimo \u00e1lbum del uruguayo Juan Pablo \u201cChapa\u201d Chapital (1975) curiosamente, se llama M\u00f3vil. Para que esa estructura tenga estabilidad debe haber un punto de apoyo.\" \/>\n<meta property=\"og:url\" content=\"https:\/\/cooltivarte.com\/portal\/musica-movible-juan-pablo-chapital\/\" \/>\n<meta property=\"og:site_name\" content=\"Cooltivarte Portal\" \/>\n<meta property=\"article:publisher\" content=\"https:\/\/www.facebook.com\/cooltivartecom\/\" \/>\n<meta property=\"article:author\" content=\"https:\/\/www.facebook.com\/jorge.alastra.1\" \/>\n<meta property=\"article:published_time\" content=\"2026-01-04T13:58:31+00:00\" \/>\n<meta property=\"article:modified_time\" content=\"2026-01-04T22:30:45+00:00\" \/>\n<meta property=\"og:image\" content=\"https:\/\/cooltivarte.com\/portal\/wp-content\/uploads\/2024\/09\/Juan-Pablo-Chapital-movil.jpg\" \/>\n\t<meta property=\"og:image:width\" content=\"1200\" \/>\n\t<meta property=\"og:image:height\" content=\"1200\" \/>\n\t<meta property=\"og:image:type\" content=\"image\/jpeg\" \/>\n<meta name=\"author\" content=\"Jorge Alastra\" \/>\n<meta name=\"twitter:card\" content=\"summary_large_image\" \/>\n<meta name=\"twitter:title\" content=\"M\u00daSICA MOVIBLE - Juan Pablo Chapital by Jorge Alastra\" \/>\n<meta name=\"twitter:description\" content=\"El \u00faltimo \u00e1lbum del uruguayo Juan Pablo \u201cChapa\u201d Chapital (1975) curiosamente, se llama M\u00f3vil. Para que esa estructura tenga estabilidad debe haber un punto de apoyo.\" \/>\n<meta name=\"twitter:image\" content=\"https:\/\/cooltivarte.com\/portal\/wp-content\/uploads\/2024\/09\/Juan-Pablo-Chapital-movil.jpg\" \/>\n<meta name=\"twitter:creator\" content=\"@https:\/\/x.com\/obolocultural\" \/>\n<meta name=\"twitter:site\" content=\"@obolocultural\" \/>\n<meta name=\"twitter:label1\" content=\"Escrito por\" \/>\n\t<meta name=\"twitter:data1\" content=\"Jorge Alastra\" \/>\n\t<meta name=\"twitter:label2\" content=\"Tiempo de lectura\" \/>\n\t<meta name=\"twitter:data2\" content=\"4 minutos\" \/>\n<!-- \/ Yoast SEO plugin. -->","yoast_head_json":{"title":"M\u00daSICA MOVIBLE - Juan Pablo Chapital - Cooltivarte Portal","description":"El \u00faltimo \u00e1lbum del uruguayo Juan Pablo \u201cChapa\u201d Chapital (1975) curiosamente, se llama M\u00f3vil. Para que esa estructura tenga estabilidad debe haber un punto de apoyo.","robots":{"index":"index","follow":"follow","max-snippet":"max-snippet:-1","max-image-preview":"max-image-preview:large","max-video-preview":"max-video-preview:-1"},"canonical":"https:\/\/cooltivarte.com\/portal\/musica-movible-juan-pablo-chapital\/","og_locale":"es_ES","og_type":"article","og_title":"M\u00daSICA MOVIBLE - Juan Pablo Chapital by Jorge Alastra","og_description":"El \u00faltimo \u00e1lbum del uruguayo Juan Pablo \u201cChapa\u201d Chapital (1975) curiosamente, se llama M\u00f3vil. Para que esa estructura tenga estabilidad debe haber un punto de apoyo.","og_url":"https:\/\/cooltivarte.com\/portal\/musica-movible-juan-pablo-chapital\/","og_site_name":"Cooltivarte Portal","article_publisher":"https:\/\/www.facebook.com\/cooltivartecom\/","article_author":"https:\/\/www.facebook.com\/jorge.alastra.1","article_published_time":"2026-01-04T13:58:31+00:00","article_modified_time":"2026-01-04T22:30:45+00:00","og_image":[{"width":1200,"height":1200,"url":"https:\/\/cooltivarte.com\/portal\/wp-content\/uploads\/2024\/09\/Juan-Pablo-Chapital-movil.jpg","type":"image\/jpeg"}],"author":"Jorge Alastra","twitter_card":"summary_large_image","twitter_title":"M\u00daSICA MOVIBLE - Juan Pablo Chapital by Jorge Alastra","twitter_description":"El \u00faltimo \u00e1lbum del uruguayo Juan Pablo \u201cChapa\u201d Chapital (1975) curiosamente, se llama M\u00f3vil. Para que esa estructura tenga estabilidad debe haber un punto de apoyo.","twitter_image":"https:\/\/cooltivarte.com\/portal\/wp-content\/uploads\/2024\/09\/Juan-Pablo-Chapital-movil.jpg","twitter_creator":"@https:\/\/x.com\/obolocultural","twitter_site":"@obolocultural","twitter_misc":{"Escrito por":"Jorge Alastra","Tiempo de lectura":"4 minutos"},"schema":{"@context":"https:\/\/schema.org","@graph":[{"@type":"NewsArticle","@id":"https:\/\/cooltivarte.com\/portal\/musica-movible-juan-pablo-chapital\/#article","isPartOf":{"@id":"https:\/\/cooltivarte.com\/portal\/musica-movible-juan-pablo-chapital\/"},"author":{"name":"Jorge Alastra","@id":"https:\/\/cooltivarte.com\/portal\/#\/schema\/person\/c26490951a2ec3bd62aa3389052a597e"},"headline":"M\u00daSICA MOVIBLE &#8211; Juan Pablo Chapital","datePublished":"2026-01-04T13:58:31+00:00","dateModified":"2026-01-04T22:30:45+00:00","mainEntityOfPage":{"@id":"https:\/\/cooltivarte.com\/portal\/musica-movible-juan-pablo-chapital\/"},"wordCount":809,"publisher":{"@id":"https:\/\/cooltivarte.com\/portal\/#organization"},"image":{"@id":"https:\/\/cooltivarte.com\/portal\/musica-movible-juan-pablo-chapital\/#primaryimage"},"thumbnailUrl":"https:\/\/cooltivarte.com\/portal\/wp-content\/uploads\/2024\/09\/Juan-Pablo-Chapital-movil.jpg","keywords":["Juan Pablo \u201cChapa\u201d Chapital","M\u00f3vil"],"articleSection":["Discos"],"inLanguage":"es-AR"},{"@type":"WebPage","@id":"https:\/\/cooltivarte.com\/portal\/musica-movible-juan-pablo-chapital\/","url":"https:\/\/cooltivarte.com\/portal\/musica-movible-juan-pablo-chapital\/","name":"M\u00daSICA MOVIBLE - Juan Pablo Chapital - Cooltivarte Portal","isPartOf":{"@id":"https:\/\/cooltivarte.com\/portal\/#website"},"primaryImageOfPage":{"@id":"https:\/\/cooltivarte.com\/portal\/musica-movible-juan-pablo-chapital\/#primaryimage"},"image":{"@id":"https:\/\/cooltivarte.com\/portal\/musica-movible-juan-pablo-chapital\/#primaryimage"},"thumbnailUrl":"https:\/\/cooltivarte.com\/portal\/wp-content\/uploads\/2024\/09\/Juan-Pablo-Chapital-movil.jpg","datePublished":"2026-01-04T13:58:31+00:00","dateModified":"2026-01-04T22:30:45+00:00","description":"El \u00faltimo \u00e1lbum del uruguayo Juan Pablo \u201cChapa\u201d Chapital (1975) curiosamente, se llama M\u00f3vil. Para que esa estructura tenga estabilidad debe haber un punto de apoyo.","breadcrumb":{"@id":"https:\/\/cooltivarte.com\/portal\/musica-movible-juan-pablo-chapital\/#breadcrumb"},"inLanguage":"es-AR","potentialAction":[{"@type":"ReadAction","target":["https:\/\/cooltivarte.com\/portal\/musica-movible-juan-pablo-chapital\/"]}]},{"@type":"ImageObject","inLanguage":"es-AR","@id":"https:\/\/cooltivarte.com\/portal\/musica-movible-juan-pablo-chapital\/#primaryimage","url":"https:\/\/cooltivarte.com\/portal\/wp-content\/uploads\/2024\/09\/Juan-Pablo-Chapital-movil.jpg","contentUrl":"https:\/\/cooltivarte.com\/portal\/wp-content\/uploads\/2024\/09\/Juan-Pablo-Chapital-movil.jpg","width":1200,"height":1200,"caption":"Juan Pablo Chapital - movil"},{"@type":"BreadcrumbList","@id":"https:\/\/cooltivarte.com\/portal\/musica-movible-juan-pablo-chapital\/#breadcrumb","itemListElement":[{"@type":"ListItem","position":1,"name":"Portada","item":"https:\/\/cooltivarte.com\/portal\/"},{"@type":"ListItem","position":2,"name":"M\u00daSICA MOVIBLE &#8211; Juan Pablo Chapital"}]},{"@type":"WebSite","@id":"https:\/\/cooltivarte.com\/portal\/#website","url":"https:\/\/cooltivarte.com\/portal\/","name":"Cooltivarte Portal","description":"Arte, cultura y turismo para el mundo ...","publisher":{"@id":"https:\/\/cooltivarte.com\/portal\/#organization"},"potentialAction":[{"@type":"SearchAction","target":{"@type":"EntryPoint","urlTemplate":"https:\/\/cooltivarte.com\/portal\/?s={search_term_string}"},"query-input":{"@type":"PropertyValueSpecification","valueRequired":true,"valueName":"search_term_string"}}],"inLanguage":"es-AR"},{"@type":"Organization","@id":"https:\/\/cooltivarte.com\/portal\/#organization","name":"cooltivarte","url":"https:\/\/cooltivarte.com\/portal\/","logo":{"@type":"ImageObject","inLanguage":"es-AR","@id":"https:\/\/cooltivarte.com\/portal\/#\/schema\/logo\/image\/","url":"https:\/\/cooltivarte.com\/portal\/wp-content\/uploads\/2020\/04\/logo-cooltivarte-v2.png","contentUrl":"https:\/\/cooltivarte.com\/portal\/wp-content\/uploads\/2020\/04\/logo-cooltivarte-v2.png","width":851,"height":243,"caption":"cooltivarte"},"image":{"@id":"https:\/\/cooltivarte.com\/portal\/#\/schema\/logo\/image\/"},"sameAs":["https:\/\/www.facebook.com\/cooltivartecom\/","https:\/\/x.com\/obolocultural","https:\/\/www.instagram.com\/_cooltivarte_\/","https:\/\/www.linkedin.com\/company\/-bolocultural?reportsuccess=8zaNG1HwhPbAR9iQhZ5rfGeqz_vQFftHun0ZWU0Wy9vNemRJ8vtcKdJvzQfW8XagyOJSKg0XvfJ1dp","https:\/\/www.pinterest.com\/cooltivarte\/","https:\/\/cooltivarte.tumblr.com\/","https:\/\/www.tiktok.com\/@cooltivarte","https:\/\/www.youtube.com\/@PrensaCooltivarte"]},{"@type":"Person","@id":"https:\/\/cooltivarte.com\/portal\/#\/schema\/person\/c26490951a2ec3bd62aa3389052a597e","name":"Jorge Alastra","image":{"@type":"ImageObject","inLanguage":"es-AR","@id":"https:\/\/cooltivarte.com\/portal\/wp-content\/uploads\/2022\/02\/Jorge-Alastra-120x120.jpg","url":"https:\/\/cooltivarte.com\/portal\/wp-content\/uploads\/2022\/02\/Jorge-Alastra-120x120.jpg","contentUrl":"https:\/\/cooltivarte.com\/portal\/wp-content\/uploads\/2022\/02\/Jorge-Alastra-120x120.jpg","caption":"Jorge Alastra"},"description":"Jorge Alastra (1963) Compositor, arreglador, guitarrista y productor musical. Ha editado cuatro trabajos como solista con el sello PERRO ANDALUZ- \"Parte\" (2007), \"Puente A\u00e9reo\" (2009), \"Tres\" (2012) y \"Azar\" (2016) Fue fundador, guitarrista, arreglador y productor del Malajunta tango tr\u00edo. Ha obtenido varias distinciones por su actividad como compositor y\/o productor: Premio Graffiti 2008 por la producci\u00f3n de \"Una de Cabrera\", Premio Graffiti 2013 a mejor disco de Tango con Malajunta, 2013 nominado a mejor \u00e1lbum solista masculino por \"Tres\" por dicho premio. En 2014 obtuvo el primer premio por \"Hacia el Ayu\u00ed\", canci\u00f3n sobre el artiguismo, otorgado por la Comisi\u00f3n para el Bicentenario. Ha dado talleres de m\u00fasica y actualmente es docente de guitarra y composici\u00f3n de forma independiente.","sameAs":["https:\/\/open.spotify.com\/artist\/7C8leWt6Dtb8xluUkFLlf0?autoplay=true","https:\/\/www.facebook.com\/jorge.alastra.1","https:\/\/www.instagram.com\/jorge1963.azar\/","https:\/\/www.linkedin.com\/company\/-bolocultural","https:\/\/www.pinterest.com\/cooltivarte","https:\/\/x.com\/https:\/\/x.com\/obolocultural","https:\/\/www.youtube.com\/channel\/UCe9J-45HRsQXnnrIf1XoLUQ","https:\/\/soundcloud.com\/jorgealastra-music","https:\/\/www.tumblr.com\/blog\/cooltivarte"],"url":"https:\/\/cooltivarte.com\/portal\/author\/jorge-alastra\/"}]}},"_links":{"self":[{"href":"https:\/\/cooltivarte.com\/portal\/wp-json\/wp\/v2\/posts\/106728","targetHints":{"allow":["GET"]}}],"collection":[{"href":"https:\/\/cooltivarte.com\/portal\/wp-json\/wp\/v2\/posts"}],"about":[{"href":"https:\/\/cooltivarte.com\/portal\/wp-json\/wp\/v2\/types\/post"}],"author":[{"embeddable":true,"href":"https:\/\/cooltivarte.com\/portal\/wp-json\/wp\/v2\/users\/185"}],"replies":[{"embeddable":true,"href":"https:\/\/cooltivarte.com\/portal\/wp-json\/wp\/v2\/comments?post=106728"}],"version-history":[{"count":1,"href":"https:\/\/cooltivarte.com\/portal\/wp-json\/wp\/v2\/posts\/106728\/revisions"}],"predecessor-version":[{"id":106731,"href":"https:\/\/cooltivarte.com\/portal\/wp-json\/wp\/v2\/posts\/106728\/revisions\/106731"}],"wp:featuredmedia":[{"embeddable":true,"href":"https:\/\/cooltivarte.com\/portal\/wp-json\/wp\/v2\/media\/106729"}],"wp:attachment":[{"href":"https:\/\/cooltivarte.com\/portal\/wp-json\/wp\/v2\/media?parent=106728"}],"wp:term":[{"taxonomy":"category","embeddable":true,"href":"https:\/\/cooltivarte.com\/portal\/wp-json\/wp\/v2\/categories?post=106728"},{"taxonomy":"post_tag","embeddable":true,"href":"https:\/\/cooltivarte.com\/portal\/wp-json\/wp\/v2\/tags?post=106728"}],"curies":[{"name":"wp","href":"https:\/\/api.w.org\/{rel}","templated":true}]}}