{"id":106622,"date":"2024-09-18T11:19:00","date_gmt":"2024-09-18T14:19:00","guid":{"rendered":"https:\/\/cooltivarte.com\/portal\/?p=106622"},"modified":"2024-09-18T20:08:00","modified_gmt":"2024-09-18T23:08:00","slug":"mala-rodriguez-en-montevideo-2024","status":"publish","type":"post","link":"https:\/\/cooltivarte.com\/portal\/mala-rodriguez-en-montevideo-2024\/","title":{"rendered":"Mala Rodr\u00edguez en Montevideo 2024"},"content":{"rendered":"<figure id=\"attachment_106623\" aria-describedby=\"caption-attachment-106623\" style=\"width: 1024px\" class=\"wp-caption aligncenter\"><img fetchpriority=\"high\" decoding=\"async\" class=\"wp-image-106623 size-large\" title=\"Mala Rodr\u00edguez en Montevideo - La Trastienda - Setiembre 2024 - Foto Marcelo Rodr\u00edguez\" src=\"https:\/\/cooltivarte.com\/portal\/wp-content\/uploads\/2024\/09\/Mala-Rodriguez-en-Montevideo-La-Trastienda-Setiembre-2024-Foto-Marcelo-Rodriguez-1024x768.jpeg\" alt=\"Mala Rodr\u00edguez en Montevideo - La Trastienda - Setiembre 2024 - Foto Marcelo Rodr\u00edguez\" width=\"1024\" height=\"768\" srcset=\"https:\/\/cooltivarte.com\/portal\/wp-content\/uploads\/2024\/09\/Mala-Rodriguez-en-Montevideo-La-Trastienda-Setiembre-2024-Foto-Marcelo-Rodriguez-1024x768.jpeg 1024w, https:\/\/cooltivarte.com\/portal\/wp-content\/uploads\/2024\/09\/Mala-Rodriguez-en-Montevideo-La-Trastienda-Setiembre-2024-Foto-Marcelo-Rodriguez-300x225.jpeg 300w, https:\/\/cooltivarte.com\/portal\/wp-content\/uploads\/2024\/09\/Mala-Rodriguez-en-Montevideo-La-Trastienda-Setiembre-2024-Foto-Marcelo-Rodriguez-768x576.jpeg 768w, https:\/\/cooltivarte.com\/portal\/wp-content\/uploads\/2024\/09\/Mala-Rodriguez-en-Montevideo-La-Trastienda-Setiembre-2024-Foto-Marcelo-Rodriguez-1536x1152.jpeg 1536w, https:\/\/cooltivarte.com\/portal\/wp-content\/uploads\/2024\/09\/Mala-Rodriguez-en-Montevideo-La-Trastienda-Setiembre-2024-Foto-Marcelo-Rodriguez.jpeg 2048w\" sizes=\"(max-width: 1024px) 100vw, 1024px\" \/><figcaption id=\"caption-attachment-106623\" class=\"wp-caption-text\">Mala Rodr\u00edguez en Montevideo &#8211; Setiembre 2024 &#8211; Foto Marcelo Rodr\u00edguez<\/figcaption><\/figure>\n<p>&nbsp;<\/p>\n<p>El martes 3 de setiembre 2024 se present\u00f3 en <strong>La Trastienda<\/strong> <a href=\"https:\/\/cooltivarte.com\/portal\/?s=Mala+Rodr%C3%ADguez\" target=\"_blank\" rel=\"noopener\"><strong>Mala Rodr\u00edguez<\/strong><\/a>. La espa\u00f1ola nacida en Jerez de la Frontera actu\u00f3 en nuestra ciudad en el marco de su gira Un mundo raro tour, que desde el 24 de agosto la ha llevado por su pa\u00eds, pero tambi\u00e9n por Brasil, Argentina, Chile, Panam\u00e1, Colombia para volver a Espa\u00f1a y dar el cierre el 10 de octubre en Alicante.<\/p>\n<p><strong>Mar\u00eda <em>Mala<\/em> Rodr\u00edguez<\/strong> desde sus inicios en 1998 combina el rap con el flamenco, con el hip hop y ha incorporado a su repertorio algunos ritmos latinos.<\/p>\n<p>Montevideo a\u00fan estaba fr\u00edo esa noche, una gruesa campera de abrigo cubr\u00eda el cuerpo de la cantante en las primeras canciones, pero no imped\u00eda vislumbrar el atuendo sexi elegido para la ocasi\u00f3n, ella es linda, lo sabe y desde ese lugar provoca y desaf\u00eda. Su belleza y su poder de seducci\u00f3n es tambi\u00e9n parte de su grifa art\u00edstica.<\/p>\n<p>Suenan las pistas, un cuidado juego de luces la envuelve y el recital comienza con \u00abBrava\u00bb, la segunda canci\u00f3n de su \u00faltimo disco, el que da nombre a la gira. Desde el comienzo Rodr\u00edguez marca el terreno, con esta canci\u00f3n que convoca a la independencia, a la autosuficiencia, con su estribillo que repite como un mantra en\u00e9rgico: <em>no te pido que me salves<\/em>.<\/p>\n<p>Hay un viraje hacia el lado del reguet\u00f3n y los sonidos latinos que incluso se perciben en el primer saludo de la noche, al finalizar la canci\u00f3n y con la siguiente pista apur\u00e1ndola, solo pudo decir \u00bfC\u00f3mo est\u00e1 mi gente? y el comienzo de \u00abRompiendo\u00bb se le vino encima. Cuando vuelve a hablar con el p\u00fablico y comenta que es lindo volver a estar en Montevideo, donde hac\u00eda muchos a\u00f1os que no ven\u00eda, la pista de la siguiente canci\u00f3n vuelve a pisarla. Supongo que Mala viaja liviana en esta gira, sola con sus pistas y un colaborador local es el encargado de dispararlas. En La Trastienda se not\u00f3 que el sistema no estaba aceitado, pero lo fueron afinando a lo largo del concierto.<\/p>\n<p>Las canciones se suceden como un disco, no las presenta, simplemente discurren, hasta que en un momento avisa: \u201cEsta la sab\u00e9is\u201d e interpreta uno de sus cl\u00e1sicos \u00abTengo un trato\u00bb, la canci\u00f3n que abre <em>Lujo ib\u00e9rico<\/em>, el disco con que Rodr\u00edguez inaugur\u00f3 el milenio.<\/p>\n<p>Mala es rapera desde sus trece a\u00f1os y tal vez espejada en Pitbull sinti\u00f3 el deseo de compartir canto y creaci\u00f3n con infinidad de colegas, probablemente es la artista femenina con m\u00e1s colaboraciones en el ambiente musical mundial, todas hechas por amor, por el placer de compartir, le es impensable cobrar por una colaboraci\u00f3n y mucho menos pagar por una.<\/p>\n<p>El recital prosigue con \u00abNanai\u00bb, que con sus aires flamencos logra un punto fuerte de participaci\u00f3n del p\u00fablico.<\/p>\n<p><em>Mundo raro<\/em> es el disco que est\u00e1 presentando en esta gira, raro es todo aquello que se sale de lo normal. \u00abLas cosas se pusieron peligrosas\u00bb afirma en la canci\u00f3n que sigue y es que este \u00e1lbum es fruto de su experiencia personal, de un momento de crisis que le sirvi\u00f3 para plantearse su mundo entero, lo que tiene, lo que quiere y lo que no quiere. En el encierro pand\u00e9mico sinti\u00f3 que perdi\u00f3 un poco el rumbo y debi\u00f3 trazar un plan de huida y sentirse capaz de liberarse de algunas cosas que encontr\u00f3 en el camino y que ya no le placen.<\/p>\n<p>El disco funciona como un mapa y cada canci\u00f3n se ubica en un punto geogr\u00e1fico determinado, entonces la canci\u00f3n que le da nombre y lo abre tiene su locaci\u00f3n en un barrio de Tokio, mientras que \u00abBrava\u00bb se desarrolla en el barrio del futbolista Sadio Man\u00e9 o \u00abRompiendo\u00bb en un hotel super lujoso de Italia.<\/p>\n<p>Mala nos agradece por venir, no somos tantos, La Trastienda est\u00e1 en la mitad de su capacidad, pero el p\u00fablico es entusiasta y transmite hacia el escenario, alguien le regala una bandera uruguaya, ella la toma, la enrolla en su brazo y se convierte en parte de su performance en la siguiente canci\u00f3n, ella retribuye y le entrega una botella, de esas que vienen directamente del camerino y le pide que la compartan. Una chica le entrega algo escrito, ella todo lo toma, y lo lleva a manos de alguien de su equipo que lo resguarda al costado del escenario. M\u00e1s tarde pidi\u00f3 otra botella para volver a entregar, pero nunca lleg\u00f3.<\/p>\n<p>Prosigue con<em> \u00ab<\/em>Aguante\u00bb, una canci\u00f3n proveniente de su disco <em>Mal<\/em>a de 2020, una declaraci\u00f3n de principios y actitud que afirma: \u00abMe dice que aguante, y no me da la gana, yo vine a llev\u00e1rmelo todo por delante\u00bb. La noche toma calor, pero desde el canto aclara \u00abnadie va a morir, nada va a explotar\u00bb.<\/p>\n<p>Me siento como un voyeur a la vista, un intruso que no termina de entenderlo todo, es mi primera vez en un concierto de Mala, pero tambi\u00e9n en uno de este g\u00e9nero, miro reacciones, estudio al p\u00fablico, intento entender, inevitablemente comparo con los g\u00e9neros musicales que suelo visitar, tengo la libertad del que vino sin esperar nada. El recital est\u00e1 en su punto m\u00e1s alto, la gente ya est\u00e1 en el bolsillo de Mar\u00eda, que arenga, baila, incita y pone el freno, el talento tambi\u00e9n se nota en estos aspectos, dirige el espect\u00e1culo de acuerdo con el guion que se ha trazado.<\/p>\n<p>Es momento de \u00abVicio\u00bb, otro feet, esta vez con Villano Antillano, estrenado en febrero, contin\u00faa con \u00abYo no soy un \u00e1ngel\u00bb del \u00faltimo disco, que posee un video en conjunto con Omar Montes y \u00abYa nos conocemos\u00bb, dos de las canciones que m\u00e1s me gustaron de su \u00faltimo trabajo, esta \u00faltima posee una fuerte identidad flamenca, esa que me resulta m\u00e1s interesante a la hora de encontrarme con sus canciones, parafraseando aquello de que, si pintas tu aldea, pintar\u00e1s el mundo.<\/p>\n<p>El recital va llegando a su fin, llega \u00abSuperbalada\u00bb y \u00abPor la noche\u00bb, canci\u00f3n que la artista dedica a quienes andan solas por la noche.<\/p>\n<p>El clima y la interacci\u00f3n con el p\u00fablico llega a su punto m\u00e1ximo cuando Mala invita a que la acompa\u00f1en en el escenario a bailar \u00abContigo<em>\u00bb<\/em>, algunas personas se van animando, abandonan la vista de la pantalla de sus celulares y suben a bailar. Un chico con la camiseta de Espa\u00f1a y un vaso en la mano intenta decirle algo, Mala lo elude, el joven se va al fondo con un amigo, las chicas rodean a la artista, vuelven a tomar sus celulares, filman, se toman selfies, el \u00abespa\u00f1ol\u00bb vuelve al ataque, le ofrece un trago, pide una foto y ya como \u00faltimo recurso atina a indicarle: \u00bfViste? Tengo la de Espa\u00f1a, mientras se toma una foto con ella e intenta darle un beso. El oficio y los a\u00f1os en los escenarios quedan demostrados en c\u00f3mo cape\u00f3 la situaci\u00f3n, como una torera, una finta aqu\u00ed, un pase de capote all\u00e1 y una mirada como un estilete que se clava en el audaz, que retorna vencido al pie del escenario.<\/p>\n<p>Mala avisa que se va a despedir con la \u00faltima canci\u00f3n que se llama \u00abFeliz\u00bb, otra de las que integran el \u00faltimo \u00e1lbum, ese con el que exorciz\u00f3 algunos momentos, el que te invita a bailar, pero tambi\u00e9n a entender que la felicidad est\u00e1 en la paz y la tranquilidad.<\/p>\n<p>El recital termin\u00f3, el p\u00fablico esper\u00f3 unos minutos, expectante a ver si era verdad, \u00bfno hay bises?, las luces se encendieron, la seguridad de La Trastienda comenz\u00f3 a invitarnos a retirarnos, la transici\u00f3n entre la fiesta y el final all\u00ed siempre es r\u00e1pida, la vereda fue el lugar para aquellas personas que con paciencia esperaron a Mala para saludarla y tomarse las fotos de rigor. La noche no est\u00e1 tan fr\u00eda, pero ni por asomo se acerca a la calidez con la que se vivi\u00f3 este recital.<\/p>\n<p>&nbsp;<\/p>\n<p><iframe title=\"Spotify Embed: Mala Rodr\u00edguez\" style=\"border-radius: 12px\" width=\"100%\" height=\"352\" frameborder=\"0\" allowfullscreen allow=\"autoplay; clipboard-write; encrypted-media; fullscreen; picture-in-picture\" loading=\"lazy\" src=\"https:\/\/open.spotify.com\/embed\/artist\/3Ces1OJeGOVGcUB0wPaPXJ?si=IbZHl0DpTQmlttszV4xR-g&#038;utm_source=oembed\"><\/iframe><\/p>\n<p>&nbsp;<\/p>\n<p>&nbsp;<\/p>\n<p>&nbsp;<\/p>\n<p>&nbsp;<\/p>\n","protected":false},"excerpt":{"rendered":"<p>El martes 3 de setiembre 2024 se present\u00f3 en La Trastienda Mala Rodr\u00edguez. La espa\u00f1ola nacida en Jerez de la Frontera actu\u00f3 en nuestra ciudad en el marco de su gira Un mundo raro tour, que desde el 24 de agosto la ha llevado por su pa\u00eds, pero tambi\u00e9n por Brasil, Argentina, Chile, Panam\u00e1, Colombia para volver a Espa\u00f1a y dar el cierre el 10 de octubre en Alicante.<\/p>\n<p>Mar\u00eda Mala Rodr\u00edguez desde sus inicios en 1998 combina el rap con el flamenco, con el hip hop y ha incorporado a su repertorio algunos ritmos latinos.<\/p>\n<p>Montevideo a\u00fan estaba fr\u00edo esa noche, una gruesa campera de abrigo cubr\u00eda el cuerpo de la cantante en las primeras canciones, pero no imped\u00eda vislumbrar el atuendo sexi elegido para la ocasi\u00f3n, ella es linda, lo sabe y desde ese lugar provoca y desaf\u00eda. Su belleza y su poder de seducci\u00f3n es tambi\u00e9n parte de su grifa art\u00edstica.<\/p>\n","protected":false},"author":197,"featured_media":106623,"comment_status":"closed","ping_status":"closed","sticky":false,"template":"","format":"standard","meta":{"om_disable_all_campaigns":false,"ngg_post_thumbnail":0,"jnews-multi-image_gallery":[],"jnews_single_post":{"subtitle":"La Trastienda - 3 de setiembre","format":"standard","video":"","gallery":"","source_name":"","source_url":"","via_name":"","via_url":"","override_template":"0","override":[{"template":"4","single_blog_custom":"","parallax":"1","fullscreen":"0","layout":"right-sidebar","sidebar":"default-sidebar","second_sidebar":"default-sidebar","sticky_sidebar":"1","share_position":"bottom","share_float_style":"share-monocrhome","show_share_counter":"1","show_view_counter":"1","show_featured":"1","show_post_meta":"1","show_post_author":"1","show_post_author_image":"1","show_post_date":"1","post_date_format":"default","post_date_format_custom":"Y\/m\/d","show_post_category":"1","show_post_reading_time":"0","post_reading_time_wpm":"300","show_zoom_button":"0","zoom_button_out_step":"2","zoom_button_in_step":"3","show_post_tag":"1","show_prev_next_post":"1","show_popup_post":"1","number_popup_post":"1","show_author_box":"1","show_post_related":"0","show_inline_post_related":"0"}],"override_image_size":"0","image_override":[{"single_post_thumbnail_size":"no-crop","single_post_gallery_size":"crop-500"}],"trending_post":"0","trending_post_position":"meta","trending_post_label":"Trending","sponsored_post":"0","sponsored_post_label":"Sponsored by","sponsored_post_name":"","sponsored_post_url":"","sponsored_post_logo_enable":"0","sponsored_post_logo":"","sponsored_post_desc":"","disable_ad":"0"},"jnews_primary_category":{"id":"","hide":""},"jnews_social_meta":{"fb_title":"","fb_description":"","fb_image":"","twitter_title":"","twitter_description":"","twitter_image":""},"jnews_override_counter":{"override_view_counter":"0","view_counter_number":"0","override_share_counter":"0","share_counter_number":"0","override_like_counter":"0","like_counter_number":"0","override_dislike_counter":"0","dislike_counter_number":"0"},"footnotes":""},"categories":[50],"tags":[101,7158,23153],"class_list":["post-106622","post","type-post","status-publish","format-standard","has-post-thumbnail","hentry","category-coberturas","tag-la-trastienda","tag-mala-rodriguez","tag-maria-mala-rodriguez"],"yoast_head":"<!-- This site is optimized with the Yoast SEO plugin v27.5 - https:\/\/yoast.com\/product\/yoast-seo-wordpress\/ -->\n<title>Mala Rodr\u00edguez en Montevideo 2024 - Cooltivarte Portal<\/title>\n<meta name=\"description\" content=\"El martes 3 de setiembre 2024 se present\u00f3 en La Trastienda Mala Rodr\u00edguez. La espa\u00f1ola nacida en Jerez de la Frontera actu\u00f3 en nuestra ciudad en el marco de su gira Un mundo raro tour\" \/>\n<meta name=\"robots\" content=\"index, follow, max-snippet:-1, max-image-preview:large, max-video-preview:-1\" \/>\n<link rel=\"canonical\" href=\"https:\/\/cooltivarte.com\/portal\/mala-rodriguez-en-montevideo-2024\/\" \/>\n<meta property=\"og:locale\" content=\"es_ES\" \/>\n<meta property=\"og:type\" content=\"article\" \/>\n<meta property=\"og:title\" content=\"Mala Rodr\u00edguez en Montevideo - La Trastienda - 3 de setiembre 2024 by Marcelo Rodr\u00edguez Arcidiaco\" \/>\n<meta property=\"og:description\" content=\"El martes 3 de setiembre 2024 se present\u00f3 en La Trastienda Mala Rodr\u00edguez. La espa\u00f1ola nacida en Jerez de la Frontera actu\u00f3 en nuestra ciudad en el marco de su gira Un mundo raro tour\" \/>\n<meta property=\"og:url\" content=\"https:\/\/cooltivarte.com\/portal\/mala-rodriguez-en-montevideo-2024\/\" \/>\n<meta property=\"og:site_name\" content=\"Cooltivarte Portal\" \/>\n<meta property=\"article:publisher\" content=\"https:\/\/www.facebook.com\/cooltivartecom\/\" \/>\n<meta property=\"article:author\" content=\"https:\/\/www.facebook.com\/cooltivartecom\/\" \/>\n<meta property=\"article:published_time\" content=\"2024-09-18T14:19:00+00:00\" \/>\n<meta property=\"article:modified_time\" content=\"2024-09-18T23:08:00+00:00\" \/>\n<meta property=\"og:image\" content=\"https:\/\/cooltivarte.com\/portal\/wp-content\/uploads\/2024\/09\/Mala-Rodriguez-en-Montevideo-La-Trastienda-Setiembre-2024-Foto-Marcelo-Rodriguez.jpeg\" \/>\n\t<meta property=\"og:image:width\" content=\"2048\" \/>\n\t<meta property=\"og:image:height\" content=\"1536\" \/>\n\t<meta property=\"og:image:type\" content=\"image\/jpeg\" \/>\n<meta name=\"author\" content=\"Marcelo Rodr\u00edguez Arcidiaco\" \/>\n<meta name=\"twitter:card\" content=\"summary_large_image\" \/>\n<meta name=\"twitter:title\" content=\"Mala Rodr\u00edguez en Montevideo - La Trastienda - 3 de setiembre 2024 by Marcelo Rodr\u00edguez Arcidiaco\" \/>\n<meta name=\"twitter:description\" content=\"El martes 3 de setiembre 2024 se present\u00f3 en La Trastienda Mala Rodr\u00edguez. La espa\u00f1ola nacida en Jerez de la Frontera actu\u00f3 en nuestra ciudad en el marco de su gira Un mundo raro tour\" \/>\n<meta name=\"twitter:image\" content=\"https:\/\/cooltivarte.com\/portal\/wp-content\/uploads\/2024\/09\/Mala-Rodriguez-en-Montevideo-La-Trastienda-Setiembre-2024-Foto-Marcelo-Rodriguez.jpeg\" \/>\n<meta name=\"twitter:creator\" content=\"@https:\/\/x.com\/obolocultural\" \/>\n<meta name=\"twitter:site\" content=\"@obolocultural\" \/>\n<meta name=\"twitter:label1\" content=\"Escrito por\" \/>\n\t<meta name=\"twitter:data1\" content=\"Marcelo Rodr\u00edguez Arcidiaco\" \/>\n\t<meta name=\"twitter:label2\" content=\"Tiempo de lectura\" \/>\n\t<meta name=\"twitter:data2\" content=\"7 minutos\" \/>\n<!-- \/ Yoast SEO plugin. -->","yoast_head_json":{"title":"Mala Rodr\u00edguez en Montevideo 2024 - Cooltivarte Portal","description":"El martes 3 de setiembre 2024 se present\u00f3 en La Trastienda Mala Rodr\u00edguez. La espa\u00f1ola nacida en Jerez de la Frontera actu\u00f3 en nuestra ciudad en el marco de su gira Un mundo raro tour","robots":{"index":"index","follow":"follow","max-snippet":"max-snippet:-1","max-image-preview":"max-image-preview:large","max-video-preview":"max-video-preview:-1"},"canonical":"https:\/\/cooltivarte.com\/portal\/mala-rodriguez-en-montevideo-2024\/","og_locale":"es_ES","og_type":"article","og_title":"Mala Rodr\u00edguez en Montevideo - La Trastienda - 3 de setiembre 2024 by Marcelo Rodr\u00edguez Arcidiaco","og_description":"El martes 3 de setiembre 2024 se present\u00f3 en La Trastienda Mala Rodr\u00edguez. La espa\u00f1ola nacida en Jerez de la Frontera actu\u00f3 en nuestra ciudad en el marco de su gira Un mundo raro tour","og_url":"https:\/\/cooltivarte.com\/portal\/mala-rodriguez-en-montevideo-2024\/","og_site_name":"Cooltivarte Portal","article_publisher":"https:\/\/www.facebook.com\/cooltivartecom\/","article_author":"https:\/\/www.facebook.com\/cooltivartecom\/","article_published_time":"2024-09-18T14:19:00+00:00","article_modified_time":"2024-09-18T23:08:00+00:00","og_image":[{"width":2048,"height":1536,"url":"https:\/\/cooltivarte.com\/portal\/wp-content\/uploads\/2024\/09\/Mala-Rodriguez-en-Montevideo-La-Trastienda-Setiembre-2024-Foto-Marcelo-Rodriguez.jpeg","type":"image\/jpeg"}],"author":"Marcelo Rodr\u00edguez Arcidiaco","twitter_card":"summary_large_image","twitter_title":"Mala Rodr\u00edguez en Montevideo - La Trastienda - 3 de setiembre 2024 by Marcelo Rodr\u00edguez Arcidiaco","twitter_description":"El martes 3 de setiembre 2024 se present\u00f3 en La Trastienda Mala Rodr\u00edguez. La espa\u00f1ola nacida en Jerez de la Frontera actu\u00f3 en nuestra ciudad en el marco de su gira Un mundo raro tour","twitter_image":"https:\/\/cooltivarte.com\/portal\/wp-content\/uploads\/2024\/09\/Mala-Rodriguez-en-Montevideo-La-Trastienda-Setiembre-2024-Foto-Marcelo-Rodriguez.jpeg","twitter_creator":"@https:\/\/x.com\/obolocultural","twitter_site":"@obolocultural","twitter_misc":{"Escrito por":"Marcelo Rodr\u00edguez Arcidiaco","Tiempo de lectura":"7 minutos"},"schema":{"@context":"https:\/\/schema.org","@graph":[{"@type":"NewsArticle","@id":"https:\/\/cooltivarte.com\/portal\/mala-rodriguez-en-montevideo-2024\/#article","isPartOf":{"@id":"https:\/\/cooltivarte.com\/portal\/mala-rodriguez-en-montevideo-2024\/"},"author":{"name":"Marcelo Rodr\u00edguez Arcidiaco","@id":"https:\/\/cooltivarte.com\/portal\/#\/schema\/person\/fa356cbbc975072000c537039536bc3b"},"headline":"Mala Rodr\u00edguez en Montevideo 2024","datePublished":"2024-09-18T14:19:00+00:00","dateModified":"2024-09-18T23:08:00+00:00","mainEntityOfPage":{"@id":"https:\/\/cooltivarte.com\/portal\/mala-rodriguez-en-montevideo-2024\/"},"wordCount":1421,"publisher":{"@id":"https:\/\/cooltivarte.com\/portal\/#organization"},"image":{"@id":"https:\/\/cooltivarte.com\/portal\/mala-rodriguez-en-montevideo-2024\/#primaryimage"},"thumbnailUrl":"https:\/\/cooltivarte.com\/portal\/wp-content\/uploads\/2024\/09\/Mala-Rodriguez-en-Montevideo-La-Trastienda-Setiembre-2024-Foto-Marcelo-Rodriguez.jpeg","keywords":["La Trastienda","Mala Rodr\u00edguez","Mar\u00eda Mala Rodr\u00edguez"],"articleSection":["Coberturas"],"inLanguage":"es-AR"},{"@type":"WebPage","@id":"https:\/\/cooltivarte.com\/portal\/mala-rodriguez-en-montevideo-2024\/","url":"https:\/\/cooltivarte.com\/portal\/mala-rodriguez-en-montevideo-2024\/","name":"Mala Rodr\u00edguez en Montevideo 2024 - Cooltivarte Portal","isPartOf":{"@id":"https:\/\/cooltivarte.com\/portal\/#website"},"primaryImageOfPage":{"@id":"https:\/\/cooltivarte.com\/portal\/mala-rodriguez-en-montevideo-2024\/#primaryimage"},"image":{"@id":"https:\/\/cooltivarte.com\/portal\/mala-rodriguez-en-montevideo-2024\/#primaryimage"},"thumbnailUrl":"https:\/\/cooltivarte.com\/portal\/wp-content\/uploads\/2024\/09\/Mala-Rodriguez-en-Montevideo-La-Trastienda-Setiembre-2024-Foto-Marcelo-Rodriguez.jpeg","datePublished":"2024-09-18T14:19:00+00:00","dateModified":"2024-09-18T23:08:00+00:00","description":"El martes 3 de setiembre 2024 se present\u00f3 en La Trastienda Mala Rodr\u00edguez. La espa\u00f1ola nacida en Jerez de la Frontera actu\u00f3 en nuestra ciudad en el marco de su gira Un mundo raro tour","breadcrumb":{"@id":"https:\/\/cooltivarte.com\/portal\/mala-rodriguez-en-montevideo-2024\/#breadcrumb"},"inLanguage":"es-AR","potentialAction":[{"@type":"ReadAction","target":["https:\/\/cooltivarte.com\/portal\/mala-rodriguez-en-montevideo-2024\/"]}]},{"@type":"ImageObject","inLanguage":"es-AR","@id":"https:\/\/cooltivarte.com\/portal\/mala-rodriguez-en-montevideo-2024\/#primaryimage","url":"https:\/\/cooltivarte.com\/portal\/wp-content\/uploads\/2024\/09\/Mala-Rodriguez-en-Montevideo-La-Trastienda-Setiembre-2024-Foto-Marcelo-Rodriguez.jpeg","contentUrl":"https:\/\/cooltivarte.com\/portal\/wp-content\/uploads\/2024\/09\/Mala-Rodriguez-en-Montevideo-La-Trastienda-Setiembre-2024-Foto-Marcelo-Rodriguez.jpeg","width":2048,"height":1536,"caption":"Mala Rodr\u00edguez en Montevideo - Setiembre 2024 - Foto Marcelo Rodr\u00edguez"},{"@type":"BreadcrumbList","@id":"https:\/\/cooltivarte.com\/portal\/mala-rodriguez-en-montevideo-2024\/#breadcrumb","itemListElement":[{"@type":"ListItem","position":1,"name":"Portada","item":"https:\/\/cooltivarte.com\/portal\/"},{"@type":"ListItem","position":2,"name":"Mala Rodr\u00edguez en Montevideo 2024"}]},{"@type":"WebSite","@id":"https:\/\/cooltivarte.com\/portal\/#website","url":"https:\/\/cooltivarte.com\/portal\/","name":"Cooltivarte Portal","description":"Arte, cultura y turismo para el mundo ...","publisher":{"@id":"https:\/\/cooltivarte.com\/portal\/#organization"},"potentialAction":[{"@type":"SearchAction","target":{"@type":"EntryPoint","urlTemplate":"https:\/\/cooltivarte.com\/portal\/?s={search_term_string}"},"query-input":{"@type":"PropertyValueSpecification","valueRequired":true,"valueName":"search_term_string"}}],"inLanguage":"es-AR"},{"@type":"Organization","@id":"https:\/\/cooltivarte.com\/portal\/#organization","name":"cooltivarte","url":"https:\/\/cooltivarte.com\/portal\/","logo":{"@type":"ImageObject","inLanguage":"es-AR","@id":"https:\/\/cooltivarte.com\/portal\/#\/schema\/logo\/image\/","url":"https:\/\/cooltivarte.com\/portal\/wp-content\/uploads\/2020\/04\/logo-cooltivarte-v2.png","contentUrl":"https:\/\/cooltivarte.com\/portal\/wp-content\/uploads\/2020\/04\/logo-cooltivarte-v2.png","width":851,"height":243,"caption":"cooltivarte"},"image":{"@id":"https:\/\/cooltivarte.com\/portal\/#\/schema\/logo\/image\/"},"sameAs":["https:\/\/www.facebook.com\/cooltivartecom\/","https:\/\/x.com\/obolocultural","https:\/\/www.instagram.com\/_cooltivarte_\/","https:\/\/www.linkedin.com\/company\/-bolocultural?reportsuccess=8zaNG1HwhPbAR9iQhZ5rfGeqz_vQFftHun0ZWU0Wy9vNemRJ8vtcKdJvzQfW8XagyOJSKg0XvfJ1dp","https:\/\/www.pinterest.com\/cooltivarte\/","https:\/\/cooltivarte.tumblr.com\/","https:\/\/www.tiktok.com\/@cooltivarte","https:\/\/www.youtube.com\/@PrensaCooltivarte"]},{"@type":"Person","@id":"https:\/\/cooltivarte.com\/portal\/#\/schema\/person\/fa356cbbc975072000c537039536bc3b","name":"Marcelo Rodr\u00edguez Arcidiaco","image":{"@type":"ImageObject","inLanguage":"es-AR","@id":"https:\/\/cooltivarte.com\/portal\/wp-content\/uploads\/2022\/08\/marcelo_rodriguez-120x120.jpg","url":"https:\/\/cooltivarte.com\/portal\/wp-content\/uploads\/2022\/08\/marcelo_rodriguez-120x120.jpg","contentUrl":"https:\/\/cooltivarte.com\/portal\/wp-content\/uploads\/2022\/08\/marcelo_rodriguez-120x120.jpg","caption":"Marcelo Rodr\u00edguez Arcidiaco"},"description":"Marcelo Rodr\u00edguez Arcidiaco naci\u00f3 en Santa Luc\u00eda, departamento de Canelones, el 9 de enero de 1971. En 1989 se radic\u00f3 en Montevideo para iniciar sus estudios de Educaci\u00f3n F\u00edsica en el ISEF. Tras titularse como Profesor de Educaci\u00f3n F\u00edsica en 1993, volvi\u00f3 a las aulas en 1996 para estudiar Ciencias de la Comunicaci\u00f3n, donde obtuvo el t\u00edtulo de licenciado en el a\u00f1o 2001. Desde 2020 cursa estudios de posgrado en la FHEC. Actualmente se desempe\u00f1a en la Intendencia de Montevideo, en las dos profesiones que ha elegido, docente y comunicador. En 2012 public\u00f3 su primer libro Entre el cuervo y el \u00e1ngel (Perro Andaluz), una biograf\u00eda del m\u00fasico Eduardo Darnauchans. En 2021 publico por el Sello Perro Andaluz para la colecci\u00f3n Vademecum, \u00bfQuien dijo que no hab\u00eda poes\u00eda en el rocanrol? Placeres del Sado-Musiquismo o la tercera es la vencida en la carrera de Tabar\u00e9 Rivero.","sameAs":["https:\/\/www.facebook.com\/cooltivartecom\/","https:\/\/www.instagram.com\/_cooltivarte_\/","https:\/\/www.linkedin.com\/company\/-bolocultural","https:\/\/www.pinterest.com\/cooltivarte","https:\/\/x.com\/https:\/\/x.com\/obolocultural","https:\/\/www.youtube.com\/@PrensaCooltivarte","https:\/\/www.tumblr.com\/blog\/cooltivarte"],"url":"https:\/\/cooltivarte.com\/portal\/author\/marcelo-rodriguez-arcidiaco\/"}]}},"_links":{"self":[{"href":"https:\/\/cooltivarte.com\/portal\/wp-json\/wp\/v2\/posts\/106622","targetHints":{"allow":["GET"]}}],"collection":[{"href":"https:\/\/cooltivarte.com\/portal\/wp-json\/wp\/v2\/posts"}],"about":[{"href":"https:\/\/cooltivarte.com\/portal\/wp-json\/wp\/v2\/types\/post"}],"author":[{"embeddable":true,"href":"https:\/\/cooltivarte.com\/portal\/wp-json\/wp\/v2\/users\/197"}],"replies":[{"embeddable":true,"href":"https:\/\/cooltivarte.com\/portal\/wp-json\/wp\/v2\/comments?post=106622"}],"version-history":[{"count":1,"href":"https:\/\/cooltivarte.com\/portal\/wp-json\/wp\/v2\/posts\/106622\/revisions"}],"predecessor-version":[{"id":106625,"href":"https:\/\/cooltivarte.com\/portal\/wp-json\/wp\/v2\/posts\/106622\/revisions\/106625"}],"wp:featuredmedia":[{"embeddable":true,"href":"https:\/\/cooltivarte.com\/portal\/wp-json\/wp\/v2\/media\/106623"}],"wp:attachment":[{"href":"https:\/\/cooltivarte.com\/portal\/wp-json\/wp\/v2\/media?parent=106622"}],"wp:term":[{"taxonomy":"category","embeddable":true,"href":"https:\/\/cooltivarte.com\/portal\/wp-json\/wp\/v2\/categories?post=106622"},{"taxonomy":"post_tag","embeddable":true,"href":"https:\/\/cooltivarte.com\/portal\/wp-json\/wp\/v2\/tags?post=106622"}],"curies":[{"name":"wp","href":"https:\/\/api.w.org\/{rel}","templated":true}]}}