{"id":104513,"date":"2024-07-04T15:13:25","date_gmt":"2024-07-04T18:13:25","guid":{"rendered":"https:\/\/cooltivarte.com\/portal\/?p=104513"},"modified":"2024-07-05T14:31:19","modified_gmt":"2024-07-05T17:31:19","slug":"desde-necochea-al-corazon-el-plan-de-la-mariposa-en-sala-del-museo","status":"publish","type":"post","link":"https:\/\/cooltivarte.com\/portal\/desde-necochea-al-corazon-el-plan-de-la-mariposa-en-sala-del-museo\/","title":{"rendered":"Desde Necochea al Coraz\u00f3n &#8211; El Plan de la Mariposa en Sala del Museo"},"content":{"rendered":"<figure id=\"attachment_104514\" aria-describedby=\"caption-attachment-104514\" style=\"width: 1024px\" class=\"wp-caption aligncenter\"><img fetchpriority=\"high\" decoding=\"async\" class=\"wp-image-104514 size-large\" title=\"El Plan de la Mariposa en Sala del Museo - Junio 2024 - Foto Martina Carrizo\" src=\"https:\/\/cooltivarte.com\/portal\/wp-content\/uploads\/2024\/07\/El-Plan-de-la-Mariposa-en-Sala-del-Museo-Junio-2024-Foto-Martina-Carrizo-1024x720.jpg\" alt=\"El Plan de la Mariposa en Sala del Museo - Junio 2024 - Foto Martina Carrizo\" width=\"1024\" height=\"720\" srcset=\"https:\/\/cooltivarte.com\/portal\/wp-content\/uploads\/2024\/07\/El-Plan-de-la-Mariposa-en-Sala-del-Museo-Junio-2024-Foto-Martina-Carrizo-1024x720.jpg 1024w, https:\/\/cooltivarte.com\/portal\/wp-content\/uploads\/2024\/07\/El-Plan-de-la-Mariposa-en-Sala-del-Museo-Junio-2024-Foto-Martina-Carrizo-300x211.jpg 300w, https:\/\/cooltivarte.com\/portal\/wp-content\/uploads\/2024\/07\/El-Plan-de-la-Mariposa-en-Sala-del-Museo-Junio-2024-Foto-Martina-Carrizo-768x540.jpg 768w, https:\/\/cooltivarte.com\/portal\/wp-content\/uploads\/2024\/07\/El-Plan-de-la-Mariposa-en-Sala-del-Museo-Junio-2024-Foto-Martina-Carrizo-1536x1080.jpg 1536w, https:\/\/cooltivarte.com\/portal\/wp-content\/uploads\/2024\/07\/El-Plan-de-la-Mariposa-en-Sala-del-Museo-Junio-2024-Foto-Martina-Carrizo-2048x1440.jpg 2048w\" sizes=\"(max-width: 1024px) 100vw, 1024px\" \/><figcaption id=\"caption-attachment-104514\" class=\"wp-caption-text\">El Plan de la Mariposa en Sala del Museo &#8211; Junio 2024 &#8211; Foto Martina Carrizo<\/figcaption><\/figure>\n<p>&nbsp;<\/p>\n<p>&nbsp;<\/p>\n<p>El viernes 28 de junio 2024, la<strong> <i>Sala del Museo <\/i><\/strong>se convirti\u00f3 en un hervidero de energ\u00eda con la presentaci\u00f3n de <a href=\"https:\/\/cooltivarte.com\/portal\/?s=El+Plan+de+la+Mariposa\" target=\"_blank\" rel=\"noopener\"><b>El Plan de la Mariposa<\/b><\/a>, la banda argentina formada en 2008 en Necochea por los hermanos;<i> Sebasti\u00e1n, Camila, Valent\u00edn, M\u00e1ximo y Santiago Andersen<\/i>, junto a <i>Andr\u00e9s N\u00f6r<\/i> en el bajo y <i>Juli\u00e1n Ropero<\/i> en la bater\u00eda, hicieron temblar los cimientos de la sala con dos fechas agotadas (viernes y s\u00e1bado).<\/p>\n<p>Particularmente, me toc\u00f3 participar del primer d\u00eda. Con una temperatura realmente baja y retraso en la apertura de puertas, fuimos ingresando lentamente a la sala desde las 20:40. La fila llegaba hasta la fuente ubicada en el centro del patio del <i>mercado del puerto<\/i>. Postal que ya nos daba la pauta de que ser\u00eda una noche agitada de fr\u00edo y calor al mismo tiempo.<\/p>\n<p>Como teloneros y rompiendo el hielo, se present\u00f3 la banda fernandina \u201cEl Le\u00f3n Verde\u201d, presentando su LP \u201cPor fin\u201d. Con mucha actitud, alentaron el escenario durante unos 25 minutos con alguna dificultad en el sonido y recibiendo los aplausos de un p\u00fablico tempranero, que disfrutaba tomando algo mientras esperaban para vivir el plato fuerte de la noche. El Le\u00f3n Verde, es una banda en crecimiento y con pocos a\u00f1os de proyecto, pero que viene posicion\u00e1ndose r\u00e1pidamente en el circuito musical nacional. <i>Su pr\u00f3xima presentaci\u00f3n ser\u00e1 el 25 de julio 2024 en TAZU bar Cultural.<\/i><\/p>\n<p>Lleg\u00f3 la hora del \u201cEL PLAN\u201d!!! Con una mezcla de influencias folk y toques psicod\u00e9licos, <strong>El Plan de la Mariposa<\/strong> despleg\u00f3 un repertorio donde no solo mostr\u00f3 su virtuosismo musical, sino tambi\u00e9n su profunda conexi\u00f3n con temas sensibles que nos interpelan como habitantes de este tiempo y espacio.<\/p>\n<p>A las 21:50 comenzaron de manera intempestiva con <i>\u201cSerena de una ruta larga\u201d<\/i>, seguida por <i>\u201cUn mal delito entre confiar y morir\u201d <\/i>y \u201c<i>Romance con el Desapego\u201d<\/i>, y otros de su \u00faltimo disco <b>\u201cCorrentada\u201d<\/b>. En una sala repleta de jolgorio y&nbsp; personas de todas las edades, entregadas al canto y al baile.<\/p>\n<p>Se destacaban las improvisaciones l\u00fadicas en toda la paleta de canciones , cada nota confirmaba una comunidad emocionalmente conectada con lo que estaba sucediendo. Es notorio y evidente que sus integrantes son muy h\u00e1biles en la ejecuci\u00f3n de los instrumentos, pero la sensaci\u00f3n predominante era la de estar en un show integral, donde la coherencia est\u00e9tica y emocional eran una sola cosa. Desde el principio, la banda mostr\u00f3 una sinergia \u00fanica entre la m\u00fasica, la poes\u00eda y su presencia en el escenario, complementado esto con la energ\u00eda que devolv\u00eda el p\u00fablico.<\/p>\n<p><a href=\"https:\/\/cooltivarte.com\/portal\/?s=Agustina+Garc%C3%ADa\" target=\"_blank\" rel=\"noopener\"><strong><i>Agustina Garc\u00eda<\/i><\/strong><\/a> y <a href=\"https:\/\/cooltivarte.com\/portal\/?s=Gast%C3%B3n+Puentes\" target=\"_blank\" rel=\"noopener\"><strong><i>Gast\u00f3n Puentes<\/i><\/strong><\/a> de los<b> \u201c<a href=\"https:\/\/cooltivarte.com\/portal\/?s=Cuatro+Pesos+de+Propina\" target=\"_blank\" rel=\"noopener\">Cuatro Pesos de Propina<\/a>\u201d<\/b> acompa\u00f1aron en uno de los momentos m\u00e1s altos de la noche sum\u00e1ndose al canto de <i>\u201cComo decir que no\u201d<\/i>. Incre\u00edble puesta en escena, con una <i>Camila Andersen<\/i> que en ning\u00fan momento par\u00f3 de danzar dej\u00e1ndose llevar por la energ\u00eda que generaba el momento . Es as\u00ed, de ida y vuelta, cosechando lo que se ha sembrado y en hermandad.<\/p>\n<p>&#8230;<b><i>\u201cCuido de preservar esas personas que me enderezan la espalda, me expanden el horizonte y me dan esperanza en las ma\u00f1anas. Cuando me pesan los pasos, cuando nada vale nada, que vire la energ\u00eda para el lado del Buen d\u00eda sol, buen d\u00eda vida maga, buen d\u00eda el equilibrio, buen d\u00eda la confianza, buen d\u00eda el laberinto, buen d\u00eda como un rezo, como un pacto de esperanza, plegaria del eterno Domador de Sombras\u2026\u201d<\/i><\/b><\/p>\n<p>Rese\u00f1amos a una banda que convoca en ambas orillas, en Argentina donde ha realizado shows en lugares emblem\u00e1ticos como el Estadio Obras Sanitarias y el Luna Park, y en Uruguay logrado conectar profundamente con todas las generaciones, especialmente con las juventudes, gracias a su rollo musical\/espiritual.<\/p>\n<p>Vivimos una experiencia tremenda, un show profundo donde abordaron temas como las relaciones humanas, los l\u00edmites y la vida misma. Una de las bandas m\u00e1s interesantes de hoy en d\u00eda, aut\u00e9ntica y que conecta verdaderamente con la gente.<\/p>\n<p>Soy un fiel representante de ese pensamiento; conoc\u00eda algunas canciones, pero verlos en vivo y ser parte de lo que generan fue una sorpresa de esas lindas, las que te erizan la piel por momentos. Con aplausos, agradecimientos, muestras de cari\u00f1os y foto final; termina esta primera fecha, poco antes de la medianoche. El s\u00e1bado seguir\u00e1 el ritual con un segundo m\u00edstico encuentro.<\/p>\n<p><b>Nos vemos en el pr\u00f3ximo Plan&nbsp;<\/b><\/p>\n<p>&nbsp;<\/p>\n<h3>&nbsp;<a href=\"https:\/\/www.facebook.com\/media\/set\/?set=a.997119169118609&amp;type=3\" target=\"_blank\" rel=\"noopener\">Ir a la fotogaler\u00eda<\/a><\/h3>\n<p>&nbsp;<\/p>\n<p>&nbsp;<br \/>\n&nbsp;<\/p>\n<blockquote class=\"instagram-media\" style=\"background: #FFF; border: 0; border-radius: 3px; box-shadow: 0 0 1px 0 rgba(0,0,0,0.5),0 1px 10px 0 rgba(0,0,0,0.15); margin: 1px; max-width: 540px; min-width: 326px; padding: 0; width: calc(100% - 2px);\" data-instgrm-captioned=\"\" data-instgrm-permalink=\"https:\/\/www.instagram.com\/p\/C9BD9pRuQYd\/?utm_source=ig_embed&amp;utm_campaign=loading\" data-instgrm-version=\"14\">\n<div style=\"padding: 16px;\">\n<p>&nbsp;<\/p>\n<div style=\"display: flex; flex-direction: row; align-items: center;\">\n<div style=\"background-color: #f4f4f4; border-radius: 50%; flex-grow: 0; height: 40px; margin-right: 14px; width: 40px;\">&nbsp;<\/div>\n<div style=\"display: flex; flex-direction: column; flex-grow: 1; justify-content: center;\">\n<div style=\"background-color: #f4f4f4; border-radius: 4px; flex-grow: 0; height: 14px; margin-bottom: 6px; width: 100px;\">&nbsp;<\/div>\n<div style=\"background-color: #f4f4f4; border-radius: 4px; flex-grow: 0; height: 14px; width: 60px;\">&nbsp;<\/div>\n<\/div>\n<\/div>\n<div style=\"padding: 19% 0;\">&nbsp;<\/div>\n<div style=\"display: block; height: 50px; margin: 0 auto 12px; width: 50px;\">&nbsp;<\/div>\n<div style=\"padding-top: 8px;\">\n<div style=\"color: #3897f0; font-family: Arial,sans-serif; font-size: 14px; font-style: normal; font-weight: 550; line-height: 18px;\">Ver esta publicaci\u00f3n en Instagram<\/div>\n<\/div>\n<div style=\"padding: 12.5% 0;\">&nbsp;<\/div>\n<div style=\"display: flex; flex-direction: row; margin-bottom: 14px; align-items: center;\">\n<div>\n<div style=\"background-color: #f4f4f4; border-radius: 50%; height: 12.5px; width: 12.5px; transform: translateX(0px) translateY(7px);\">&nbsp;<\/div>\n<div style=\"background-color: #f4f4f4; height: 12.5px; transform: rotate(-45deg) translateX(3px) translateY(1px); width: 12.5px; flex-grow: 0; margin-right: 14px; margin-left: 2px;\">&nbsp;<\/div>\n<div style=\"background-color: #f4f4f4; border-radius: 50%; height: 12.5px; width: 12.5px; transform: translateX(9px) translateY(-18px);\">&nbsp;<\/div>\n<\/div>\n<div style=\"margin-left: 8px;\">\n<div style=\"background-color: #f4f4f4; border-radius: 50%; flex-grow: 0; height: 20px; width: 20px;\">&nbsp;<\/div>\n<div style=\"width: 0; height: 0; border-top: 2px solid transparent; border-left: 6px solid #f4f4f4; border-bottom: 2px solid transparent; transform: translateX(16px) translateY(-4px) rotate(30deg);\">&nbsp;<\/div>\n<\/div>\n<div style=\"margin-left: auto;\">\n<div style=\"width: 0px; border-top: 8px solid #F4F4F4; border-right: 8px solid transparent; transform: translateY(16px);\">&nbsp;<\/div>\n<div style=\"background-color: #f4f4f4; flex-grow: 0; height: 12px; width: 16px; transform: translateY(-4px);\">&nbsp;<\/div>\n<div style=\"width: 0; height: 0; border-top: 8px solid #F4F4F4; border-left: 8px solid transparent; transform: translateY(-4px) translateX(8px);\">&nbsp;<\/div>\n<\/div>\n<\/div>\n<div style=\"display: flex; flex-direction: column; flex-grow: 1; justify-content: center; margin-bottom: 24px;\">\n<div style=\"background-color: #f4f4f4; border-radius: 4px; flex-grow: 0; height: 14px; margin-bottom: 6px; width: 224px;\">&nbsp;<\/div>\n<div style=\"background-color: #f4f4f4; border-radius: 4px; flex-grow: 0; height: 14px; width: 144px;\">&nbsp;<\/div>\n<\/div>\n<p>&nbsp;<\/p>\n<p style=\"color: #c9c8cd; font-family: Arial,sans-serif; font-size: 14px; line-height: 17px; margin-bottom: 0; margin-top: 8px; overflow: hidden; padding: 8px 0 7px; text-align: center; text-overflow: ellipsis; white-space: nowrap;\"><a style=\"color: #c9c8cd; font-family: Arial,sans-serif; font-size: 14px; font-style: normal; font-weight: normal; line-height: 17px; text-decoration: none;\" href=\"https:\/\/www.instagram.com\/p\/C9BD9pRuQYd\/?utm_source=ig_embed&amp;utm_campaign=loading\" target=\"_blank\" rel=\"noopener\">Una publicaci\u00f3n compartida de cooltivarte.com (@_cooltivarte_)<\/a><\/p>\n<\/div>\n<\/blockquote>\n<p><script async=\"\" src=\"\/\/www.instagram.com\/embed.js\"><\/script><br \/>\n&nbsp;<br \/>\n&nbsp;<\/p>\n<p>&nbsp;<\/p>\n<p>&nbsp;<\/p>\n","protected":false},"excerpt":{"rendered":"<p>El viernes 28 de junio 2024, la Sala del Museo se convirti\u00f3 en un hervidero de energ\u00eda con la presentaci\u00f3n de El Plan de la Mariposa, la banda argentina formada en 2008 en Necochea por los hermanos Sebasti\u00e1n, Camila, Valent\u00edn, M\u00e1ximo y Santiago Andersen, junto a Andr\u00e9s N\u00f6r en el bajo y Juli\u00e1n Ropero en la bater\u00eda, hicieron temblar los cimientos de la sala con dos fechas agotadas (viernes y s\u00e1bado).<\/p>\n","protected":false},"author":199,"featured_media":104514,"comment_status":"closed","ping_status":"closed","sticky":false,"template":"","format":"standard","meta":{"om_disable_all_campaigns":false,"ngg_post_thumbnail":0,"jnews-multi-image_gallery":[],"jnews_single_post":{"subtitle":"","format":"standard","video":"","gallery":"","source_name":"","source_url":"","via_name":"","via_url":"","override_template":"0","override":[{"template":"4","single_blog_custom":"","parallax":"1","fullscreen":"0","layout":"right-sidebar","sidebar":"default-sidebar","second_sidebar":"default-sidebar","sticky_sidebar":"1","share_position":"bottom","share_float_style":"share-monocrhome","show_share_counter":"1","show_view_counter":"1","show_featured":"1","show_post_meta":"1","show_post_author":"1","show_post_author_image":"1","show_post_date":"1","post_date_format":"default","post_date_format_custom":"Y\/m\/d","show_post_category":"1","show_post_reading_time":"0","post_reading_time_wpm":"300","show_zoom_button":"0","zoom_button_out_step":"2","zoom_button_in_step":"3","show_post_tag":"1","show_prev_next_post":"1","show_popup_post":"1","number_popup_post":"1","show_author_box":"1","show_post_related":"0","show_inline_post_related":"0"}],"override_image_size":"0","image_override":[{"single_post_thumbnail_size":"no-crop","single_post_gallery_size":"crop-500"}],"trending_post":"0","trending_post_position":"meta","trending_post_label":"Trending","sponsored_post":"0","sponsored_post_label":"Sponsored by","sponsored_post_name":"","sponsored_post_url":"","sponsored_post_logo_enable":"0","sponsored_post_logo":"","sponsored_post_desc":"","disable_ad":"0"},"jnews_primary_category":{"id":"","hide":""},"jnews_social_meta":{"fb_title":"","fb_description":"","fb_image":"","twitter_title":"","twitter_description":"","twitter_image":""},"jnews_override_counter":{"override_view_counter":"0","view_counter_number":"0","override_share_counter":"0","share_counter_number":"0","override_like_counter":"0","like_counter_number":"0","override_dislike_counter":"0","dislike_counter_number":"0"},"footnotes":""},"categories":[50],"tags":[20572,22827,22828,22635,8705,22829,3832],"class_list":["post-104513","post","type-post","status-publish","format-standard","has-post-thumbnail","hentry","category-coberturas","tag-agustina-garcia","tag-andersen","tag-andres-nor","tag-camila-andersen","tag-gaston-puentes","tag-julian-ropero","tag-sala-del-museo"],"yoast_head":"<!-- This site is optimized with the Yoast SEO plugin v27.4 - https:\/\/yoast.com\/product\/yoast-seo-wordpress\/ -->\n<title>Desde Necochea al Coraz\u00f3n - El Plan de la Mariposa en Sala del Museo - Cooltivarte Portal<\/title>\n<meta name=\"description\" content=\"El viernes 28 de junio 2024, la Sala del Museo se convirti\u00f3 en un hervidero de energ\u00eda con la presentaci\u00f3n de El Plan de la Mariposa, la banda argentina formada en 2008 en Necochea por los hermanos Sebasti\u00e1n, Camila, Valent\u00edn, M\u00e1ximo y Santiago Andersen, junto a Andr\u00e9s N\u00f6r en el bajo y Juli\u00e1n Ropero en la bater\u00eda, hicieron temblar los cimientos de la sala con dos fechas agotadas (viernes y s\u00e1bado).\" \/>\n<meta name=\"robots\" content=\"index, follow, max-snippet:-1, max-image-preview:large, max-video-preview:-1\" \/>\n<link rel=\"canonical\" href=\"https:\/\/cooltivarte.com\/portal\/desde-necochea-al-corazon-el-plan-de-la-mariposa-en-sala-del-museo\/\" \/>\n<meta property=\"og:locale\" content=\"es_ES\" \/>\n<meta property=\"og:type\" content=\"article\" \/>\n<meta property=\"og:title\" content=\"Desde Necochea al Coraz\u00f3n - El Plan de la Mariposa en Sala del Museo - viernes 28 de junio 2024 by Rodrigo Cabrera - Foto Martina Carrizo\" \/>\n<meta property=\"og:description\" content=\"El viernes 28 de junio 2024, la Sala del Museo se convirti\u00f3 en un hervidero de energ\u00eda con la presentaci\u00f3n de El Plan de la Mariposa, la banda argentina formada en 2008 en Necochea por los hermanos Sebasti\u00e1n, Camila, Valent\u00edn, M\u00e1ximo y Santiago Andersen, junto a Andr\u00e9s N\u00f6r en el bajo y Juli\u00e1n Ropero en la bater\u00eda, hicieron temblar los cimientos de la sala con dos fechas agotadas (viernes y s\u00e1bado).\" \/>\n<meta property=\"og:url\" content=\"https:\/\/cooltivarte.com\/portal\/desde-necochea-al-corazon-el-plan-de-la-mariposa-en-sala-del-museo\/\" \/>\n<meta property=\"og:site_name\" content=\"Cooltivarte Portal\" \/>\n<meta property=\"article:publisher\" content=\"https:\/\/www.facebook.com\/cooltivartecom\/\" \/>\n<meta property=\"article:author\" content=\"https:\/\/www.facebook.com\/rodrigo.cabrera.35\" \/>\n<meta property=\"article:published_time\" content=\"2024-07-04T18:13:25+00:00\" \/>\n<meta property=\"article:modified_time\" content=\"2024-07-05T17:31:19+00:00\" \/>\n<meta property=\"og:image\" content=\"https:\/\/cooltivarte.com\/portal\/wp-content\/uploads\/2024\/07\/El-Plan-de-la-Mariposa-en-Sala-del-Museo-Junio-2024-Foto-Martina-Carrizo-scaled.jpg\" \/>\n\t<meta property=\"og:image:width\" content=\"2560\" \/>\n\t<meta property=\"og:image:height\" content=\"1800\" \/>\n\t<meta property=\"og:image:type\" content=\"image\/jpeg\" \/>\n<meta name=\"author\" content=\"Rodrigo Cabrera\" \/>\n<meta name=\"twitter:card\" content=\"summary_large_image\" \/>\n<meta name=\"twitter:title\" content=\"Desde Necochea al Coraz\u00f3n - El Plan de la Mariposa en Sala del Museo - viernes 28 de junio 2024 by Rodrigo Cabrera - Foto Martina Carrizo\" \/>\n<meta name=\"twitter:description\" content=\"El viernes 28 de junio 2024, la Sala del Museo se convirti\u00f3 en un hervidero de energ\u00eda con la presentaci\u00f3n de El Plan de la Mariposa, la banda argentina formada en 2008 en Necochea por los hermanos Sebasti\u00e1n, Camila, Valent\u00edn, M\u00e1ximo y Santiago Andersen, junto a Andr\u00e9s N\u00f6r en el bajo y Juli\u00e1n Ropero en la bater\u00eda, hicieron temblar los cimientos de la sala con dos fechas agotadas (viernes y s\u00e1bado).\" \/>\n<meta name=\"twitter:image\" content=\"https:\/\/cooltivarte.com\/portal\/wp-content\/uploads\/2024\/07\/El-Plan-de-la-Mariposa-en-Sala-del-Museo-Junio-2024-Foto-Martina-Carrizo-scaled.jpg\" \/>\n<meta name=\"twitter:creator\" content=\"@https:\/\/x.com\/obolocultural\" \/>\n<meta name=\"twitter:site\" content=\"@obolocultural\" \/>\n<meta name=\"twitter:label1\" content=\"Escrito por\" \/>\n\t<meta name=\"twitter:data1\" content=\"Rodrigo Cabrera\" \/>\n\t<meta name=\"twitter:label2\" content=\"Tiempo de lectura\" \/>\n\t<meta name=\"twitter:data2\" content=\"4 minutos\" \/>\n<!-- \/ Yoast SEO plugin. -->","yoast_head_json":{"title":"Desde Necochea al Coraz\u00f3n - El Plan de la Mariposa en Sala del Museo - Cooltivarte Portal","description":"El viernes 28 de junio 2024, la Sala del Museo se convirti\u00f3 en un hervidero de energ\u00eda con la presentaci\u00f3n de El Plan de la Mariposa, la banda argentina formada en 2008 en Necochea por los hermanos Sebasti\u00e1n, Camila, Valent\u00edn, M\u00e1ximo y Santiago Andersen, junto a Andr\u00e9s N\u00f6r en el bajo y Juli\u00e1n Ropero en la bater\u00eda, hicieron temblar los cimientos de la sala con dos fechas agotadas (viernes y s\u00e1bado).","robots":{"index":"index","follow":"follow","max-snippet":"max-snippet:-1","max-image-preview":"max-image-preview:large","max-video-preview":"max-video-preview:-1"},"canonical":"https:\/\/cooltivarte.com\/portal\/desde-necochea-al-corazon-el-plan-de-la-mariposa-en-sala-del-museo\/","og_locale":"es_ES","og_type":"article","og_title":"Desde Necochea al Coraz\u00f3n - El Plan de la Mariposa en Sala del Museo - viernes 28 de junio 2024 by Rodrigo Cabrera - Foto Martina Carrizo","og_description":"El viernes 28 de junio 2024, la Sala del Museo se convirti\u00f3 en un hervidero de energ\u00eda con la presentaci\u00f3n de El Plan de la Mariposa, la banda argentina formada en 2008 en Necochea por los hermanos Sebasti\u00e1n, Camila, Valent\u00edn, M\u00e1ximo y Santiago Andersen, junto a Andr\u00e9s N\u00f6r en el bajo y Juli\u00e1n Ropero en la bater\u00eda, hicieron temblar los cimientos de la sala con dos fechas agotadas (viernes y s\u00e1bado).","og_url":"https:\/\/cooltivarte.com\/portal\/desde-necochea-al-corazon-el-plan-de-la-mariposa-en-sala-del-museo\/","og_site_name":"Cooltivarte Portal","article_publisher":"https:\/\/www.facebook.com\/cooltivartecom\/","article_author":"https:\/\/www.facebook.com\/rodrigo.cabrera.35","article_published_time":"2024-07-04T18:13:25+00:00","article_modified_time":"2024-07-05T17:31:19+00:00","og_image":[{"width":2560,"height":1800,"url":"https:\/\/cooltivarte.com\/portal\/wp-content\/uploads\/2024\/07\/El-Plan-de-la-Mariposa-en-Sala-del-Museo-Junio-2024-Foto-Martina-Carrizo-scaled.jpg","type":"image\/jpeg"}],"author":"Rodrigo Cabrera","twitter_card":"summary_large_image","twitter_title":"Desde Necochea al Coraz\u00f3n - El Plan de la Mariposa en Sala del Museo - viernes 28 de junio 2024 by Rodrigo Cabrera - Foto Martina Carrizo","twitter_description":"El viernes 28 de junio 2024, la Sala del Museo se convirti\u00f3 en un hervidero de energ\u00eda con la presentaci\u00f3n de El Plan de la Mariposa, la banda argentina formada en 2008 en Necochea por los hermanos Sebasti\u00e1n, Camila, Valent\u00edn, M\u00e1ximo y Santiago Andersen, junto a Andr\u00e9s N\u00f6r en el bajo y Juli\u00e1n Ropero en la bater\u00eda, hicieron temblar los cimientos de la sala con dos fechas agotadas (viernes y s\u00e1bado).","twitter_image":"https:\/\/cooltivarte.com\/portal\/wp-content\/uploads\/2024\/07\/El-Plan-de-la-Mariposa-en-Sala-del-Museo-Junio-2024-Foto-Martina-Carrizo-scaled.jpg","twitter_creator":"@https:\/\/x.com\/obolocultural","twitter_site":"@obolocultural","twitter_misc":{"Escrito por":"Rodrigo Cabrera","Tiempo de lectura":"4 minutos"},"schema":{"@context":"https:\/\/schema.org","@graph":[{"@type":"NewsArticle","@id":"https:\/\/cooltivarte.com\/portal\/desde-necochea-al-corazon-el-plan-de-la-mariposa-en-sala-del-museo\/#article","isPartOf":{"@id":"https:\/\/cooltivarte.com\/portal\/desde-necochea-al-corazon-el-plan-de-la-mariposa-en-sala-del-museo\/"},"author":{"name":"Rodrigo Cabrera","@id":"https:\/\/cooltivarte.com\/portal\/#\/schema\/person\/98e010c27211186ccb0c7ca2383b48b8"},"headline":"Desde Necochea al Coraz\u00f3n &#8211; El Plan de la Mariposa en Sala del Museo","datePublished":"2024-07-04T18:13:25+00:00","dateModified":"2024-07-05T17:31:19+00:00","mainEntityOfPage":{"@id":"https:\/\/cooltivarte.com\/portal\/desde-necochea-al-corazon-el-plan-de-la-mariposa-en-sala-del-museo\/"},"wordCount":856,"publisher":{"@id":"https:\/\/cooltivarte.com\/portal\/#organization"},"image":{"@id":"https:\/\/cooltivarte.com\/portal\/desde-necochea-al-corazon-el-plan-de-la-mariposa-en-sala-del-museo\/#primaryimage"},"thumbnailUrl":"https:\/\/cooltivarte.com\/portal\/wp-content\/uploads\/2024\/07\/El-Plan-de-la-Mariposa-en-Sala-del-Museo-Junio-2024-Foto-Martina-Carrizo-scaled.jpg","keywords":["Agustina Garc\u00eda","Andersen","Andr\u00e9s N\u00f6r","Camila Andersen","Gast\u00f3n Puentes","Juli\u00e1n Ropero","Sala del Museo"],"articleSection":["Coberturas"],"inLanguage":"es-AR"},{"@type":"WebPage","@id":"https:\/\/cooltivarte.com\/portal\/desde-necochea-al-corazon-el-plan-de-la-mariposa-en-sala-del-museo\/","url":"https:\/\/cooltivarte.com\/portal\/desde-necochea-al-corazon-el-plan-de-la-mariposa-en-sala-del-museo\/","name":"Desde Necochea al Coraz\u00f3n - El Plan de la Mariposa en Sala del Museo - Cooltivarte Portal","isPartOf":{"@id":"https:\/\/cooltivarte.com\/portal\/#website"},"primaryImageOfPage":{"@id":"https:\/\/cooltivarte.com\/portal\/desde-necochea-al-corazon-el-plan-de-la-mariposa-en-sala-del-museo\/#primaryimage"},"image":{"@id":"https:\/\/cooltivarte.com\/portal\/desde-necochea-al-corazon-el-plan-de-la-mariposa-en-sala-del-museo\/#primaryimage"},"thumbnailUrl":"https:\/\/cooltivarte.com\/portal\/wp-content\/uploads\/2024\/07\/El-Plan-de-la-Mariposa-en-Sala-del-Museo-Junio-2024-Foto-Martina-Carrizo-scaled.jpg","datePublished":"2024-07-04T18:13:25+00:00","dateModified":"2024-07-05T17:31:19+00:00","description":"El viernes 28 de junio 2024, la Sala del Museo se convirti\u00f3 en un hervidero de energ\u00eda con la presentaci\u00f3n de El Plan de la Mariposa, la banda argentina formada en 2008 en Necochea por los hermanos Sebasti\u00e1n, Camila, Valent\u00edn, M\u00e1ximo y Santiago Andersen, junto a Andr\u00e9s N\u00f6r en el bajo y Juli\u00e1n Ropero en la bater\u00eda, hicieron temblar los cimientos de la sala con dos fechas agotadas (viernes y s\u00e1bado).","breadcrumb":{"@id":"https:\/\/cooltivarte.com\/portal\/desde-necochea-al-corazon-el-plan-de-la-mariposa-en-sala-del-museo\/#breadcrumb"},"inLanguage":"es-AR","potentialAction":[{"@type":"ReadAction","target":["https:\/\/cooltivarte.com\/portal\/desde-necochea-al-corazon-el-plan-de-la-mariposa-en-sala-del-museo\/"]}]},{"@type":"ImageObject","inLanguage":"es-AR","@id":"https:\/\/cooltivarte.com\/portal\/desde-necochea-al-corazon-el-plan-de-la-mariposa-en-sala-del-museo\/#primaryimage","url":"https:\/\/cooltivarte.com\/portal\/wp-content\/uploads\/2024\/07\/El-Plan-de-la-Mariposa-en-Sala-del-Museo-Junio-2024-Foto-Martina-Carrizo-scaled.jpg","contentUrl":"https:\/\/cooltivarte.com\/portal\/wp-content\/uploads\/2024\/07\/El-Plan-de-la-Mariposa-en-Sala-del-Museo-Junio-2024-Foto-Martina-Carrizo-scaled.jpg","width":2560,"height":1800,"caption":"El Plan de la Mariposa en Sala del Museo - Junio 2024 - Foto Martina Carrizo"},{"@type":"BreadcrumbList","@id":"https:\/\/cooltivarte.com\/portal\/desde-necochea-al-corazon-el-plan-de-la-mariposa-en-sala-del-museo\/#breadcrumb","itemListElement":[{"@type":"ListItem","position":1,"name":"Portada","item":"https:\/\/cooltivarte.com\/portal\/"},{"@type":"ListItem","position":2,"name":"Desde Necochea al Coraz\u00f3n &#8211; El Plan de la Mariposa en Sala del Museo"}]},{"@type":"WebSite","@id":"https:\/\/cooltivarte.com\/portal\/#website","url":"https:\/\/cooltivarte.com\/portal\/","name":"Cooltivarte Portal","description":"Arte, cultura y turismo para el mundo ...","publisher":{"@id":"https:\/\/cooltivarte.com\/portal\/#organization"},"potentialAction":[{"@type":"SearchAction","target":{"@type":"EntryPoint","urlTemplate":"https:\/\/cooltivarte.com\/portal\/?s={search_term_string}"},"query-input":{"@type":"PropertyValueSpecification","valueRequired":true,"valueName":"search_term_string"}}],"inLanguage":"es-AR"},{"@type":"Organization","@id":"https:\/\/cooltivarte.com\/portal\/#organization","name":"cooltivarte","url":"https:\/\/cooltivarte.com\/portal\/","logo":{"@type":"ImageObject","inLanguage":"es-AR","@id":"https:\/\/cooltivarte.com\/portal\/#\/schema\/logo\/image\/","url":"https:\/\/cooltivarte.com\/portal\/wp-content\/uploads\/2020\/04\/logo-cooltivarte-v2.png","contentUrl":"https:\/\/cooltivarte.com\/portal\/wp-content\/uploads\/2020\/04\/logo-cooltivarte-v2.png","width":851,"height":243,"caption":"cooltivarte"},"image":{"@id":"https:\/\/cooltivarte.com\/portal\/#\/schema\/logo\/image\/"},"sameAs":["https:\/\/www.facebook.com\/cooltivartecom\/","https:\/\/x.com\/obolocultural","https:\/\/www.instagram.com\/_cooltivarte_\/","https:\/\/www.linkedin.com\/company\/-bolocultural?reportsuccess=8zaNG1HwhPbAR9iQhZ5rfGeqz_vQFftHun0ZWU0Wy9vNemRJ8vtcKdJvzQfW8XagyOJSKg0XvfJ1dp","https:\/\/www.pinterest.com\/cooltivarte\/","https:\/\/cooltivarte.tumblr.com\/","https:\/\/www.tiktok.com\/@cooltivarte","https:\/\/www.youtube.com\/@PrensaCooltivarte"]},{"@type":"Person","@id":"https:\/\/cooltivarte.com\/portal\/#\/schema\/person\/98e010c27211186ccb0c7ca2383b48b8","name":"Rodrigo Cabrera","image":{"@type":"ImageObject","inLanguage":"es-AR","@id":"https:\/\/cooltivarte.com\/portal\/wp-content\/uploads\/2026\/01\/Ro1-120x120.jpeg","url":"https:\/\/cooltivarte.com\/portal\/wp-content\/uploads\/2026\/01\/Ro1-120x120.jpeg","contentUrl":"https:\/\/cooltivarte.com\/portal\/wp-content\/uploads\/2026\/01\/Ro1-120x120.jpeg","caption":"Rodrigo Cabrera"},"description":"La comunicaci\u00f3n y el arte son mis lugares. Me muevo entre tablados, escenarios y espacios culturales, siguiendo hilos que van apareciendo en el camino. Egres\u00e9 de la FIC y de la Escuela Figari, aunque gran parte de mi formaci\u00f3n vino de compartir en ronda, con Paulo Freire como referencia. Vengo del carnaval, del rock y de la murga canci\u00f3n. Escribo como quien anota lo que siente en una libreta, como sale y sin tecnicismos. Laburo con gurises en proyectos de formaci\u00f3n. Creo en el arte como un espacio cercano y compartido, donde todas las voces importan.","sameAs":["https:\/\/www.facebook.com\/rodrigo.cabrera.35","https:\/\/www.instagram.com\/rodrigo.cabrera.35","linkedin.com\/in\/rodrigo-c-492303187","https:\/\/www.pinterest.com\/cooltivarte\/","https:\/\/x.com\/https:\/\/x.com\/obolocultural","https:\/\/www.youtube.com\/@PrensaCooltivarte","https:\/\/cooltivarte.tumblr.com\/"],"url":"https:\/\/cooltivarte.com\/portal\/author\/rodrigo-cabrera\/"}]}},"_links":{"self":[{"href":"https:\/\/cooltivarte.com\/portal\/wp-json\/wp\/v2\/posts\/104513","targetHints":{"allow":["GET"]}}],"collection":[{"href":"https:\/\/cooltivarte.com\/portal\/wp-json\/wp\/v2\/posts"}],"about":[{"href":"https:\/\/cooltivarte.com\/portal\/wp-json\/wp\/v2\/types\/post"}],"author":[{"embeddable":true,"href":"https:\/\/cooltivarte.com\/portal\/wp-json\/wp\/v2\/users\/199"}],"replies":[{"embeddable":true,"href":"https:\/\/cooltivarte.com\/portal\/wp-json\/wp\/v2\/comments?post=104513"}],"version-history":[{"count":9,"href":"https:\/\/cooltivarte.com\/portal\/wp-json\/wp\/v2\/posts\/104513\/revisions"}],"predecessor-version":[{"id":104527,"href":"https:\/\/cooltivarte.com\/portal\/wp-json\/wp\/v2\/posts\/104513\/revisions\/104527"}],"wp:featuredmedia":[{"embeddable":true,"href":"https:\/\/cooltivarte.com\/portal\/wp-json\/wp\/v2\/media\/104514"}],"wp:attachment":[{"href":"https:\/\/cooltivarte.com\/portal\/wp-json\/wp\/v2\/media?parent=104513"}],"wp:term":[{"taxonomy":"category","embeddable":true,"href":"https:\/\/cooltivarte.com\/portal\/wp-json\/wp\/v2\/categories?post=104513"},{"taxonomy":"post_tag","embeddable":true,"href":"https:\/\/cooltivarte.com\/portal\/wp-json\/wp\/v2\/tags?post=104513"}],"curies":[{"name":"wp","href":"https:\/\/api.w.org\/{rel}","templated":true}]}}