{"id":104484,"date":"2024-07-03T20:41:07","date_gmt":"2024-07-03T23:41:07","guid":{"rendered":"https:\/\/cooltivarte.com\/portal\/?p=104484"},"modified":"2024-07-03T20:53:18","modified_gmt":"2024-07-03T23:53:18","slug":"conquista-iv-guadalupe-ayala","status":"publish","type":"post","link":"https:\/\/cooltivarte.com\/portal\/conquista-iv-guadalupe-ayala\/","title":{"rendered":"CONQUISTA IV &#8211; Guadalupe Ayala"},"content":{"rendered":"<p><img fetchpriority=\"high\" decoding=\"async\" class=\"aligncenter wp-image-104485 size-full\" title=\"Recorriendo Exposiciones CONQUISTA IV por Daniel Benoit Cassou\" src=\"https:\/\/cooltivarte.com\/portal\/wp-content\/uploads\/2024\/07\/CONQUISTA-IV.jpg\" alt=\"Recorriendo Exposiciones CONQUISTA IV por Daniel Benoit Cassou\" width=\"564\" height=\"525\" srcset=\"https:\/\/cooltivarte.com\/portal\/wp-content\/uploads\/2024\/07\/CONQUISTA-IV.jpg 564w, https:\/\/cooltivarte.com\/portal\/wp-content\/uploads\/2024\/07\/CONQUISTA-IV-300x279.jpg 300w\" sizes=\"(max-width: 564px) 100vw, 564px\" \/><\/p>\n<p>&nbsp;<\/p>\n<p>Una vez m\u00e1s <a href=\"https:\/\/cooltivarte.com\/portal\/?s=Guadalupe+Ayala\" target=\"_blank\" rel=\"noopener\"><strong>Guadalupe Ayala<\/strong><\/a> (Buenos Aires, 1976), artista y polit\u00f3loga, nos ha dado la oportunidad de quedar estupefactos frente a una puesta en escena de su obra y en esta oportunidad ha encontrado el ambiente ideal para albergar sus obras.<\/p>\n<p>Guadalupe quien lleva viviendo en Montevideo 13 a\u00f1os forma parte del canje llevado a cabo con los porte\u00f1os en cuanto a destacadas personalidades que han cruzado el charco. Podr\u00edamos pensar que a cambio de Natalia Oreiro recibimos a esta prestigiosa artista.<\/p>\n<p>Su obra de caracter\u00edsticas sutiles no pierde en cambio el poder con el cual golpea al espectador, el que paulatinamente se va adentrando en los entramados vericuetos de la misma.<\/p>\n<p>Son amplios los escenarios que la artista suele escoger para sus propuestas, sin embargo sus obras est\u00e1n compuestas de micro relatos que nos inducen a una intromisi\u00f3n que afectar\u00e1 al espectador a trav\u00e9s de variadas maneras pero siempre de forma contundente.<\/p>\n<p>El tenor de sus discursos proviene de un pasado ancestral dictado por una genealog\u00eda que la conduce la que le susurra al o\u00eddo situaciones aquejantes pasadas.<\/p>\n<p>Sus obras son silenciosas, pausadas, reflexivas, tal cual como es Guadalupe en su trato con sus pares, pero a la vez no dejan de abofetearnos a trav\u00e9s de una situaci\u00f3n inesperada que partiendo de su fr\u00e1gil apariencia provoca mayores efectos una vez que la hemos le\u00eddo con atenci\u00f3n.<\/p>\n<p>La mesas son su mejor escenario donde a modo barroco conforma la presencia humana, a la vez que la ausencia, pues las personas habitan solamente en la mente del testigo que las recrea a medida que se acerca al lugar de los hechos.<\/p>\n<p>Haciendo uso de vajillas antiguas que dan cuenta el pasado, Ayala irrumpe en un plano que ha dejado vestigios de lo que fuera. Mesas compuestas en su amplia variedad de cer\u00e1micas de cocina donde las jarras juegan un lugar protag\u00f3nico, cubiertos, servilletas, copas de cristal rotas, entre otros elementos intervenidos que destellan la exquisita creatividad de la artista.<\/p>\n<p>El recurrente uso de cristales de coches rotos propicia a Ayala ese tenor de tensi\u00f3n y agresi\u00f3n que en sus obras habitan.<\/p>\n<p>Las mesas de comedor vinculan al ser humano en una de las reuniones mas importantes del d\u00eda como es el acto de alimentarse, lo que tambi\u00e9n genera la oportunidad tanto a familias como a grupos de personas a sociabilizar, \u00e1mbito propicio para expresar opiniones, deseos as\u00ed como frustraciones.<\/p>\n<p>Con la consigna del respeto a la vez que la reinserci\u00f3n del patrimonio hist\u00f3rico de Montevideo, el Estudio Rener est\u00e1 llevando a cabo la construcci\u00f3n de un edifico llamado Jard\u00edn Castellanos, en el parque de la casa que ocupara el matrimonio conformado por <strong>Alejandro Gallinal Heber<\/strong> (Montevideo, 1905-1980) y <strong>Elina Castellanos Etchebarne<\/strong> m\u00e1s sus cuatro hijos, destacadas figuras del contexto social y cultural del pa\u00eds.<\/p>\n<p>Partiendo de esa premisa de conservaci\u00f3n patrimonial, el Estudio Rener junto con la labor de BMR Productora, han llevado a cabo una serie de seis muestras bajo el programa Cultural Obra en lo que fuera la sala principal de la casa.<\/p>\n<p>Estas muestras incluyeron fotograf\u00eda, croquis, pinturas as\u00ed como propuestas inmersivas y un taller para ni\u00f1os, todo de cara a la revitalizaci\u00f3n de la casa propiciando el renacimiento de la misma dentro de su nueva funci\u00f3n.<\/p>\n<p>En esta oportunidad Ayala fue invitada por el Doctor en Historia del Arte y Gesti\u00f3n del Patrimonio Cultural, <strong>William Rey<\/strong>, principal figura dentro del programa de valoraci\u00f3n y gesti\u00f3n del patrimonio art\u00edstico de nuestro pa\u00eds, a exponer en el espacio Cultural Obra el cual con esta muestra acaba un ciclo de exposiciones que lleva a cabo desde abril de 2023. Partiendo de esta invitaci\u00f3n que recibiera y luego de una minuciosa investigaci\u00f3n, Ayala se vali\u00f3 de elementos propios de la residencia que tom\u00f3 prestados para llevar cabo un v\u00ednculo entre el pasado y el presente.<\/p>\n<p>Para ello se vali\u00f3 de la tierra que extrajo del jard\u00edn as\u00ed como de ladrillos y otros elementos que rescat\u00f3 de la obra, elementos con los cuales construye su instalaci\u00f3n ubicada dentro del mismo comedor de la casa.<\/p>\n<p>De aqu\u00ed que se podr\u00eda pensar que esta ha sido una oportunidad ideal para la manifestaci\u00f3n art\u00edstica de Ayala trat\u00e1ndose de un \u00e1mbito familiar donde se sucedieron hechos inherente a la familia.<\/p>\n<p>El proyecto edilicio asimismo ha permitido mantener la casa a la cual se le ha anexado un edificio de quince pisos, y sera destinada para proporcionar \u201camenities\u201d a los residentes .<\/p>\n<p>La casa fue construida en 1942 por los arquitectos<strong> Horacio Terra Arocena<\/strong> (Montevideo, 1894-1985) y<strong> Elzeario Boix<\/strong> (Madrid, 1884-1953). La misma de aspecto afrancesada, fue construida con caracter\u00edsticas ecl\u00e9cticas con detalles tanto cl\u00e1sicos como modernos, con detalles como almohadillados, pilastras y columnas con otros italianizantes, algo muy com\u00fan en Montevideo donde los arquitectos y propietarios se inspiraran en las construcciones europeas pretendiendo dar un tenor parisino fundamentalmente, como tambi\u00e9n ocurriera en Buenos Aires.<\/p>\n<p>En un pa\u00eds como el nuestro donde el patrimonio hist\u00f3rico no ha sido valorizado ni mantenido en pie como en notorias oportunidades, este tipo de reinserci\u00f3n urbana es muy valioso y necesario.<\/p>\n<p>La casa compuesta por dos pisos destinar\u00e1 la sala principal como recepci\u00f3n del edificio a modo de \u201clobby\u201d y el piso superior ser\u00e1 destinado a albergar un gimnasio para los habitantes del edifico, que si se quiere ser\u00eda lo \u00fanico discutible. Tr\u00e1tandose de una residencia se\u00f1orial, tal vez seria mas oportuno destinar esas habitaciones superiores para otro tipo de eventos de tenor social y cultural en lugar de un gimnasio que la maltratar\u00e1 y transpirar\u00e1 menos.<\/p>\n<p>Un aspecto no menor, es que la constructora ha preservado algunas de las plantas que habitaban el jard\u00edn de la casa, la cuales formaban parte del reconocido entorno de la misma, tanto por sus vecinos como por los transe\u00fantes. Este paisajismo tambi\u00e9n form\u00f3 parte de la residencia rodeada de plantas como los &#8220;Esqueletos de caballo&#8221; que la caracterizaban.<\/p>\n<p>Otro elemento a destacar es la denominaci\u00f3n del edificio con el apellido de la due\u00f1a de casa quien seguramente se ocup\u00f3 y represent\u00f3 el esp\u00edritu de la casa y a quien se quiere homenajear.<\/p>\n<p>La muestra de Ayala ya fue levantada el domingo pasado y en virtud del traj\u00edn de la construcci\u00f3n del edificio contiguo, solo estuvo abierta al publico s\u00e1bados y domingos dentro de horarios reducidos.<\/p>\n<p>Tal vez la obra podr\u00eda ser montada en otra sala y dentro de un horario mas extensivo.<\/p>\n<p>&nbsp;<\/p>\n<blockquote class=\"instagram-media\" style=\"background: #FFF; border: 0; border-radius: 3px; box-shadow: 0 0 1px 0 rgba(0,0,0,0.5),0 1px 10px 0 rgba(0,0,0,0.15); margin: 1px; max-width: 540px; min-width: 326px; padding: 0; width: calc(100% - 2px);\" data-instgrm-captioned=\"\" data-instgrm-permalink=\"https:\/\/www.instagram.com\/reel\/C8-Vnjmpmvh\/?utm_source=ig_embed&amp;utm_campaign=loading\" data-instgrm-version=\"14\">\n<div style=\"padding: 16px;\">\n<p>&nbsp;<\/p>\n<div style=\"display: flex; flex-direction: row; align-items: center;\">\n<div style=\"background-color: #f4f4f4; border-radius: 50%; flex-grow: 0; height: 40px; margin-right: 14px; width: 40px;\">&nbsp;<\/div>\n<div style=\"display: flex; flex-direction: column; flex-grow: 1; justify-content: center;\">\n<div style=\"background-color: #f4f4f4; border-radius: 4px; flex-grow: 0; height: 14px; margin-bottom: 6px; width: 100px;\">&nbsp;<\/div>\n<div style=\"background-color: #f4f4f4; border-radius: 4px; flex-grow: 0; height: 14px; width: 60px;\">&nbsp;<\/div>\n<\/div>\n<\/div>\n<div style=\"padding: 19% 0;\">&nbsp;<\/div>\n<div style=\"display: block; height: 50px; margin: 0 auto 12px; width: 50px;\">&nbsp;<\/div>\n<div style=\"padding-top: 8px;\">\n<div style=\"color: #3897f0; font-family: Arial,sans-serif; font-size: 14px; font-style: normal; font-weight: 550; line-height: 18px;\">Ver esta publicaci\u00f3n en Instagram<\/div>\n<\/div>\n<div style=\"padding: 12.5% 0;\">&nbsp;<\/div>\n<div style=\"display: flex; flex-direction: row; margin-bottom: 14px; align-items: center;\">\n<div>\n<div style=\"background-color: #f4f4f4; border-radius: 50%; height: 12.5px; width: 12.5px; transform: translateX(0px) translateY(7px);\">&nbsp;<\/div>\n<div style=\"background-color: #f4f4f4; height: 12.5px; transform: rotate(-45deg) translateX(3px) translateY(1px); width: 12.5px; flex-grow: 0; margin-right: 14px; margin-left: 2px;\">&nbsp;<\/div>\n<div style=\"background-color: #f4f4f4; border-radius: 50%; height: 12.5px; width: 12.5px; transform: translateX(9px) translateY(-18px);\">&nbsp;<\/div>\n<\/div>\n<div style=\"margin-left: 8px;\">\n<div style=\"background-color: #f4f4f4; border-radius: 50%; flex-grow: 0; height: 20px; width: 20px;\">&nbsp;<\/div>\n<div style=\"width: 0; height: 0; border-top: 2px solid transparent; border-left: 6px solid #f4f4f4; border-bottom: 2px solid transparent; transform: translateX(16px) translateY(-4px) rotate(30deg);\">&nbsp;<\/div>\n<\/div>\n<div style=\"margin-left: auto;\">\n<div style=\"width: 0px; border-top: 8px solid #F4F4F4; border-right: 8px solid transparent; transform: translateY(16px);\">&nbsp;<\/div>\n<div style=\"background-color: #f4f4f4; flex-grow: 0; height: 12px; width: 16px; transform: translateY(-4px);\">&nbsp;<\/div>\n<div style=\"width: 0; height: 0; border-top: 8px solid #F4F4F4; border-left: 8px solid transparent; transform: translateY(-4px) translateX(8px);\">&nbsp;<\/div>\n<\/div>\n<\/div>\n<div style=\"display: flex; flex-direction: column; flex-grow: 1; justify-content: center; margin-bottom: 24px;\">\n<div style=\"background-color: #f4f4f4; border-radius: 4px; flex-grow: 0; height: 14px; margin-bottom: 6px; width: 224px;\">&nbsp;<\/div>\n<div style=\"background-color: #f4f4f4; border-radius: 4px; flex-grow: 0; height: 14px; width: 144px;\">&nbsp;<\/div>\n<\/div>\n<p>&nbsp;<\/p>\n<p style=\"color: #c9c8cd; font-family: Arial,sans-serif; font-size: 14px; line-height: 17px; margin-bottom: 0; margin-top: 8px; overflow: hidden; padding: 8px 0 7px; text-align: center; text-overflow: ellipsis; white-space: nowrap;\"><a style=\"color: #c9c8cd; font-family: Arial,sans-serif; font-size: 14px; font-style: normal; font-weight: normal; line-height: 17px; text-decoration: none;\" href=\"https:\/\/www.instagram.com\/reel\/C8-Vnjmpmvh\/?utm_source=ig_embed&amp;utm_campaign=loading\" target=\"_blank\" rel=\"noopener\">Una publicaci\u00f3n compartida por Daniel Benoit Cassou (@danielbenoitcassou)<\/a><\/p>\n<\/div>\n<\/blockquote>\n<p><script async=\"\" src=\"\/\/www.instagram.com\/embed.js\"><\/script><br \/>\n&nbsp;<\/p>\n<p>&nbsp;<\/p>\n","protected":false},"excerpt":{"rendered":"<p>Una vez m\u00e1s Guadalupe Ayala (Buenos Aires, 1976), artista y polit\u00f3loga, nos ha dado la oportunidad de quedar estupefactos frente a una puesta en escena de su obra y en esta oportunidad ha encontrado el ambiente ideal para albergar sus obras.<\/p>\n","protected":false},"author":14,"featured_media":104485,"comment_status":"closed","ping_status":"closed","sticky":false,"template":"","format":"standard","meta":{"om_disable_all_campaigns":false,"ngg_post_thumbnail":0,"jnews-multi-image_gallery":[],"jnews_single_post":{"subtitle":"","format":"standard","video":"","gallery":"","source_name":"","source_url":"","via_name":"","via_url":"","override_template":"0","override":[{"template":"4","single_blog_custom":"","parallax":"1","fullscreen":"0","layout":"right-sidebar","sidebar":"default-sidebar","second_sidebar":"default-sidebar","sticky_sidebar":"1","share_position":"bottom","share_float_style":"share-monocrhome","show_share_counter":"1","show_view_counter":"1","show_featured":"1","show_post_meta":"1","show_post_author":"1","show_post_author_image":"1","show_post_date":"1","post_date_format":"default","post_date_format_custom":"Y\/m\/d","show_post_category":"1","show_post_reading_time":"0","post_reading_time_wpm":"300","show_zoom_button":"0","zoom_button_out_step":"2","zoom_button_in_step":"3","show_post_tag":"1","show_prev_next_post":"1","show_popup_post":"1","number_popup_post":"1","show_author_box":"1","show_post_related":"0","show_inline_post_related":"0"}],"override_image_size":"0","image_override":[{"single_post_thumbnail_size":"no-crop","single_post_gallery_size":"crop-500"}],"trending_post":"0","trending_post_position":"meta","trending_post_label":"Trending","sponsored_post":"0","sponsored_post_label":"Sponsored by","sponsored_post_name":"","sponsored_post_url":"","sponsored_post_logo_enable":"0","sponsored_post_logo":"","sponsored_post_desc":"","disable_ad":"0"},"jnews_primary_category":{"id":"","hide":""},"jnews_social_meta":{"fb_title":"","fb_description":"","fb_image":"","twitter_title":"","twitter_description":"","twitter_image":""},"jnews_override_counter":{"override_view_counter":"0","view_counter_number":"0","override_share_counter":"0","share_counter_number":"0","override_like_counter":"0","like_counter_number":"0","override_dislike_counter":"0","dislike_counter_number":"0"},"footnotes":""},"categories":[52],"tags":[22823,12126,22824],"class_list":["post-104484","post","type-post","status-publish","format-standard","has-post-thumbnail","hentry","category-artista","tag-espacio-cultural-obra","tag-guadalupe-ayala","tag-william-rey"],"yoast_head":"<!-- This site is optimized with the Yoast SEO plugin v27.5 - https:\/\/yoast.com\/product\/yoast-seo-wordpress\/ -->\n<title>CONQUISTA IV - Guadalupe Ayala - Cooltivarte Portal<\/title>\n<meta name=\"description\" content=\"Una vez m\u00e1s Guadalupe Ayala (Buenos Aires, 1976), artista y polit\u00f3loga, nos ha dado la oportunidad de quedar estupefactos frente a una puesta en escena de su obra y en esta oportunidad ha encontrado el ambiente ideal para albergar sus obras.\" \/>\n<meta name=\"robots\" content=\"index, follow, max-snippet:-1, max-image-preview:large, max-video-preview:-1\" \/>\n<link rel=\"canonical\" href=\"https:\/\/cooltivarte.com\/portal\/conquista-iv-guadalupe-ayala\/\" \/>\n<meta property=\"og:locale\" content=\"es_ES\" \/>\n<meta property=\"og:type\" content=\"article\" \/>\n<meta property=\"og:title\" content=\"Recorriendo Exposiciones CONQUISTA IV por Daniel Benoit Cassou\" \/>\n<meta property=\"og:description\" content=\"Una vez m\u00e1s Guadalupe Ayala (Buenos Aires, 1976), artista y polit\u00f3loga, nos ha dado la oportunidad de quedar estupefactos frente a una puesta en escena de su obra y en esta oportunidad ha encontrado el ambiente ideal para albergar sus obras.\" \/>\n<meta property=\"og:url\" content=\"https:\/\/cooltivarte.com\/portal\/conquista-iv-guadalupe-ayala\/\" \/>\n<meta property=\"og:site_name\" content=\"Cooltivarte Portal\" \/>\n<meta property=\"article:publisher\" content=\"https:\/\/www.facebook.com\/cooltivartecom\/\" \/>\n<meta property=\"article:author\" content=\"https:\/\/www.facebook.com\/daniel.benoit.3557?fref=ts\" \/>\n<meta property=\"article:published_time\" content=\"2024-07-03T23:41:07+00:00\" \/>\n<meta property=\"article:modified_time\" content=\"2024-07-03T23:53:18+00:00\" \/>\n<meta property=\"og:image\" content=\"https:\/\/cooltivarte.com\/portal\/wp-content\/uploads\/2024\/07\/CONQUISTA-IV.jpg\" \/>\n\t<meta property=\"og:image:width\" content=\"564\" \/>\n\t<meta property=\"og:image:height\" content=\"525\" \/>\n\t<meta property=\"og:image:type\" content=\"image\/jpeg\" \/>\n<meta name=\"author\" content=\"Daniel Benoit Cassou\" \/>\n<meta name=\"twitter:card\" content=\"summary_large_image\" \/>\n<meta name=\"twitter:title\" content=\"Recorriendo Exposiciones CONQUISTA IV por Daniel Benoit Cassou\" \/>\n<meta name=\"twitter:description\" content=\"Una vez m\u00e1s Guadalupe Ayala (Buenos Aires, 1976), artista y polit\u00f3loga, nos ha dado la oportunidad de quedar estupefactos frente a una puesta en escena de su obra y en esta oportunidad ha encontrado el ambiente ideal para albergar sus obras.\" \/>\n<meta name=\"twitter:image\" content=\"https:\/\/cooltivarte.com\/portal\/wp-content\/uploads\/2024\/07\/CONQUISTA-IV.jpg\" \/>\n<meta name=\"twitter:creator\" content=\"@https:\/\/x.com\/obolocultural\" \/>\n<meta name=\"twitter:site\" content=\"@obolocultural\" \/>\n<meta name=\"twitter:label1\" content=\"Escrito por\" \/>\n\t<meta name=\"twitter:data1\" content=\"Daniel Benoit Cassou\" \/>\n\t<meta name=\"twitter:label2\" content=\"Tiempo de lectura\" \/>\n\t<meta name=\"twitter:data2\" content=\"6 minutos\" \/>\n<!-- \/ Yoast SEO plugin. -->","yoast_head_json":{"title":"CONQUISTA IV - Guadalupe Ayala - Cooltivarte Portal","description":"Una vez m\u00e1s Guadalupe Ayala (Buenos Aires, 1976), artista y polit\u00f3loga, nos ha dado la oportunidad de quedar estupefactos frente a una puesta en escena de su obra y en esta oportunidad ha encontrado el ambiente ideal para albergar sus obras.","robots":{"index":"index","follow":"follow","max-snippet":"max-snippet:-1","max-image-preview":"max-image-preview:large","max-video-preview":"max-video-preview:-1"},"canonical":"https:\/\/cooltivarte.com\/portal\/conquista-iv-guadalupe-ayala\/","og_locale":"es_ES","og_type":"article","og_title":"Recorriendo Exposiciones CONQUISTA IV por Daniel Benoit Cassou","og_description":"Una vez m\u00e1s Guadalupe Ayala (Buenos Aires, 1976), artista y polit\u00f3loga, nos ha dado la oportunidad de quedar estupefactos frente a una puesta en escena de su obra y en esta oportunidad ha encontrado el ambiente ideal para albergar sus obras.","og_url":"https:\/\/cooltivarte.com\/portal\/conquista-iv-guadalupe-ayala\/","og_site_name":"Cooltivarte Portal","article_publisher":"https:\/\/www.facebook.com\/cooltivartecom\/","article_author":"https:\/\/www.facebook.com\/daniel.benoit.3557?fref=ts","article_published_time":"2024-07-03T23:41:07+00:00","article_modified_time":"2024-07-03T23:53:18+00:00","og_image":[{"width":564,"height":525,"url":"https:\/\/cooltivarte.com\/portal\/wp-content\/uploads\/2024\/07\/CONQUISTA-IV.jpg","type":"image\/jpeg"}],"author":"Daniel Benoit Cassou","twitter_card":"summary_large_image","twitter_title":"Recorriendo Exposiciones CONQUISTA IV por Daniel Benoit Cassou","twitter_description":"Una vez m\u00e1s Guadalupe Ayala (Buenos Aires, 1976), artista y polit\u00f3loga, nos ha dado la oportunidad de quedar estupefactos frente a una puesta en escena de su obra y en esta oportunidad ha encontrado el ambiente ideal para albergar sus obras.","twitter_image":"https:\/\/cooltivarte.com\/portal\/wp-content\/uploads\/2024\/07\/CONQUISTA-IV.jpg","twitter_creator":"@https:\/\/x.com\/obolocultural","twitter_site":"@obolocultural","twitter_misc":{"Escrito por":"Daniel Benoit Cassou","Tiempo de lectura":"6 minutos"},"schema":{"@context":"https:\/\/schema.org","@graph":[{"@type":"NewsArticle","@id":"https:\/\/cooltivarte.com\/portal\/conquista-iv-guadalupe-ayala\/#article","isPartOf":{"@id":"https:\/\/cooltivarte.com\/portal\/conquista-iv-guadalupe-ayala\/"},"author":{"name":"Daniel Benoit Cassou","@id":"https:\/\/cooltivarte.com\/portal\/#\/schema\/person\/175e2af38af164206375abd19e491b3f"},"headline":"CONQUISTA IV &#8211; Guadalupe Ayala","datePublished":"2024-07-03T23:41:07+00:00","dateModified":"2024-07-03T23:53:18+00:00","mainEntityOfPage":{"@id":"https:\/\/cooltivarte.com\/portal\/conquista-iv-guadalupe-ayala\/"},"wordCount":1164,"publisher":{"@id":"https:\/\/cooltivarte.com\/portal\/#organization"},"image":{"@id":"https:\/\/cooltivarte.com\/portal\/conquista-iv-guadalupe-ayala\/#primaryimage"},"thumbnailUrl":"https:\/\/cooltivarte.com\/portal\/wp-content\/uploads\/2024\/07\/CONQUISTA-IV.jpg","keywords":["espacio Cultural Obra","Guadalupe Ayala","William Rey"],"articleSection":["Arte"],"inLanguage":"es-AR"},{"@type":"WebPage","@id":"https:\/\/cooltivarte.com\/portal\/conquista-iv-guadalupe-ayala\/","url":"https:\/\/cooltivarte.com\/portal\/conquista-iv-guadalupe-ayala\/","name":"CONQUISTA IV - Guadalupe Ayala - Cooltivarte Portal","isPartOf":{"@id":"https:\/\/cooltivarte.com\/portal\/#website"},"primaryImageOfPage":{"@id":"https:\/\/cooltivarte.com\/portal\/conquista-iv-guadalupe-ayala\/#primaryimage"},"image":{"@id":"https:\/\/cooltivarte.com\/portal\/conquista-iv-guadalupe-ayala\/#primaryimage"},"thumbnailUrl":"https:\/\/cooltivarte.com\/portal\/wp-content\/uploads\/2024\/07\/CONQUISTA-IV.jpg","datePublished":"2024-07-03T23:41:07+00:00","dateModified":"2024-07-03T23:53:18+00:00","description":"Una vez m\u00e1s Guadalupe Ayala (Buenos Aires, 1976), artista y polit\u00f3loga, nos ha dado la oportunidad de quedar estupefactos frente a una puesta en escena de su obra y en esta oportunidad ha encontrado el ambiente ideal para albergar sus obras.","breadcrumb":{"@id":"https:\/\/cooltivarte.com\/portal\/conquista-iv-guadalupe-ayala\/#breadcrumb"},"inLanguage":"es-AR","potentialAction":[{"@type":"ReadAction","target":["https:\/\/cooltivarte.com\/portal\/conquista-iv-guadalupe-ayala\/"]}]},{"@type":"ImageObject","inLanguage":"es-AR","@id":"https:\/\/cooltivarte.com\/portal\/conquista-iv-guadalupe-ayala\/#primaryimage","url":"https:\/\/cooltivarte.com\/portal\/wp-content\/uploads\/2024\/07\/CONQUISTA-IV.jpg","contentUrl":"https:\/\/cooltivarte.com\/portal\/wp-content\/uploads\/2024\/07\/CONQUISTA-IV.jpg","width":564,"height":525,"caption":"Recorriendo Exposiciones CONQUISTA IV por Daniel Benoit Cassou"},{"@type":"BreadcrumbList","@id":"https:\/\/cooltivarte.com\/portal\/conquista-iv-guadalupe-ayala\/#breadcrumb","itemListElement":[{"@type":"ListItem","position":1,"name":"Portada","item":"https:\/\/cooltivarte.com\/portal\/"},{"@type":"ListItem","position":2,"name":"CONQUISTA IV &#8211; Guadalupe Ayala"}]},{"@type":"WebSite","@id":"https:\/\/cooltivarte.com\/portal\/#website","url":"https:\/\/cooltivarte.com\/portal\/","name":"Cooltivarte Portal","description":"Arte, cultura y turismo para el mundo ...","publisher":{"@id":"https:\/\/cooltivarte.com\/portal\/#organization"},"potentialAction":[{"@type":"SearchAction","target":{"@type":"EntryPoint","urlTemplate":"https:\/\/cooltivarte.com\/portal\/?s={search_term_string}"},"query-input":{"@type":"PropertyValueSpecification","valueRequired":true,"valueName":"search_term_string"}}],"inLanguage":"es-AR"},{"@type":"Organization","@id":"https:\/\/cooltivarte.com\/portal\/#organization","name":"cooltivarte","url":"https:\/\/cooltivarte.com\/portal\/","logo":{"@type":"ImageObject","inLanguage":"es-AR","@id":"https:\/\/cooltivarte.com\/portal\/#\/schema\/logo\/image\/","url":"https:\/\/cooltivarte.com\/portal\/wp-content\/uploads\/2020\/04\/logo-cooltivarte-v2.png","contentUrl":"https:\/\/cooltivarte.com\/portal\/wp-content\/uploads\/2020\/04\/logo-cooltivarte-v2.png","width":851,"height":243,"caption":"cooltivarte"},"image":{"@id":"https:\/\/cooltivarte.com\/portal\/#\/schema\/logo\/image\/"},"sameAs":["https:\/\/www.facebook.com\/cooltivartecom\/","https:\/\/x.com\/obolocultural","https:\/\/www.instagram.com\/_cooltivarte_\/","https:\/\/www.linkedin.com\/company\/-bolocultural?reportsuccess=8zaNG1HwhPbAR9iQhZ5rfGeqz_vQFftHun0ZWU0Wy9vNemRJ8vtcKdJvzQfW8XagyOJSKg0XvfJ1dp","https:\/\/www.pinterest.com\/cooltivarte\/","https:\/\/cooltivarte.tumblr.com\/","https:\/\/www.tiktok.com\/@cooltivarte","https:\/\/www.youtube.com\/@PrensaCooltivarte"]},{"@type":"Person","@id":"https:\/\/cooltivarte.com\/portal\/#\/schema\/person\/175e2af38af164206375abd19e491b3f","name":"Daniel Benoit Cassou","image":{"@type":"ImageObject","inLanguage":"es-AR","@id":"https:\/\/cooltivarte.com\/portal\/wp-content\/uploads\/2022\/11\/daniel-benoit-120x120.jpg","url":"https:\/\/cooltivarte.com\/portal\/wp-content\/uploads\/2022\/11\/daniel-benoit-120x120.jpg","contentUrl":"https:\/\/cooltivarte.com\/portal\/wp-content\/uploads\/2022\/11\/daniel-benoit-120x120.jpg","caption":"Daniel Benoit Cassou"},"description":"Daniel Benoit - (Uruguay, 1961), es contador p\u00fablico de profesi\u00f3n. Hizo su formaci\u00f3n art\u00edstica en los talleres de Hugo Longa, Clever Lara y Lacy Duarte; escultura con Jos\u00e9 Pelayo y fotograf\u00eda con Enrique Abal, Oscar Bonilla y Roberto Schettini. Realiz\u00f3 cursos de formaci\u00f3n te\u00f3rica con Nelson Di Maggio, Alfredo Torres, Nelson Bali\u00f1o y Emma Sanguinetti, entre otros. Ha participado en muestras de fotografias, colectivas asi como individuales: 2007 \u2013 Facultad de Ciencias Econ\u00f3micas; Centro Cultural Lapido; Club de Golf; Fotogramas - Montevideo 2009 \u2013 Galer\u00eda de arte La Pasionaria \u2013 Club de Golf - Montevideo 2010 \u2013 A la Follie; Trattoria La Commedia; Club de Golf \u2013 Montevideo 2011 \u2013 Museo del Azulejo; Fotograma; Club de Golf \u2013 Montevideo; Bienal X \u2013 Salto 2012 \u2013 Espacio Innova \u2013 Punta del Este Es asiduo asistente a las principales bienales de arte: Venecia, Lyon, San Pablo, Cuba, Porto Alegre, Lima, as\u00ed como ferias de Basilea, Paris, Buenos Aires, entre otras. Es coleccionista de arte nacional, asesor de arte contempor\u00e1neo, escribe en sus blogs y es columnista de la revista de arte nacional \u201cCooltivarte\u201d desde el 2012, asi como de la revista \u201cArte\u201d del periodico \u201cEl Pais\u201d. Blog","sameAs":["https:\/\/danielbenoit.art\/","https:\/\/www.facebook.com\/daniel.benoit.3557?fref=ts","https:\/\/www.instagram.com\/danielbenoitcassou\/","https:\/\/www.linkedin.com\/in\/daniel-benoit-87890a39\/","https:\/\/www.pinterest.com\/cooltivarte","https:\/\/x.com\/https:\/\/x.com\/obolocultural","https:\/\/www.youtube.com\/@PrensaCooltivarte","https:\/\/www.tumblr.com\/blog\/cooltivarte"],"url":"https:\/\/cooltivarte.com\/portal\/author\/benoit\/"}]}},"_links":{"self":[{"href":"https:\/\/cooltivarte.com\/portal\/wp-json\/wp\/v2\/posts\/104484","targetHints":{"allow":["GET"]}}],"collection":[{"href":"https:\/\/cooltivarte.com\/portal\/wp-json\/wp\/v2\/posts"}],"about":[{"href":"https:\/\/cooltivarte.com\/portal\/wp-json\/wp\/v2\/types\/post"}],"author":[{"embeddable":true,"href":"https:\/\/cooltivarte.com\/portal\/wp-json\/wp\/v2\/users\/14"}],"replies":[{"embeddable":true,"href":"https:\/\/cooltivarte.com\/portal\/wp-json\/wp\/v2\/comments?post=104484"}],"version-history":[{"count":3,"href":"https:\/\/cooltivarte.com\/portal\/wp-json\/wp\/v2\/posts\/104484\/revisions"}],"predecessor-version":[{"id":104489,"href":"https:\/\/cooltivarte.com\/portal\/wp-json\/wp\/v2\/posts\/104484\/revisions\/104489"}],"wp:featuredmedia":[{"embeddable":true,"href":"https:\/\/cooltivarte.com\/portal\/wp-json\/wp\/v2\/media\/104485"}],"wp:attachment":[{"href":"https:\/\/cooltivarte.com\/portal\/wp-json\/wp\/v2\/media?parent=104484"}],"wp:term":[{"taxonomy":"category","embeddable":true,"href":"https:\/\/cooltivarte.com\/portal\/wp-json\/wp\/v2\/categories?post=104484"},{"taxonomy":"post_tag","embeddable":true,"href":"https:\/\/cooltivarte.com\/portal\/wp-json\/wp\/v2\/tags?post=104484"}],"curies":[{"name":"wp","href":"https:\/\/api.w.org\/{rel}","templated":true}]}}