{"id":104481,"date":"2024-07-03T17:40:12","date_gmt":"2024-07-03T20:40:12","guid":{"rendered":"https:\/\/cooltivarte.com\/portal\/?p=104481"},"modified":"2024-07-03T17:40:12","modified_gmt":"2024-07-03T20:40:12","slug":"la-trama-violeta-alicia-escardo","status":"publish","type":"post","link":"https:\/\/cooltivarte.com\/portal\/la-trama-violeta-alicia-escardo\/","title":{"rendered":"LA TRAMA VIOLETA &#8211; Alicia Escard\u00f3"},"content":{"rendered":"<figure id=\"attachment_104482\" aria-describedby=\"caption-attachment-104482\" style=\"width: 526px\" class=\"wp-caption aligncenter\"><img fetchpriority=\"high\" decoding=\"async\" class=\"wp-image-104482 size-full\" title=\"Revisando mi Biblioteca LA TRAMA VIOLETA por Daniel Benoit Cassou\" src=\"https:\/\/cooltivarte.com\/portal\/wp-content\/uploads\/2024\/07\/La-Trama-Violeta.jpg\" alt=\"Revisando mi Biblioteca LA TRAMA VIOLETA por Daniel Benoit Cassou\" width=\"526\" height=\"701\" srcset=\"https:\/\/cooltivarte.com\/portal\/wp-content\/uploads\/2024\/07\/La-Trama-Violeta.jpg 526w, https:\/\/cooltivarte.com\/portal\/wp-content\/uploads\/2024\/07\/La-Trama-Violeta-225x300.jpg 225w\" sizes=\"(max-width: 526px) 100vw, 526px\" \/><figcaption id=\"caption-attachment-104482\" class=\"wp-caption-text\">Revisando mi Biblioteca LA TRAMA VIOLETA por Daniel Benoit Cassou<\/figcaption><\/figure>\n<p>&nbsp;<\/p>\n<div class=\"x11i5rnm xat24cr x1mh8g0r x1vvkbs xtlvy1s x126k92a\">\n<div dir=\"auto\">Con <a href=\"https:\/\/cooltivarte.com\/portal\/?s=Alicia+Escard%C3%B3\" target=\"_blank\" rel=\"noopener\"><strong>Alicia Escard\u00f3<\/strong><\/a> (Montevideo, 1963), compartimos taller literario.<\/div>\n<div dir=\"auto\">&nbsp;<\/div>\n<div dir=\"auto\">Adem\u00e1s de escritora es gestora cultural y guionista. Tambi\u00e9n dirige un centro cultural en La Floresta llamado Espacio de Creatividad y Arte CRA, todo lo que la define como una persona inquieta y ocupada en promover la literatura lo que la ha llevado a organizar tambi\u00e9n ferias de libros, concursos de cuentos policiales y otros eventos, siempre dentro del \u00e1mbito de su materia.<\/div>\n<\/div>\n<div class=\"x11i5rnm xat24cr x1mh8g0r x1vvkbs xtlvy1s x126k92a\">\n<div dir=\"auto\">&nbsp;<\/div>\n<div dir=\"auto\">En mi caso, este ha sido su primer libro que leo.<\/div>\n<\/div>\n<div class=\"x11i5rnm xat24cr x1mh8g0r x1vvkbs xtlvy1s x126k92a\">\n<div dir=\"auto\">&nbsp;<\/div>\n<div dir=\"auto\">&#8220;La trama violeta\u201d publicada en 2024, es una novela con un buen ritmo de atenci\u00f3n provocada desde la primera p\u00e1gina donde el redactor devela el final de la historia.<\/div>\n<div dir=\"auto\">&nbsp;<\/div>\n<div dir=\"auto\">Mientras Zeta, uno de los protagonistas, viene escuchando las noticas en su coche, se entera de que Marina, la otra protagonista con quien tuvo un \u201caffaire\u201d, ha fallecido en un accidente a\u00e9reo.<\/div>\n<div dir=\"auto\">&nbsp;<\/div>\n<div dir=\"auto\">A partir de all\u00ed la historia va a regresar al momento cero, cuando sus vidas se cruzan.<\/div>\n<\/div>\n<div class=\"x11i5rnm xat24cr x1mh8g0r x1vvkbs xtlvy1s x126k92a\">\n<div dir=\"auto\">&nbsp;<\/div>\n<div dir=\"auto\">La trama, partiendo de la noticia inicial, est\u00e1 cargada de tensi\u00f3n. El lector ya sabe que esa historia de amor no terminar\u00e1 bien.<\/div>\n<div dir=\"auto\">&nbsp;<\/div>\n<div dir=\"auto\">Zeta es un joven que tiene que resolver un problema econ\u00f3mico lo que lo lleva en forma constante a tramar la resoluci\u00f3n del mismo, y es all\u00ed que se nota el gusto mas bien la pasi\u00f3n, que Escard\u00f3 tiene hacia la novela negra, donde sin haber un homicidio, hay sin embargo una mente perversa.<\/div>\n<\/div>\n<div class=\"x11i5rnm xat24cr x1mh8g0r x1vvkbs xtlvy1s x126k92a\">\n<div dir=\"auto\">&nbsp;<\/div>\n<div dir=\"auto\">El protagonista transita por zonas desconocidas a quienes lo rodean, lo que mantiene en vilo al lector en forma constante aguardando el mismo sea descubierto.<\/div>\n<div dir=\"auto\">&nbsp;<\/div>\n<div dir=\"auto\">Cabe acotar que la escritora tiene una columna radial semanal donde aborda y analiza este g\u00e9nero.<\/div>\n<\/div>\n<div class=\"x11i5rnm xat24cr x1mh8g0r x1vvkbs xtlvy1s x126k92a\">\n<div dir=\"auto\">&nbsp;<\/div>\n<div dir=\"auto\">La novela de 236 p\u00e1ginas, no deja de tener rasgos autobiogr\u00e1ficos de Escard\u00f3.<\/div>\n<div dir=\"auto\">&nbsp;<\/div>\n<div dir=\"auto\">La historia se desarrolla dentro de un \u00e1mbito bancario del cual tambi\u00e9n la escritora, de profesi\u00f3n ingeniera, proviene, lo que genera una gran credibilidad en las descripciones utilizadas.<\/div>\n<div dir=\"auto\">&nbsp;<\/div>\n<div dir=\"auto\">Asimismo se lleva a cabo entre Madrid y Montevideo, dos ciudades donde la escritora ha vivido, lo que propicia la posibilidad de involucrar dos grandes tragedias nacionales como fueran el atentado de Atocha en Madrid y el accidente a\u00e9reo de los jovenes uruguayos en los Andes.<\/div>\n<div dir=\"auto\">&nbsp;<\/div>\n<div dir=\"auto\">Recorre con conocimiento de causa tanto Madrid como Montevideo, lo que suscita un mayor grado de confiabilidad para que el lector se meta en el tema.<\/div>\n<\/div>\n<div class=\"x11i5rnm xat24cr x1mh8g0r x1vvkbs xtlvy1s x126k92a\">\n<div dir=\"auto\">&nbsp;<\/div>\n<div dir=\"auto\">El libro tiene un buen enganche y un excelente e inesperado final en el cual reci\u00e9n se comprende el t\u00edtulo de la novela, pero tampoco se queda en solo ello pues en ning\u00fan momento la cr\u00f3nica permite que la atenci\u00f3n del lector decaiga.<\/div>\n<\/div>\n<div class=\"x11i5rnm xat24cr x1mh8g0r x1vvkbs xtlvy1s x126k92a\">\n<div dir=\"auto\">&nbsp;<\/div>\n<div dir=\"auto\">Interesante lectura que da cuenta de una buena escritora a quien deber\u00edamos de estar atentos en sus pr\u00f3ximas publicaciones.<\/div>\n<div dir=\"auto\">&nbsp;<\/div>\n<\/div>\n<p>&nbsp;<\/p>\n","protected":false},"excerpt":{"rendered":"<p>Con Alicia Escard\u00f3 (Montevideo, 1963), compartimos taller literario.<\/p>\n<p>Adem\u00e1s de escritora es gestora cultural y guionista. Tambi\u00e9n dirige un centro cultural en La Floresta llamado Espacio de Creatividad y Arte CRA, todo lo que la define como una persona inquieta y ocupada en promover la literatura lo que la ha llevado a organizar tambi\u00e9n ferias de libros, concursos de cuentos policiales y otros eventos, siempre dentro del \u00e1mbito de su materia.<\/p>\n","protected":false},"author":14,"featured_media":104482,"comment_status":"closed","ping_status":"closed","sticky":false,"template":"","format":"standard","meta":{"om_disable_all_campaigns":false,"ngg_post_thumbnail":0,"jnews-multi-image_gallery":[],"jnews_single_post":{"subtitle":"","format":"standard","video":"","gallery":"","source_name":"","source_url":"","via_name":"","via_url":"","override_template":"0","override":[{"template":"4","single_blog_custom":"","parallax":"1","fullscreen":"0","layout":"right-sidebar","sidebar":"default-sidebar","second_sidebar":"default-sidebar","sticky_sidebar":"1","share_position":"bottom","share_float_style":"share-monocrhome","show_share_counter":"1","show_view_counter":"1","show_featured":"1","show_post_meta":"1","show_post_author":"1","show_post_author_image":"1","show_post_date":"1","post_date_format":"default","post_date_format_custom":"Y\/m\/d","show_post_category":"1","show_post_reading_time":"0","post_reading_time_wpm":"300","show_zoom_button":"0","zoom_button_out_step":"2","zoom_button_in_step":"3","show_post_tag":"1","show_prev_next_post":"1","show_popup_post":"1","number_popup_post":"1","show_author_box":"1","show_post_related":"0","show_inline_post_related":"0"}],"override_image_size":"0","image_override":[{"single_post_thumbnail_size":"no-crop","single_post_gallery_size":"crop-500"}],"trending_post":"0","trending_post_position":"meta","trending_post_label":"Trending","sponsored_post":"0","sponsored_post_label":"Sponsored by","sponsored_post_name":"","sponsored_post_url":"","sponsored_post_logo_enable":"0","sponsored_post_logo":"","sponsored_post_desc":"","disable_ad":"0"},"jnews_primary_category":{"id":"","hide":""},"jnews_social_meta":{"fb_title":"","fb_description":"","fb_image":"","twitter_title":"","twitter_description":"","twitter_image":""},"jnews_override_counter":{"override_view_counter":"0","view_counter_number":"0","override_share_counter":"0","share_counter_number":"0","override_like_counter":"0","like_counter_number":"0","override_dislike_counter":"0","dislike_counter_number":"0"},"footnotes":""},"categories":[56],"tags":[22390],"class_list":["post-104481","post","type-post","status-publish","format-standard","has-post-thumbnail","hentry","category-narradores","tag-alicia-escardo"],"yoast_head":"<!-- This site is optimized with the Yoast SEO plugin v27.5 - https:\/\/yoast.com\/product\/yoast-seo-wordpress\/ -->\n<title>LA TRAMA VIOLETA - Alicia Escard\u00f3 - Cooltivarte Portal<\/title>\n<meta name=\"description\" content=\"Con Alicia Escard\u00f3 (Montevideo, 1963), compartimos taller literario. Adem\u00e1s de escritora es gestora cultural y guionista. Tambi\u00e9n dirige un centro cultural en La Floresta llamado Espacio de Creatividad y Arte CRA, todo lo que la define como una persona inquieta y ocupada en promover la literatura lo que la ha llevado a organizar tambi\u00e9n ferias de libros, concursos de cuentos policiales y otros eventos, siempre dentro del \u00e1mbito de su materia.\" \/>\n<meta name=\"robots\" content=\"index, follow, max-snippet:-1, max-image-preview:large, max-video-preview:-1\" \/>\n<link rel=\"canonical\" href=\"https:\/\/cooltivarte.com\/portal\/la-trama-violeta-alicia-escardo\/\" \/>\n<meta property=\"og:locale\" content=\"es_ES\" \/>\n<meta property=\"og:type\" content=\"article\" \/>\n<meta property=\"og:title\" content=\"Revisando mi Biblioteca LA TRAMA VIOLETA por Daniel Benoit Cassou\" \/>\n<meta property=\"og:description\" content=\"Con Alicia Escard\u00f3 (Montevideo, 1963), compartimos taller literario. Adem\u00e1s de escritora es gestora cultural y guionista. Tambi\u00e9n dirige un centro cultural en La Floresta llamado Espacio de Creatividad y Arte CRA, todo lo que la define como una persona inquieta y ocupada en promover la literatura lo que la ha llevado a organizar tambi\u00e9n ferias de libros, concursos de cuentos policiales y otros eventos, siempre dentro del \u00e1mbito de su materia.\" \/>\n<meta property=\"og:url\" content=\"https:\/\/cooltivarte.com\/portal\/la-trama-violeta-alicia-escardo\/\" \/>\n<meta property=\"og:site_name\" content=\"Cooltivarte Portal\" \/>\n<meta property=\"article:publisher\" content=\"https:\/\/www.facebook.com\/cooltivartecom\/\" \/>\n<meta property=\"article:author\" content=\"https:\/\/www.facebook.com\/daniel.benoit.3557?fref=ts\" \/>\n<meta property=\"article:published_time\" content=\"2024-07-03T20:40:12+00:00\" \/>\n<meta property=\"og:image\" content=\"https:\/\/cooltivarte.com\/portal\/wp-content\/uploads\/2024\/07\/La-Trama-Violeta.jpg\" \/>\n\t<meta property=\"og:image:width\" content=\"526\" \/>\n\t<meta property=\"og:image:height\" content=\"701\" \/>\n\t<meta property=\"og:image:type\" content=\"image\/jpeg\" \/>\n<meta name=\"author\" content=\"Daniel Benoit Cassou\" \/>\n<meta name=\"twitter:card\" content=\"summary_large_image\" \/>\n<meta name=\"twitter:title\" content=\"Revisando mi Biblioteca LA TRAMA VIOLETA por Daniel Benoit Cassou\" \/>\n<meta name=\"twitter:description\" content=\"Con Alicia Escard\u00f3 (Montevideo, 1963), compartimos taller literario. Adem\u00e1s de escritora es gestora cultural y guionista. Tambi\u00e9n dirige un centro cultural en La Floresta llamado Espacio de Creatividad y Arte CRA, todo lo que la define como una persona inquieta y ocupada en promover la literatura lo que la ha llevado a organizar tambi\u00e9n ferias de libros, concursos de cuentos policiales y otros eventos, siempre dentro del \u00e1mbito de su materia.\" \/>\n<meta name=\"twitter:image\" content=\"https:\/\/cooltivarte.com\/portal\/wp-content\/uploads\/2024\/07\/La-Trama-Violeta.jpg\" \/>\n<meta name=\"twitter:creator\" content=\"@https:\/\/x.com\/obolocultural\" \/>\n<meta name=\"twitter:site\" content=\"@obolocultural\" \/>\n<meta name=\"twitter:label1\" content=\"Escrito por\" \/>\n\t<meta name=\"twitter:data1\" content=\"Daniel Benoit Cassou\" \/>\n\t<meta name=\"twitter:label2\" content=\"Tiempo de lectura\" \/>\n\t<meta name=\"twitter:data2\" content=\"3 minutos\" \/>\n<!-- \/ Yoast SEO plugin. -->","yoast_head_json":{"title":"LA TRAMA VIOLETA - Alicia Escard\u00f3 - Cooltivarte Portal","description":"Con Alicia Escard\u00f3 (Montevideo, 1963), compartimos taller literario. Adem\u00e1s de escritora es gestora cultural y guionista. Tambi\u00e9n dirige un centro cultural en La Floresta llamado Espacio de Creatividad y Arte CRA, todo lo que la define como una persona inquieta y ocupada en promover la literatura lo que la ha llevado a organizar tambi\u00e9n ferias de libros, concursos de cuentos policiales y otros eventos, siempre dentro del \u00e1mbito de su materia.","robots":{"index":"index","follow":"follow","max-snippet":"max-snippet:-1","max-image-preview":"max-image-preview:large","max-video-preview":"max-video-preview:-1"},"canonical":"https:\/\/cooltivarte.com\/portal\/la-trama-violeta-alicia-escardo\/","og_locale":"es_ES","og_type":"article","og_title":"Revisando mi Biblioteca LA TRAMA VIOLETA por Daniel Benoit Cassou","og_description":"Con Alicia Escard\u00f3 (Montevideo, 1963), compartimos taller literario. Adem\u00e1s de escritora es gestora cultural y guionista. Tambi\u00e9n dirige un centro cultural en La Floresta llamado Espacio de Creatividad y Arte CRA, todo lo que la define como una persona inquieta y ocupada en promover la literatura lo que la ha llevado a organizar tambi\u00e9n ferias de libros, concursos de cuentos policiales y otros eventos, siempre dentro del \u00e1mbito de su materia.","og_url":"https:\/\/cooltivarte.com\/portal\/la-trama-violeta-alicia-escardo\/","og_site_name":"Cooltivarte Portal","article_publisher":"https:\/\/www.facebook.com\/cooltivartecom\/","article_author":"https:\/\/www.facebook.com\/daniel.benoit.3557?fref=ts","article_published_time":"2024-07-03T20:40:12+00:00","og_image":[{"width":526,"height":701,"url":"https:\/\/cooltivarte.com\/portal\/wp-content\/uploads\/2024\/07\/La-Trama-Violeta.jpg","type":"image\/jpeg"}],"author":"Daniel Benoit Cassou","twitter_card":"summary_large_image","twitter_title":"Revisando mi Biblioteca LA TRAMA VIOLETA por Daniel Benoit Cassou","twitter_description":"Con Alicia Escard\u00f3 (Montevideo, 1963), compartimos taller literario. Adem\u00e1s de escritora es gestora cultural y guionista. Tambi\u00e9n dirige un centro cultural en La Floresta llamado Espacio de Creatividad y Arte CRA, todo lo que la define como una persona inquieta y ocupada en promover la literatura lo que la ha llevado a organizar tambi\u00e9n ferias de libros, concursos de cuentos policiales y otros eventos, siempre dentro del \u00e1mbito de su materia.","twitter_image":"https:\/\/cooltivarte.com\/portal\/wp-content\/uploads\/2024\/07\/La-Trama-Violeta.jpg","twitter_creator":"@https:\/\/x.com\/obolocultural","twitter_site":"@obolocultural","twitter_misc":{"Escrito por":"Daniel Benoit Cassou","Tiempo de lectura":"3 minutos"},"schema":{"@context":"https:\/\/schema.org","@graph":[{"@type":"NewsArticle","@id":"https:\/\/cooltivarte.com\/portal\/la-trama-violeta-alicia-escardo\/#article","isPartOf":{"@id":"https:\/\/cooltivarte.com\/portal\/la-trama-violeta-alicia-escardo\/"},"author":{"name":"Daniel Benoit Cassou","@id":"https:\/\/cooltivarte.com\/portal\/#\/schema\/person\/175e2af38af164206375abd19e491b3f"},"headline":"LA TRAMA VIOLETA &#8211; Alicia Escard\u00f3","datePublished":"2024-07-03T20:40:12+00:00","mainEntityOfPage":{"@id":"https:\/\/cooltivarte.com\/portal\/la-trama-violeta-alicia-escardo\/"},"wordCount":514,"publisher":{"@id":"https:\/\/cooltivarte.com\/portal\/#organization"},"image":{"@id":"https:\/\/cooltivarte.com\/portal\/la-trama-violeta-alicia-escardo\/#primaryimage"},"thumbnailUrl":"https:\/\/cooltivarte.com\/portal\/wp-content\/uploads\/2024\/07\/La-Trama-Violeta.jpg","keywords":["Alicia Escard\u00f3"],"articleSection":["Literatura"],"inLanguage":"es-AR"},{"@type":"WebPage","@id":"https:\/\/cooltivarte.com\/portal\/la-trama-violeta-alicia-escardo\/","url":"https:\/\/cooltivarte.com\/portal\/la-trama-violeta-alicia-escardo\/","name":"LA TRAMA VIOLETA - Alicia Escard\u00f3 - Cooltivarte Portal","isPartOf":{"@id":"https:\/\/cooltivarte.com\/portal\/#website"},"primaryImageOfPage":{"@id":"https:\/\/cooltivarte.com\/portal\/la-trama-violeta-alicia-escardo\/#primaryimage"},"image":{"@id":"https:\/\/cooltivarte.com\/portal\/la-trama-violeta-alicia-escardo\/#primaryimage"},"thumbnailUrl":"https:\/\/cooltivarte.com\/portal\/wp-content\/uploads\/2024\/07\/La-Trama-Violeta.jpg","datePublished":"2024-07-03T20:40:12+00:00","description":"Con Alicia Escard\u00f3 (Montevideo, 1963), compartimos taller literario. Adem\u00e1s de escritora es gestora cultural y guionista. Tambi\u00e9n dirige un centro cultural en La Floresta llamado Espacio de Creatividad y Arte CRA, todo lo que la define como una persona inquieta y ocupada en promover la literatura lo que la ha llevado a organizar tambi\u00e9n ferias de libros, concursos de cuentos policiales y otros eventos, siempre dentro del \u00e1mbito de su materia.","breadcrumb":{"@id":"https:\/\/cooltivarte.com\/portal\/la-trama-violeta-alicia-escardo\/#breadcrumb"},"inLanguage":"es-AR","potentialAction":[{"@type":"ReadAction","target":["https:\/\/cooltivarte.com\/portal\/la-trama-violeta-alicia-escardo\/"]}]},{"@type":"ImageObject","inLanguage":"es-AR","@id":"https:\/\/cooltivarte.com\/portal\/la-trama-violeta-alicia-escardo\/#primaryimage","url":"https:\/\/cooltivarte.com\/portal\/wp-content\/uploads\/2024\/07\/La-Trama-Violeta.jpg","contentUrl":"https:\/\/cooltivarte.com\/portal\/wp-content\/uploads\/2024\/07\/La-Trama-Violeta.jpg","width":526,"height":701,"caption":"Revisando mi Biblioteca LA TRAMA VIOLETA por Daniel Benoit Cassou"},{"@type":"BreadcrumbList","@id":"https:\/\/cooltivarte.com\/portal\/la-trama-violeta-alicia-escardo\/#breadcrumb","itemListElement":[{"@type":"ListItem","position":1,"name":"Portada","item":"https:\/\/cooltivarte.com\/portal\/"},{"@type":"ListItem","position":2,"name":"LA TRAMA VIOLETA &#8211; Alicia Escard\u00f3"}]},{"@type":"WebSite","@id":"https:\/\/cooltivarte.com\/portal\/#website","url":"https:\/\/cooltivarte.com\/portal\/","name":"Cooltivarte Portal","description":"Arte, cultura y turismo para el mundo ...","publisher":{"@id":"https:\/\/cooltivarte.com\/portal\/#organization"},"potentialAction":[{"@type":"SearchAction","target":{"@type":"EntryPoint","urlTemplate":"https:\/\/cooltivarte.com\/portal\/?s={search_term_string}"},"query-input":{"@type":"PropertyValueSpecification","valueRequired":true,"valueName":"search_term_string"}}],"inLanguage":"es-AR"},{"@type":"Organization","@id":"https:\/\/cooltivarte.com\/portal\/#organization","name":"cooltivarte","url":"https:\/\/cooltivarte.com\/portal\/","logo":{"@type":"ImageObject","inLanguage":"es-AR","@id":"https:\/\/cooltivarte.com\/portal\/#\/schema\/logo\/image\/","url":"https:\/\/cooltivarte.com\/portal\/wp-content\/uploads\/2020\/04\/logo-cooltivarte-v2.png","contentUrl":"https:\/\/cooltivarte.com\/portal\/wp-content\/uploads\/2020\/04\/logo-cooltivarte-v2.png","width":851,"height":243,"caption":"cooltivarte"},"image":{"@id":"https:\/\/cooltivarte.com\/portal\/#\/schema\/logo\/image\/"},"sameAs":["https:\/\/www.facebook.com\/cooltivartecom\/","https:\/\/x.com\/obolocultural","https:\/\/www.instagram.com\/_cooltivarte_\/","https:\/\/www.linkedin.com\/company\/-bolocultural?reportsuccess=8zaNG1HwhPbAR9iQhZ5rfGeqz_vQFftHun0ZWU0Wy9vNemRJ8vtcKdJvzQfW8XagyOJSKg0XvfJ1dp","https:\/\/www.pinterest.com\/cooltivarte\/","https:\/\/cooltivarte.tumblr.com\/","https:\/\/www.tiktok.com\/@cooltivarte","https:\/\/www.youtube.com\/@PrensaCooltivarte"]},{"@type":"Person","@id":"https:\/\/cooltivarte.com\/portal\/#\/schema\/person\/175e2af38af164206375abd19e491b3f","name":"Daniel Benoit Cassou","image":{"@type":"ImageObject","inLanguage":"es-AR","@id":"https:\/\/cooltivarte.com\/portal\/wp-content\/uploads\/2022\/11\/daniel-benoit-120x120.jpg","url":"https:\/\/cooltivarte.com\/portal\/wp-content\/uploads\/2022\/11\/daniel-benoit-120x120.jpg","contentUrl":"https:\/\/cooltivarte.com\/portal\/wp-content\/uploads\/2022\/11\/daniel-benoit-120x120.jpg","caption":"Daniel Benoit Cassou"},"description":"Daniel Benoit - (Uruguay, 1961), es contador p\u00fablico de profesi\u00f3n. Hizo su formaci\u00f3n art\u00edstica en los talleres de Hugo Longa, Clever Lara y Lacy Duarte; escultura con Jos\u00e9 Pelayo y fotograf\u00eda con Enrique Abal, Oscar Bonilla y Roberto Schettini. Realiz\u00f3 cursos de formaci\u00f3n te\u00f3rica con Nelson Di Maggio, Alfredo Torres, Nelson Bali\u00f1o y Emma Sanguinetti, entre otros. Ha participado en muestras de fotografias, colectivas asi como individuales: 2007 \u2013 Facultad de Ciencias Econ\u00f3micas; Centro Cultural Lapido; Club de Golf; Fotogramas - Montevideo 2009 \u2013 Galer\u00eda de arte La Pasionaria \u2013 Club de Golf - Montevideo 2010 \u2013 A la Follie; Trattoria La Commedia; Club de Golf \u2013 Montevideo 2011 \u2013 Museo del Azulejo; Fotograma; Club de Golf \u2013 Montevideo; Bienal X \u2013 Salto 2012 \u2013 Espacio Innova \u2013 Punta del Este Es asiduo asistente a las principales bienales de arte: Venecia, Lyon, San Pablo, Cuba, Porto Alegre, Lima, as\u00ed como ferias de Basilea, Paris, Buenos Aires, entre otras. Es coleccionista de arte nacional, asesor de arte contempor\u00e1neo, escribe en sus blogs y es columnista de la revista de arte nacional \u201cCooltivarte\u201d desde el 2012, asi como de la revista \u201cArte\u201d del periodico \u201cEl Pais\u201d. Blog","sameAs":["https:\/\/danielbenoit.art\/","https:\/\/www.facebook.com\/daniel.benoit.3557?fref=ts","https:\/\/www.instagram.com\/danielbenoitcassou\/","https:\/\/www.linkedin.com\/in\/daniel-benoit-87890a39\/","https:\/\/www.pinterest.com\/cooltivarte","https:\/\/x.com\/https:\/\/x.com\/obolocultural","https:\/\/www.youtube.com\/@PrensaCooltivarte","https:\/\/www.tumblr.com\/blog\/cooltivarte"],"url":"https:\/\/cooltivarte.com\/portal\/author\/benoit\/"}]}},"_links":{"self":[{"href":"https:\/\/cooltivarte.com\/portal\/wp-json\/wp\/v2\/posts\/104481","targetHints":{"allow":["GET"]}}],"collection":[{"href":"https:\/\/cooltivarte.com\/portal\/wp-json\/wp\/v2\/posts"}],"about":[{"href":"https:\/\/cooltivarte.com\/portal\/wp-json\/wp\/v2\/types\/post"}],"author":[{"embeddable":true,"href":"https:\/\/cooltivarte.com\/portal\/wp-json\/wp\/v2\/users\/14"}],"replies":[{"embeddable":true,"href":"https:\/\/cooltivarte.com\/portal\/wp-json\/wp\/v2\/comments?post=104481"}],"version-history":[{"count":1,"href":"https:\/\/cooltivarte.com\/portal\/wp-json\/wp\/v2\/posts\/104481\/revisions"}],"predecessor-version":[{"id":104483,"href":"https:\/\/cooltivarte.com\/portal\/wp-json\/wp\/v2\/posts\/104481\/revisions\/104483"}],"wp:featuredmedia":[{"embeddable":true,"href":"https:\/\/cooltivarte.com\/portal\/wp-json\/wp\/v2\/media\/104482"}],"wp:attachment":[{"href":"https:\/\/cooltivarte.com\/portal\/wp-json\/wp\/v2\/media?parent=104481"}],"wp:term":[{"taxonomy":"category","embeddable":true,"href":"https:\/\/cooltivarte.com\/portal\/wp-json\/wp\/v2\/categories?post=104481"},{"taxonomy":"post_tag","embeddable":true,"href":"https:\/\/cooltivarte.com\/portal\/wp-json\/wp\/v2\/tags?post=104481"}],"curies":[{"name":"wp","href":"https:\/\/api.w.org\/{rel}","templated":true}]}}