{"id":104462,"date":"2024-06-28T19:45:44","date_gmt":"2024-06-28T22:45:44","guid":{"rendered":"https:\/\/cooltivarte.com\/portal\/?p=104462"},"modified":"2024-07-01T16:59:39","modified_gmt":"2024-07-01T19:59:39","slug":"el-extrano-golpe-de-estado-boliviano","status":"publish","type":"post","link":"https:\/\/cooltivarte.com\/portal\/el-extrano-golpe-de-estado-boliviano\/","title":{"rendered":"El extra\u00f1o Golpe de Estado boliviano"},"content":{"rendered":"<figure id=\"attachment_104463\" aria-describedby=\"caption-attachment-104463\" style=\"width: 848px\" class=\"wp-caption aligncenter\"><img fetchpriority=\"high\" decoding=\"async\" class=\"wp-image-104463 size-full\" title=\"intento de Golpe de Estado en Bolivia\" src=\"https:\/\/cooltivarte.com\/portal\/wp-content\/uploads\/2024\/06\/Golpe-de-Estado-en-Bolivia.jpg\" alt=\"intento de Golpe de Estado en Bolivia\" width=\"848\" height=\"561\" srcset=\"https:\/\/cooltivarte.com\/portal\/wp-content\/uploads\/2024\/06\/Golpe-de-Estado-en-Bolivia.jpg 848w, https:\/\/cooltivarte.com\/portal\/wp-content\/uploads\/2024\/06\/Golpe-de-Estado-en-Bolivia-300x198.jpg 300w, https:\/\/cooltivarte.com\/portal\/wp-content\/uploads\/2024\/06\/Golpe-de-Estado-en-Bolivia-768x508.jpg 768w\" sizes=\"(max-width: 848px) 100vw, 848px\" \/><figcaption id=\"caption-attachment-104463\" class=\"wp-caption-text\">intento de Golpe de Estado en Bolivia &#8211; Fuente imgen <a href=\"https:\/\/x.com\/utectera\/status\/1806083000930795766\/photo\/1\" target=\"_blank\" rel=\"noopener\">X<\/a><\/figcaption><\/figure>\n<p>Viernes 28 de junio de 2024<\/p>\n<p>Bolivia vivi\u00f3 momentos de tensi\u00f3n, pero tambi\u00e9n de distensi\u00f3n. Un Golpe de Estado, tal vez de los m\u00e1s breves de la Historia, que, como se\u00f1al\u00f3 el exministro de Defensa de <a href=\"https:\/\/cooltivarte.com\/portal\/?s=Evo+Morales\" target=\"_blank\" rel=\"noopener\"><strong>Evo Morales<\/strong> <\/a>(2006-2019), <strong>Reymi Ferreira<\/strong>, \u201cse desinfl\u00f3 en cuesti\u00f3n de minutos\u201d, gener\u00f3 revuelo internacional y suscit\u00f3 el apoyo inmediato al gobierno del Presidente <a href=\"https:\/\/cooltivarte.com\/portal\/?s=Luis+Arce\" target=\"_blank\" rel=\"noopener\"><strong>Luis Arce<\/strong><\/a>. Si fue un golpe de Estado, fue un golpe de Estado at\u00edpico, no solo porque, en realidad no solo se \u201cdesinfl\u00f3 en cuesti\u00f3n de minutos\u201d, sino que, adem\u00e1s, los golpistas se retiraron tranquilamente y no opusieron ninguna resistencia que evidenciara lo propio de un golpe de Estado.<\/p>\n<p>Es como si, sin m\u00e1s, las palabras del Presidente Arce y su bast\u00f3n de mando enrostrado en el rostro del general golpista <a href=\"https:\/\/cooltivarte.com\/portal\/?s=Juan+Jos%C3%A9+Z%C3%BA%C3%B1iga\" target=\"_blank\" rel=\"noopener\"><strong>Juan Jos\u00e9 Z\u00fa\u00f1iga<\/strong><\/a>, en un encuentro cara a cara que la oposici\u00f3n acusa de montaje, hubiese embrujado al general quien, luego de negarse a cumplir las \u00f3rdenes del Presidente, se retir\u00f3 tranquilamente de Palacio, subi\u00f3 a su tanque como quien se sube a su bicicleta y se march\u00f3 (ignoro si marchando). As\u00ed de simple. Fin de la historia y fin del golpe. Luego vinieron las declaraciones que inundaron las p\u00e1ginas de la prensa mundial y despertaron los esp\u00edritus democr\u00e1ticos de los l\u00edderes mundiales.<\/p>\n<p>En realidad, y dada la narrativa de los hechos ocurridos seg\u00fan relato de la propia prensa, es dif\u00edcil imaginarse un Golpe de Estado en estas condiciones. Parece m\u00e1s una pantomima de Golpe de Estado que un Golpe de Estado como a los que la Historia nos tiene lamentablemente acostumbrados. Por cierto, quienes somos dem\u00f3cratas y vemos en la democracia, aun con sus limitaciones, el camino para la convivencia pac\u00edfica de los pueblos, rechazamos todo y cualquier intento que ponga en jaque los gobiernos leg\u00edtimamente electos por la ciudadan\u00eda, sean estos de derecha o de izquierda, que velen por el respeto de esta democracia que los eligi\u00f3.<\/p>\n<p>\u00bfQu\u00e9 pas\u00f3 en Bolivia, realmente? \u00bfPor qu\u00e9 hay gente que duda de que haya existido un Golpe de Estado? Seg\u00fan el ahora destituido general Z\u00fa\u00f1iga, fue el propio Presidente Arce quien maquin\u00f3 todo el montaje golpista para \u201clevantar su popularidad\u201d. Por cierto, sus palabras deben tomarse con todas las reservas que un golpe como este se merece, m\u00e1s a\u00fan, siendo \u00e9l uno de los protagonistas. En la misma l\u00ednea de Z\u00fa\u00f1iga deben entenderse las palabras de la senadora opositora del partido Comunidad Ciudadana, Andrea Barrientos, que pidi\u00f3 al Ejecutivo y al Ej\u00e9rcito explicaciones \u201cdel show que montaron\u201d.<\/p>\n<p>El Gobierno, por su parte, denuncia ante la comunidad internacional la intenci\u00f3n de derribar la institucionalidad en Bolivia: \u201cAlertamos a la comunidad internacional sobre la existencia de planes desestabilizadores de nuestro Gobierno constitucional, que buscan retornar a una vieja rep\u00fablica, elitista y discriminatoria puesta al servicio de intereses for\u00e1neos\u201d, dijo <strong>H\u00e9ctor Arce<\/strong>, embajador boliviano ante la Organizaci\u00f3n de Estados Americanos (OEA). Al mismo tiempo, ayer jueves, el ministro de Gobierno de Bolivia, <strong>Carlos Eduardo Del Castillo Del Carpio<\/strong>, denuncia que el golpe se ven\u00eda preparando desde mayo pasado y que ya hay 17 detenidos.<\/p>\n<p>Del Castillo present\u00f3, adem\u00e1s, un informe de inteligencia ante la Fiscal\u00eda General de Bolivia, y declar\u00f3 que hay otras personas que participaron del fallido golpe. Para complicar m\u00e1s todav\u00eda este extra\u00f1o Golpe de Estado del que, seg\u00fan el medio argentino <em>Infobae<\/em>, la Fuerza A\u00e9rea no particip\u00f3, un informe reciente de la Polic\u00eda de Bolivia identific\u00f3 a un civil, <strong>An\u00edbal Abel Aguilar G\u00f3mez<\/strong>, asesor del destituido general Z\u00fa\u00f1iga, como la cabeza pensante del extra\u00f1o Golpe de Estado. As\u00ed lo informa el medio boliviano <em>Erbol<\/em> de acuerdo con documento presentado por Del Castillo.<\/p>\n<p>Un Golpe de Estado \u00fanico en su especie, por todos los ribetes controvertidos que presenta y del que, seguramente, escucharemos hablar durante mucho tiempo.<\/p>\n<p>&nbsp;<\/p>\n<p>&nbsp;<\/p>\n","protected":false},"excerpt":{"rendered":"<p>Bolivia vivi\u00f3 momentos de tensi\u00f3n, pero tambi\u00e9n de distensi\u00f3n. Un Golpe de Estado, tal vez de los m\u00e1s breves de la Historia, que, como se\u00f1al\u00f3 el exministro de Defensa de Evo Morales (2006-2019), Reymi Ferreira, \u201cse desinfl\u00f3 en cuesti\u00f3n de minutos\u201d, gener\u00f3 revuelo internacional y suscit\u00f3 el apoyo inmediato al gobierno del Presidente Luis Arce. Si fue un golpe de Estado, fue un golpe de Estado at\u00edpico, no solo porque, en realidad no solo se \u201cdesinfl\u00f3 en cuesti\u00f3n de minutos\u201d, sino que, adem\u00e1s, los golpistas se retiraron tranquilamente y no opusieron ninguna resistencia que evidenciara lo propio de un golpe de Estado.<\/p>\n<p>Es como si, sin m\u00e1s, las palabras del Presidente Arce y su bast\u00f3n de mando enrostrado en el rostro del general golpista Juan Jos\u00e9 Z\u00fa\u00f1iga, en un encuentro cara a cara que la oposici\u00f3n acusa de montaje, hubiese embrujado al general quien, luego de negarse a cumplir las \u00f3rdenes del Presidente, se retir\u00f3 tranquilamente de Palacio, subi\u00f3 a su tanque como quien se sube a su bicicleta y se march\u00f3 (ignoro si marchando). As\u00ed de simple. Fin de la historia y fin del golpe. Luego vinieron las declaraciones que inundaron las p\u00e1ginas de la prensa mundial y despertaron los esp\u00edritus democr\u00e1ticos de los l\u00edderes mundiales.<\/p>\n","protected":false},"author":162,"featured_media":104463,"comment_status":"closed","ping_status":"closed","sticky":false,"template":"","format":"standard","meta":{"om_disable_all_campaigns":false,"ngg_post_thumbnail":0,"jnews-multi-image_gallery":[],"jnews_single_post":{"subtitle":"\u00bfQu\u00e9 pas\u00f3 en Bolivia, realmente?","format":"standard","video":"","gallery":"","source_name":"","source_url":"","via_name":"","via_url":"","override_template":"0","override":[{"template":"4","single_blog_custom":"","parallax":"1","fullscreen":"0","layout":"right-sidebar","sidebar":"default-sidebar","second_sidebar":"default-sidebar","sticky_sidebar":"1","share_position":"bottom","share_float_style":"share-monocrhome","show_share_counter":"1","show_view_counter":"1","show_featured":"1","show_post_meta":"1","show_post_author":"1","show_post_author_image":"1","show_post_date":"1","post_date_format":"default","post_date_format_custom":"Y\/m\/d","show_post_category":"1","show_post_reading_time":"0","post_reading_time_wpm":"300","show_zoom_button":"0","zoom_button_out_step":"2","zoom_button_in_step":"3","show_post_tag":"1","show_prev_next_post":"1","show_popup_post":"1","number_popup_post":"1","show_author_box":"1","show_post_related":"0","show_inline_post_related":"0"}],"override_image_size":"0","image_override":[{"single_post_thumbnail_size":"no-crop","single_post_gallery_size":"crop-500"}],"trending_post":"0","trending_post_position":"meta","trending_post_label":"Trending","sponsored_post":"0","sponsored_post_label":"Sponsored by","sponsored_post_name":"","sponsored_post_url":"","sponsored_post_logo_enable":"0","sponsored_post_logo":"","sponsored_post_desc":"","disable_ad":"0"},"jnews_primary_category":{"id":"","hide":""},"jnews_social_meta":{"fb_title":"","fb_description":"","fb_image":"","twitter_title":"","twitter_description":"","twitter_image":""},"jnews_override_counter":{"override_view_counter":"0","view_counter_number":"0","override_share_counter":"0","share_counter_number":"0","override_like_counter":"0","like_counter_number":"0","override_dislike_counter":"0","dislike_counter_number":"0"},"footnotes":""},"categories":[1637],"tags":[3852,9202,22820,12675,22819],"class_list":["post-104462","post","type-post","status-publish","format-standard","has-post-thumbnail","hentry","category-apuntes","tag-bolivia","tag-golpe-de-estado","tag-juan-jose-zuniga","tag-luis-arce","tag-reymi-ferreira"],"yoast_head":"<!-- This site is optimized with the Yoast SEO plugin v27.5 - https:\/\/yoast.com\/product\/yoast-seo-wordpress\/ -->\n<title>El extra\u00f1o Golpe de Estado boliviano - Cooltivarte Portal<\/title>\n<meta name=\"description\" content=\"Es como si, sin m\u00e1s, las palabras del Presidente Arce y su bast\u00f3n de mando enrostrado en el rostro del general golpista Juan Jos\u00e9 Z\u00fa\u00f1iga, en un encuentro cara a cara que la oposici\u00f3n acusa de montaje, hubiese embrujado al general quien, luego de negarse a cumplir las \u00f3rdenes del Presidente, se retir\u00f3 tranquilamente de Palacio, subi\u00f3 a su tanque como quien se sube a su bicicleta y se march\u00f3 (ignoro si marchando).\" \/>\n<meta name=\"robots\" content=\"index, follow, max-snippet:-1, max-image-preview:large, max-video-preview:-1\" \/>\n<link rel=\"canonical\" href=\"https:\/\/cooltivarte.com\/portal\/el-extrano-golpe-de-estado-boliviano\/\" \/>\n<meta property=\"og:locale\" content=\"es_ES\" \/>\n<meta property=\"og:type\" content=\"article\" \/>\n<meta property=\"og:title\" content=\"El extra\u00f1o Golpe de Estado boliviano\" \/>\n<meta property=\"og:description\" content=\"Es como si, sin m\u00e1s, las palabras del Presidente Arce y su bast\u00f3n de mando enrostrado en el rostro del general golpista Juan Jos\u00e9 Z\u00fa\u00f1iga, en un encuentro cara a cara que la oposici\u00f3n acusa de montaje, hubiese embrujado al general quien, luego de negarse a cumplir las \u00f3rdenes del Presidente, se retir\u00f3 tranquilamente de Palacio, subi\u00f3 a su tanque como quien se sube a su bicicleta y se march\u00f3 (ignoro si marchando).\" \/>\n<meta property=\"og:url\" content=\"https:\/\/cooltivarte.com\/portal\/el-extrano-golpe-de-estado-boliviano\/\" \/>\n<meta property=\"og:site_name\" content=\"Cooltivarte Portal\" \/>\n<meta property=\"article:publisher\" content=\"https:\/\/www.facebook.com\/cooltivartecom\/\" \/>\n<meta property=\"article:author\" content=\"https:\/\/www.facebook.com\/profile.php?id=1043831024\" \/>\n<meta property=\"article:published_time\" content=\"2024-06-28T22:45:44+00:00\" \/>\n<meta property=\"article:modified_time\" content=\"2024-07-01T19:59:39+00:00\" \/>\n<meta property=\"og:image\" content=\"https:\/\/cooltivarte.com\/portal\/wp-content\/uploads\/2024\/06\/Golpe-de-Estado-en-Bolivia.jpg\" \/>\n\t<meta property=\"og:image:width\" content=\"848\" \/>\n\t<meta property=\"og:image:height\" content=\"561\" \/>\n\t<meta property=\"og:image:type\" content=\"image\/jpeg\" \/>\n<meta name=\"author\" content=\"Alejandro Carre\u00f1o T.\" \/>\n<meta name=\"twitter:card\" content=\"summary_large_image\" \/>\n<meta name=\"twitter:title\" content=\"El extra\u00f1o Golpe de Estado boliviano\" \/>\n<meta name=\"twitter:description\" content=\"Es como si, sin m\u00e1s, las palabras del Presidente Arce y su bast\u00f3n de mando enrostrado en el rostro del general golpista Juan Jos\u00e9 Z\u00fa\u00f1iga, en un encuentro cara a cara que la oposici\u00f3n acusa de montaje, hubiese embrujado al general quien, luego de negarse a cumplir las \u00f3rdenes del Presidente, se retir\u00f3 tranquilamente de Palacio, subi\u00f3 a su tanque como quien se sube a su bicicleta y se march\u00f3 (ignoro si marchando).\" \/>\n<meta name=\"twitter:image\" content=\"https:\/\/cooltivarte.com\/portal\/wp-content\/uploads\/2024\/06\/Golpe-de-Estado-en-Bolivia.jpg\" \/>\n<meta name=\"twitter:creator\" content=\"@https:\/\/twitter.com\/acarrenot\" \/>\n<meta name=\"twitter:site\" content=\"@obolocultural\" \/>\n<meta name=\"twitter:label1\" content=\"Escrito por\" \/>\n\t<meta name=\"twitter:data1\" content=\"Alejandro Carre\u00f1o T.\" \/>\n\t<meta name=\"twitter:label2\" content=\"Tiempo de lectura\" \/>\n\t<meta name=\"twitter:data2\" content=\"4 minutos\" \/>\n<!-- \/ Yoast SEO plugin. -->","yoast_head_json":{"title":"El extra\u00f1o Golpe de Estado boliviano - Cooltivarte Portal","description":"Es como si, sin m\u00e1s, las palabras del Presidente Arce y su bast\u00f3n de mando enrostrado en el rostro del general golpista Juan Jos\u00e9 Z\u00fa\u00f1iga, en un encuentro cara a cara que la oposici\u00f3n acusa de montaje, hubiese embrujado al general quien, luego de negarse a cumplir las \u00f3rdenes del Presidente, se retir\u00f3 tranquilamente de Palacio, subi\u00f3 a su tanque como quien se sube a su bicicleta y se march\u00f3 (ignoro si marchando).","robots":{"index":"index","follow":"follow","max-snippet":"max-snippet:-1","max-image-preview":"max-image-preview:large","max-video-preview":"max-video-preview:-1"},"canonical":"https:\/\/cooltivarte.com\/portal\/el-extrano-golpe-de-estado-boliviano\/","og_locale":"es_ES","og_type":"article","og_title":"El extra\u00f1o Golpe de Estado boliviano","og_description":"Es como si, sin m\u00e1s, las palabras del Presidente Arce y su bast\u00f3n de mando enrostrado en el rostro del general golpista Juan Jos\u00e9 Z\u00fa\u00f1iga, en un encuentro cara a cara que la oposici\u00f3n acusa de montaje, hubiese embrujado al general quien, luego de negarse a cumplir las \u00f3rdenes del Presidente, se retir\u00f3 tranquilamente de Palacio, subi\u00f3 a su tanque como quien se sube a su bicicleta y se march\u00f3 (ignoro si marchando).","og_url":"https:\/\/cooltivarte.com\/portal\/el-extrano-golpe-de-estado-boliviano\/","og_site_name":"Cooltivarte Portal","article_publisher":"https:\/\/www.facebook.com\/cooltivartecom\/","article_author":"https:\/\/www.facebook.com\/profile.php?id=1043831024","article_published_time":"2024-06-28T22:45:44+00:00","article_modified_time":"2024-07-01T19:59:39+00:00","og_image":[{"width":848,"height":561,"url":"https:\/\/cooltivarte.com\/portal\/wp-content\/uploads\/2024\/06\/Golpe-de-Estado-en-Bolivia.jpg","type":"image\/jpeg"}],"author":"Alejandro Carre\u00f1o T.","twitter_card":"summary_large_image","twitter_title":"El extra\u00f1o Golpe de Estado boliviano","twitter_description":"Es como si, sin m\u00e1s, las palabras del Presidente Arce y su bast\u00f3n de mando enrostrado en el rostro del general golpista Juan Jos\u00e9 Z\u00fa\u00f1iga, en un encuentro cara a cara que la oposici\u00f3n acusa de montaje, hubiese embrujado al general quien, luego de negarse a cumplir las \u00f3rdenes del Presidente, se retir\u00f3 tranquilamente de Palacio, subi\u00f3 a su tanque como quien se sube a su bicicleta y se march\u00f3 (ignoro si marchando).","twitter_image":"https:\/\/cooltivarte.com\/portal\/wp-content\/uploads\/2024\/06\/Golpe-de-Estado-en-Bolivia.jpg","twitter_creator":"@https:\/\/twitter.com\/acarrenot","twitter_site":"@obolocultural","twitter_misc":{"Escrito por":"Alejandro Carre\u00f1o T.","Tiempo de lectura":"4 minutos"},"schema":{"@context":"https:\/\/schema.org","@graph":[{"@type":"NewsArticle","@id":"https:\/\/cooltivarte.com\/portal\/el-extrano-golpe-de-estado-boliviano\/#article","isPartOf":{"@id":"https:\/\/cooltivarte.com\/portal\/el-extrano-golpe-de-estado-boliviano\/"},"author":{"name":"Alejandro Carre\u00f1o T.","@id":"https:\/\/cooltivarte.com\/portal\/#\/schema\/person\/852d98c305909ce7eac4c8e64713ac6c"},"headline":"El extra\u00f1o Golpe de Estado boliviano","datePublished":"2024-06-28T22:45:44+00:00","dateModified":"2024-07-01T19:59:39+00:00","mainEntityOfPage":{"@id":"https:\/\/cooltivarte.com\/portal\/el-extrano-golpe-de-estado-boliviano\/"},"wordCount":698,"publisher":{"@id":"https:\/\/cooltivarte.com\/portal\/#organization"},"image":{"@id":"https:\/\/cooltivarte.com\/portal\/el-extrano-golpe-de-estado-boliviano\/#primaryimage"},"thumbnailUrl":"https:\/\/cooltivarte.com\/portal\/wp-content\/uploads\/2024\/06\/Golpe-de-Estado-en-Bolivia.jpg","keywords":["Bolivia","Golpe de Estado","Juan Jos\u00e9 Z\u00fa\u00f1iga","Luis Arce","Reymi Ferreira"],"articleSection":["Apuntes"],"inLanguage":"es-AR"},{"@type":"WebPage","@id":"https:\/\/cooltivarte.com\/portal\/el-extrano-golpe-de-estado-boliviano\/","url":"https:\/\/cooltivarte.com\/portal\/el-extrano-golpe-de-estado-boliviano\/","name":"El extra\u00f1o Golpe de Estado boliviano - Cooltivarte Portal","isPartOf":{"@id":"https:\/\/cooltivarte.com\/portal\/#website"},"primaryImageOfPage":{"@id":"https:\/\/cooltivarte.com\/portal\/el-extrano-golpe-de-estado-boliviano\/#primaryimage"},"image":{"@id":"https:\/\/cooltivarte.com\/portal\/el-extrano-golpe-de-estado-boliviano\/#primaryimage"},"thumbnailUrl":"https:\/\/cooltivarte.com\/portal\/wp-content\/uploads\/2024\/06\/Golpe-de-Estado-en-Bolivia.jpg","datePublished":"2024-06-28T22:45:44+00:00","dateModified":"2024-07-01T19:59:39+00:00","description":"Es como si, sin m\u00e1s, las palabras del Presidente Arce y su bast\u00f3n de mando enrostrado en el rostro del general golpista Juan Jos\u00e9 Z\u00fa\u00f1iga, en un encuentro cara a cara que la oposici\u00f3n acusa de montaje, hubiese embrujado al general quien, luego de negarse a cumplir las \u00f3rdenes del Presidente, se retir\u00f3 tranquilamente de Palacio, subi\u00f3 a su tanque como quien se sube a su bicicleta y se march\u00f3 (ignoro si marchando).","breadcrumb":{"@id":"https:\/\/cooltivarte.com\/portal\/el-extrano-golpe-de-estado-boliviano\/#breadcrumb"},"inLanguage":"es-AR","potentialAction":[{"@type":"ReadAction","target":["https:\/\/cooltivarte.com\/portal\/el-extrano-golpe-de-estado-boliviano\/"]}]},{"@type":"ImageObject","inLanguage":"es-AR","@id":"https:\/\/cooltivarte.com\/portal\/el-extrano-golpe-de-estado-boliviano\/#primaryimage","url":"https:\/\/cooltivarte.com\/portal\/wp-content\/uploads\/2024\/06\/Golpe-de-Estado-en-Bolivia.jpg","contentUrl":"https:\/\/cooltivarte.com\/portal\/wp-content\/uploads\/2024\/06\/Golpe-de-Estado-en-Bolivia.jpg","width":848,"height":561,"caption":"intento de Golpe de Estado en Bolivia"},{"@type":"BreadcrumbList","@id":"https:\/\/cooltivarte.com\/portal\/el-extrano-golpe-de-estado-boliviano\/#breadcrumb","itemListElement":[{"@type":"ListItem","position":1,"name":"Portada","item":"https:\/\/cooltivarte.com\/portal\/"},{"@type":"ListItem","position":2,"name":"El extra\u00f1o Golpe de Estado boliviano"}]},{"@type":"WebSite","@id":"https:\/\/cooltivarte.com\/portal\/#website","url":"https:\/\/cooltivarte.com\/portal\/","name":"Cooltivarte Portal","description":"Arte, cultura y turismo para el mundo ...","publisher":{"@id":"https:\/\/cooltivarte.com\/portal\/#organization"},"potentialAction":[{"@type":"SearchAction","target":{"@type":"EntryPoint","urlTemplate":"https:\/\/cooltivarte.com\/portal\/?s={search_term_string}"},"query-input":{"@type":"PropertyValueSpecification","valueRequired":true,"valueName":"search_term_string"}}],"inLanguage":"es-AR"},{"@type":"Organization","@id":"https:\/\/cooltivarte.com\/portal\/#organization","name":"cooltivarte","url":"https:\/\/cooltivarte.com\/portal\/","logo":{"@type":"ImageObject","inLanguage":"es-AR","@id":"https:\/\/cooltivarte.com\/portal\/#\/schema\/logo\/image\/","url":"https:\/\/cooltivarte.com\/portal\/wp-content\/uploads\/2020\/04\/logo-cooltivarte-v2.png","contentUrl":"https:\/\/cooltivarte.com\/portal\/wp-content\/uploads\/2020\/04\/logo-cooltivarte-v2.png","width":851,"height":243,"caption":"cooltivarte"},"image":{"@id":"https:\/\/cooltivarte.com\/portal\/#\/schema\/logo\/image\/"},"sameAs":["https:\/\/www.facebook.com\/cooltivartecom\/","https:\/\/x.com\/obolocultural","https:\/\/www.instagram.com\/_cooltivarte_\/","https:\/\/www.linkedin.com\/company\/-bolocultural?reportsuccess=8zaNG1HwhPbAR9iQhZ5rfGeqz_vQFftHun0ZWU0Wy9vNemRJ8vtcKdJvzQfW8XagyOJSKg0XvfJ1dp","https:\/\/www.pinterest.com\/cooltivarte\/","https:\/\/cooltivarte.tumblr.com\/","https:\/\/www.tiktok.com\/@cooltivarte","https:\/\/www.youtube.com\/@PrensaCooltivarte"]},{"@type":"Person","@id":"https:\/\/cooltivarte.com\/portal\/#\/schema\/person\/852d98c305909ce7eac4c8e64713ac6c","name":"Alejandro Carre\u00f1o T.","image":{"@type":"ImageObject","inLanguage":"es-AR","@id":"https:\/\/cooltivarte.com\/portal\/wp-content\/uploads\/2020\/07\/Alejandro-Carre\u00f1o.jpg","url":"https:\/\/cooltivarte.com\/portal\/wp-content\/uploads\/2020\/07\/Alejandro-Carre\u00f1o.jpg","contentUrl":"https:\/\/cooltivarte.com\/portal\/wp-content\/uploads\/2020\/07\/Alejandro-Carre\u00f1o.jpg","caption":"Alejandro Carre\u00f1o T."},"description":"Profesor de Castellano, Mag\u00edster en Comunicaci\u00f3n y Semi\u00f3tica y Doctor en Comunicaci\u00f3n. Acad\u00e9mico en Brasil y en su Chile natal. Columnista y ensayista. Lleva adelante en Youtube su canal \u201cDe Carre\u00f1o a los libros\u201d, donde aborda temas de Literatura, Educaci\u00f3n y Cultura.","sameAs":["https:\/\/www.facebook.com\/profile.php?id=1043831024","https:\/\/www.instagram.com\/_cooltivarte_\/","https:\/\/www.linkedin.com\/company\/-bolocultural","https:\/\/www.pinterest.com\/cooltivarte","https:\/\/x.com\/https:\/\/twitter.com\/acarrenot","https:\/\/www.youtube.com\/@PrensaCooltivarte","https:\/\/www.tumblr.com\/blog\/cooltivarte"],"url":"https:\/\/cooltivarte.com\/portal\/author\/alejandro-careno\/"}]}},"_links":{"self":[{"href":"https:\/\/cooltivarte.com\/portal\/wp-json\/wp\/v2\/posts\/104462","targetHints":{"allow":["GET"]}}],"collection":[{"href":"https:\/\/cooltivarte.com\/portal\/wp-json\/wp\/v2\/posts"}],"about":[{"href":"https:\/\/cooltivarte.com\/portal\/wp-json\/wp\/v2\/types\/post"}],"author":[{"embeddable":true,"href":"https:\/\/cooltivarte.com\/portal\/wp-json\/wp\/v2\/users\/162"}],"replies":[{"embeddable":true,"href":"https:\/\/cooltivarte.com\/portal\/wp-json\/wp\/v2\/comments?post=104462"}],"version-history":[{"count":1,"href":"https:\/\/cooltivarte.com\/portal\/wp-json\/wp\/v2\/posts\/104462\/revisions"}],"predecessor-version":[{"id":104464,"href":"https:\/\/cooltivarte.com\/portal\/wp-json\/wp\/v2\/posts\/104462\/revisions\/104464"}],"wp:featuredmedia":[{"embeddable":true,"href":"https:\/\/cooltivarte.com\/portal\/wp-json\/wp\/v2\/media\/104463"}],"wp:attachment":[{"href":"https:\/\/cooltivarte.com\/portal\/wp-json\/wp\/v2\/media?parent=104462"}],"wp:term":[{"taxonomy":"category","embeddable":true,"href":"https:\/\/cooltivarte.com\/portal\/wp-json\/wp\/v2\/categories?post=104462"},{"taxonomy":"post_tag","embeddable":true,"href":"https:\/\/cooltivarte.com\/portal\/wp-json\/wp\/v2\/tags?post=104462"}],"curies":[{"name":"wp","href":"https:\/\/api.w.org\/{rel}","templated":true}]}}