{"id":102799,"date":"2024-04-23T08:10:00","date_gmt":"2024-04-23T11:10:00","guid":{"rendered":"https:\/\/cooltivarte.com\/portal\/?p=102799"},"modified":"2024-05-23T08:20:11","modified_gmt":"2024-05-23T11:20:11","slug":"cosquin-rock-abril-2024","status":"publish","type":"post","link":"https:\/\/cooltivarte.com\/portal\/cosquin-rock-abril-2024\/","title":{"rendered":"Cosqu\u00edn Rock &#8211; abril 2024"},"content":{"rendered":"<figure id=\"attachment_102800\" aria-describedby=\"caption-attachment-102800\" style=\"width: 480px\" class=\"wp-caption aligncenter\"><img fetchpriority=\"high\" decoding=\"async\" class=\"wp-image-102800 size-full\" title=\"Cosqu\u00edn Rock Abril 2024 - Rural del prado - foto Andrea Silvera\" src=\"https:\/\/cooltivarte.com\/portal\/wp-content\/uploads\/2024\/05\/Cosquin-Rock-Abril-2024-Rural-del-prado-foto-Andrea-Silvera.jpeg\" alt=\"Cosqu\u00edn Rock Abril 2024 - Rural del prado - foto Andrea Silvera\" width=\"480\" height=\"600\" srcset=\"https:\/\/cooltivarte.com\/portal\/wp-content\/uploads\/2024\/05\/Cosquin-Rock-Abril-2024-Rural-del-prado-foto-Andrea-Silvera.jpeg 480w, https:\/\/cooltivarte.com\/portal\/wp-content\/uploads\/2024\/05\/Cosquin-Rock-Abril-2024-Rural-del-prado-foto-Andrea-Silvera-240x300.jpeg 240w\" sizes=\"(max-width: 480px) 100vw, 480px\" \/><figcaption id=\"caption-attachment-102800\" class=\"wp-caption-text\">Cosqu\u00edn Rock Abril 2024 &#8211; Rural del prado &#8211; foto Andrea Silvera<\/figcaption><\/figure>\n<p>21 de abril 2024<\/p>\n<p>El s\u00e1bado 20 y el domingo 21 de abril se llev\u00f3 a cabo el <a href=\"https:\/\/cooltivarte.com\/portal\/?s=Cosqu%C3%ADn+Rock\" target=\"_blank\" rel=\"noopener\"><strong>Cosqu\u00edn Rock<\/strong><\/a>, uno de los festivales de m\u00fasica m\u00e1s importantes de Am\u00e9rica Latina. El festival tuvo lugar en la <strong>Rural del Prado<\/strong> durante todo el fin de semana, desde las cuatro de la tarde hasta las dos de la ma\u00f1ana.<\/p>\n<p>Hab\u00eda 22 bandas y varios cantantes programados para el segundo d\u00eda, entre los que se destacan <a href=\"https:\/\/cooltivarte.com\/portal\/?s=Ysy+A\" target=\"_blank\" rel=\"noopener\"><strong>Ysy A<\/strong><\/a>, Los aut\u00e9nticos decadentes, <a href=\"https:\/\/cooltivarte.com\/portal\/?s=Trotsky+Vengar%C3%A1n\" target=\"_blank\" rel=\"noopener\"><strong>Trotsky Vengar\u00e1n<\/strong><\/a>, <a href=\"https:\/\/cooltivarte.com\/portal\/?s=%C3%89l+mat%C3%B3+a+un+polic%C3%ADa+motorizado\" target=\"_blank\" rel=\"noopener\"><strong>\u00c9l mat\u00f3 a un polic\u00eda motorizado<\/strong><\/a> y <a href=\"https:\/\/cooltivarte.com\/portal\/?s=El+cuarteto+de+Nos\" target=\"_blank\" rel=\"noopener\"><strong>El cuarteto de Nos<\/strong><\/a>.<\/p>\n<p>El espacio estaba repleto de locales patrocinados por marcas comerciales que ofrec\u00edan distintos tipos de juegos con premios. El de Topline ten\u00eda dos juegos y un stand de tatuajes gratis. Fernet Branca ten\u00eda un stand de <em>glitter<\/em> y un juego en el que hab\u00eda que lograr frenar una ruleta en las proporciones correctas de fernet y coca. Los premios iban desde gorros a un fernet de 450 ml que se obten\u00eda por medio de una aplicaci\u00f3n de <em>delivery<\/em>.<\/p>\n<p>Banco Rep\u00fablica regalaba mochilas de tela con vasos, Yerba Sara ten\u00eda el que en mi opini\u00f3n fue el mejor juego. El objetivo era, en parejas, adivinar ciertas palabras o frases, todas relacionadas a Yerba Sara o al Cosqu\u00edn, lo divertido era que mientras uno de los participantes ten\u00eda puestos auriculares con m\u00fasica a todo volumen, el otro intentaba hacerse entender con m\u00edmica o gesticulando. Quienes consegu\u00edan adivinar las tres palabras en menos de un minuto ganaban tres paquetes chicos de yerba y pulseras con luz.<\/p>\n<p>Respecto a los shows en s\u00ed, en lo personal yo estaba interesada en <strong>Ysy A<\/strong>, cantante que vino a Uruguay el a\u00f1o pasado y tambi\u00e9n rese\u00f1\u00e9, y en el <strong>Cuarteto de Nos<\/strong>.<\/p>\n<p>Cada show duraba alrededor de una hora, aunque a los artistas m\u00e1s renombrados se les permit\u00eda un par de temas m\u00e1s.<\/p>\n<p>La presentaci\u00f3n de <strong>Ysy A<\/strong> en el Cosqu\u00edn formaba parte de la gira de su \u00e1lbum <em>El after del after,<\/em> por lo que la primera mitad de su show se limit\u00f3 a las canciones de ese disco y en la segunda, al resto de su discograf\u00eda y aprovech\u00f3 a cantar una de las nuevas canciones de un \u00e1lbum que a\u00fan no hab\u00eda salido. El espect\u00e1culo estuvo muy en\u00e9rgico, caracter\u00edstica clave en el estilo del cantante. Definitivamente, te quedabas con ganas de m\u00e1s, de todas formas, no hubo tiempo de detenerse mucho en eso ya que en el momento en el que dej\u00f3 el escenario el Cuarteto acapar\u00f3 el de al lado. Al principio cantaron varias canciones de su \u00e1lbum <em>Raro<\/em>, lo que la gente fue a buscar, a medida que avanzaba el show se dieron la libertad de cantar canciones m\u00e1s recientes, dado que el p\u00fablico ya estaba entusiasmado. La interpretaci\u00f3n de \u00abContrapunto para Humano y Computadora\u00bb fue muy destacada, de mis favoritas de la noche. La cr\u00edtica que muchos compartimos fue que no cantaron \u00abInvierno del 92\u00bb, canci\u00f3n que la mayor\u00eda est\u00e1bamos esperando con ansias. Dejando eso de lado, estuvo genial.<\/p>\n<p>El <strong>Cosqu\u00edn Rock<\/strong>, al igual que el <a href=\"https:\/\/cooltivarte.com\/portal\/?s=American+Rockstar\" target=\"_blank\" rel=\"noopener\"><strong>American Rockstar<\/strong><\/a>, es un evento muy bien armado que permite vivir un fin de semana lleno de m\u00fasica, con un ambiente agradable y muchas actividades para mantenerse ocupado.<\/p>\n<p>&nbsp;<\/p>\n<p>&nbsp;<\/p>\n","protected":false},"excerpt":{"rendered":"<p>El s\u00e1bado 20 y el domingo 21 de abril se llev\u00f3 a cabo el Cosqu\u00edn Rock, uno de los festivales de m\u00fasica m\u00e1s importantes de Am\u00e9rica Latina. El festival tuvo lugar en la Rural del Prado durante todo el fin de semana, desde las cuatro de la tarde hasta las dos de la ma\u00f1ana.<\/p>\n","protected":false},"author":204,"featured_media":102800,"comment_status":"closed","ping_status":"closed","sticky":false,"template":"","format":"standard","meta":{"om_disable_all_campaigns":false,"ngg_post_thumbnail":0,"jnews-multi-image_gallery":[],"jnews_single_post":{"subtitle":"","format":"standard","video":"","gallery":"","source_name":"","source_url":"","via_name":"","via_url":"","override_template":"0","override":[{"template":"4","single_blog_custom":"","parallax":"1","fullscreen":"0","layout":"right-sidebar","sidebar":"default-sidebar","second_sidebar":"default-sidebar","sticky_sidebar":"1","share_position":"bottom","share_float_style":"share-monocrhome","show_share_counter":"1","show_view_counter":"1","show_featured":"1","show_post_meta":"1","show_post_author":"1","show_post_author_image":"1","show_post_date":"1","post_date_format":"default","post_date_format_custom":"Y\/m\/d","show_post_category":"1","show_post_reading_time":"0","post_reading_time_wpm":"300","show_zoom_button":"0","zoom_button_out_step":"2","zoom_button_in_step":"3","show_post_tag":"1","show_prev_next_post":"1","show_popup_post":"1","number_popup_post":"1","show_author_box":"1","show_post_related":"0","show_inline_post_related":"0"}],"override_image_size":"0","image_override":[{"single_post_thumbnail_size":"no-crop","single_post_gallery_size":"crop-500"}],"trending_post":"0","trending_post_position":"meta","trending_post_label":"Trending","sponsored_post":"0","sponsored_post_label":"Sponsored by","sponsored_post_name":"","sponsored_post_url":"","sponsored_post_logo_enable":"0","sponsored_post_logo":"","sponsored_post_desc":"","disable_ad":"0"},"jnews_primary_category":{"id":"","hide":""},"jnews_social_meta":{"fb_title":"","fb_description":"","fb_image":"","twitter_title":"","twitter_description":"","twitter_image":""},"jnews_override_counter":{"override_view_counter":"0","view_counter_number":"0","override_share_counter":"0","share_counter_number":"0","override_like_counter":"0","like_counter_number":"0","override_dislike_counter":"0","dislike_counter_number":"0"},"footnotes":""},"categories":[50],"tags":[5906,453,4574,5217,215,18673],"class_list":["post-102799","post","type-post","status-publish","format-standard","has-post-thumbnail","hentry","category-coberturas","tag-cosquin-rock","tag-el-cuarteto-de-nos","tag-el-mato-a-un-policia-motorizado","tag-rural-del-prado","tag-trotsky-vengaran","tag-ysy-a"],"yoast_head":"<!-- This site is optimized with the Yoast SEO plugin v27.5 - https:\/\/yoast.com\/product\/yoast-seo-wordpress\/ -->\n<title>Cosqu\u00edn Rock - abril 2024 - Cooltivarte Portal<\/title>\n<meta name=\"description\" content=\"El s\u00e1bado 20 y el domingo 21 de abril se llev\u00f3 a cabo el Cosqu\u00edn Rock, uno de los festivales de m\u00fasica m\u00e1s importantes de Am\u00e9rica Latina. El festival tuvo lugar en la Rural del Prado durante todo el fin de semana, desde las cuatro de la tarde hasta las dos de la ma\u00f1ana.\" \/>\n<meta name=\"robots\" content=\"index, follow, max-snippet:-1, max-image-preview:large, max-video-preview:-1\" \/>\n<link rel=\"canonical\" href=\"https:\/\/cooltivarte.com\/portal\/cosquin-rock-abril-2024\/\" \/>\n<meta property=\"og:locale\" content=\"es_ES\" \/>\n<meta property=\"og:type\" content=\"article\" \/>\n<meta property=\"og:title\" content=\"Cosqu\u00edn Rock Abril 2024 - Rural del prado - foto Andrea Silvera\" \/>\n<meta property=\"og:description\" content=\"El s\u00e1bado 20 y el domingo 21 de abril se llev\u00f3 a cabo el Cosqu\u00edn Rock, uno de los festivales de m\u00fasica m\u00e1s importantes de Am\u00e9rica Latina. El festival tuvo lugar en la Rural del Prado durante todo el fin de semana, desde las cuatro de la tarde hasta las dos de la ma\u00f1ana.\" \/>\n<meta property=\"og:url\" content=\"https:\/\/cooltivarte.com\/portal\/cosquin-rock-abril-2024\/\" \/>\n<meta property=\"og:site_name\" content=\"Cooltivarte Portal\" \/>\n<meta property=\"article:publisher\" content=\"https:\/\/www.facebook.com\/cooltivartecom\/\" \/>\n<meta property=\"article:author\" content=\"https:\/\/www.facebook.com\/cooltivartecom\/\" \/>\n<meta property=\"article:published_time\" content=\"2024-04-23T11:10:00+00:00\" \/>\n<meta property=\"article:modified_time\" content=\"2024-05-23T11:20:11+00:00\" \/>\n<meta property=\"og:image\" content=\"https:\/\/cooltivarte.com\/portal\/wp-content\/uploads\/2024\/05\/Cosquin-Rock-Abril-2024-Rural-del-prado-foto-Andrea-Silvera.jpeg\" \/>\n\t<meta property=\"og:image:width\" content=\"480\" \/>\n\t<meta property=\"og:image:height\" content=\"600\" \/>\n\t<meta property=\"og:image:type\" content=\"image\/jpeg\" \/>\n<meta name=\"author\" content=\"Matilde Rodr\u00edguez Camejo\" \/>\n<meta name=\"twitter:card\" content=\"summary_large_image\" \/>\n<meta name=\"twitter:title\" content=\"Cosqu\u00edn Rock Abril 2024 - Rural del prado - foto Andrea Silvera\" \/>\n<meta name=\"twitter:description\" content=\"El s\u00e1bado 20 y el domingo 21 de abril se llev\u00f3 a cabo el Cosqu\u00edn Rock, uno de los festivales de m\u00fasica m\u00e1s importantes de Am\u00e9rica Latina. El festival tuvo lugar en la Rural del Prado durante todo el fin de semana, desde las cuatro de la tarde hasta las dos de la ma\u00f1ana.\" \/>\n<meta name=\"twitter:image\" content=\"https:\/\/cooltivarte.com\/portal\/wp-content\/uploads\/2024\/05\/Cosquin-Rock-Abril-2024-Rural-del-prado-foto-Andrea-Silvera.jpeg\" \/>\n<meta name=\"twitter:creator\" content=\"@https:\/\/x.com\/obolocultural\" \/>\n<meta name=\"twitter:site\" content=\"@obolocultural\" \/>\n<meta name=\"twitter:label1\" content=\"Escrito por\" \/>\n\t<meta name=\"twitter:data1\" content=\"Matilde Rodr\u00edguez Camejo\" \/>\n\t<meta name=\"twitter:label2\" content=\"Tiempo de lectura\" \/>\n\t<meta name=\"twitter:data2\" content=\"3 minutos\" \/>\n<!-- \/ Yoast SEO plugin. -->","yoast_head_json":{"title":"Cosqu\u00edn Rock - abril 2024 - Cooltivarte Portal","description":"El s\u00e1bado 20 y el domingo 21 de abril se llev\u00f3 a cabo el Cosqu\u00edn Rock, uno de los festivales de m\u00fasica m\u00e1s importantes de Am\u00e9rica Latina. El festival tuvo lugar en la Rural del Prado durante todo el fin de semana, desde las cuatro de la tarde hasta las dos de la ma\u00f1ana.","robots":{"index":"index","follow":"follow","max-snippet":"max-snippet:-1","max-image-preview":"max-image-preview:large","max-video-preview":"max-video-preview:-1"},"canonical":"https:\/\/cooltivarte.com\/portal\/cosquin-rock-abril-2024\/","og_locale":"es_ES","og_type":"article","og_title":"Cosqu\u00edn Rock Abril 2024 - Rural del prado - foto Andrea Silvera","og_description":"El s\u00e1bado 20 y el domingo 21 de abril se llev\u00f3 a cabo el Cosqu\u00edn Rock, uno de los festivales de m\u00fasica m\u00e1s importantes de Am\u00e9rica Latina. El festival tuvo lugar en la Rural del Prado durante todo el fin de semana, desde las cuatro de la tarde hasta las dos de la ma\u00f1ana.","og_url":"https:\/\/cooltivarte.com\/portal\/cosquin-rock-abril-2024\/","og_site_name":"Cooltivarte Portal","article_publisher":"https:\/\/www.facebook.com\/cooltivartecom\/","article_author":"https:\/\/www.facebook.com\/cooltivartecom\/","article_published_time":"2024-04-23T11:10:00+00:00","article_modified_time":"2024-05-23T11:20:11+00:00","og_image":[{"width":480,"height":600,"url":"https:\/\/cooltivarte.com\/portal\/wp-content\/uploads\/2024\/05\/Cosquin-Rock-Abril-2024-Rural-del-prado-foto-Andrea-Silvera.jpeg","type":"image\/jpeg"}],"author":"Matilde Rodr\u00edguez Camejo","twitter_card":"summary_large_image","twitter_title":"Cosqu\u00edn Rock Abril 2024 - Rural del prado - foto Andrea Silvera","twitter_description":"El s\u00e1bado 20 y el domingo 21 de abril se llev\u00f3 a cabo el Cosqu\u00edn Rock, uno de los festivales de m\u00fasica m\u00e1s importantes de Am\u00e9rica Latina. El festival tuvo lugar en la Rural del Prado durante todo el fin de semana, desde las cuatro de la tarde hasta las dos de la ma\u00f1ana.","twitter_image":"https:\/\/cooltivarte.com\/portal\/wp-content\/uploads\/2024\/05\/Cosquin-Rock-Abril-2024-Rural-del-prado-foto-Andrea-Silvera.jpeg","twitter_creator":"@https:\/\/x.com\/obolocultural","twitter_site":"@obolocultural","twitter_misc":{"Escrito por":"Matilde Rodr\u00edguez Camejo","Tiempo de lectura":"3 minutos"},"schema":{"@context":"https:\/\/schema.org","@graph":[{"@type":"NewsArticle","@id":"https:\/\/cooltivarte.com\/portal\/cosquin-rock-abril-2024\/#article","isPartOf":{"@id":"https:\/\/cooltivarte.com\/portal\/cosquin-rock-abril-2024\/"},"author":{"name":"Matilde Rodr\u00edguez Camejo","@id":"https:\/\/cooltivarte.com\/portal\/#\/schema\/person\/23d80e4f06582d688f51743b2d2abb6f"},"headline":"Cosqu\u00edn Rock &#8211; abril 2024","datePublished":"2024-04-23T11:10:00+00:00","dateModified":"2024-05-23T11:20:11+00:00","mainEntityOfPage":{"@id":"https:\/\/cooltivarte.com\/portal\/cosquin-rock-abril-2024\/"},"wordCount":602,"publisher":{"@id":"https:\/\/cooltivarte.com\/portal\/#organization"},"image":{"@id":"https:\/\/cooltivarte.com\/portal\/cosquin-rock-abril-2024\/#primaryimage"},"thumbnailUrl":"https:\/\/cooltivarte.com\/portal\/wp-content\/uploads\/2024\/05\/Cosquin-Rock-Abril-2024-Rural-del-prado-foto-Andrea-Silvera.jpeg","keywords":["Cosqu\u00edn Rock","El Cuarteto de Nos","El mat\u00f3 a un polic\u00eda motorizado","Rural del Prado","Trotsky Vengar\u00e1n","YSY A"],"articleSection":["Coberturas"],"inLanguage":"es-AR"},{"@type":"WebPage","@id":"https:\/\/cooltivarte.com\/portal\/cosquin-rock-abril-2024\/","url":"https:\/\/cooltivarte.com\/portal\/cosquin-rock-abril-2024\/","name":"Cosqu\u00edn Rock - abril 2024 - Cooltivarte Portal","isPartOf":{"@id":"https:\/\/cooltivarte.com\/portal\/#website"},"primaryImageOfPage":{"@id":"https:\/\/cooltivarte.com\/portal\/cosquin-rock-abril-2024\/#primaryimage"},"image":{"@id":"https:\/\/cooltivarte.com\/portal\/cosquin-rock-abril-2024\/#primaryimage"},"thumbnailUrl":"https:\/\/cooltivarte.com\/portal\/wp-content\/uploads\/2024\/05\/Cosquin-Rock-Abril-2024-Rural-del-prado-foto-Andrea-Silvera.jpeg","datePublished":"2024-04-23T11:10:00+00:00","dateModified":"2024-05-23T11:20:11+00:00","description":"El s\u00e1bado 20 y el domingo 21 de abril se llev\u00f3 a cabo el Cosqu\u00edn Rock, uno de los festivales de m\u00fasica m\u00e1s importantes de Am\u00e9rica Latina. El festival tuvo lugar en la Rural del Prado durante todo el fin de semana, desde las cuatro de la tarde hasta las dos de la ma\u00f1ana.","breadcrumb":{"@id":"https:\/\/cooltivarte.com\/portal\/cosquin-rock-abril-2024\/#breadcrumb"},"inLanguage":"es-AR","potentialAction":[{"@type":"ReadAction","target":["https:\/\/cooltivarte.com\/portal\/cosquin-rock-abril-2024\/"]}]},{"@type":"ImageObject","inLanguage":"es-AR","@id":"https:\/\/cooltivarte.com\/portal\/cosquin-rock-abril-2024\/#primaryimage","url":"https:\/\/cooltivarte.com\/portal\/wp-content\/uploads\/2024\/05\/Cosquin-Rock-Abril-2024-Rural-del-prado-foto-Andrea-Silvera.jpeg","contentUrl":"https:\/\/cooltivarte.com\/portal\/wp-content\/uploads\/2024\/05\/Cosquin-Rock-Abril-2024-Rural-del-prado-foto-Andrea-Silvera.jpeg","width":480,"height":600,"caption":"Cosqu\u00edn Rock Abril 2024 - Rural del prado - foto Andrea Silvera"},{"@type":"BreadcrumbList","@id":"https:\/\/cooltivarte.com\/portal\/cosquin-rock-abril-2024\/#breadcrumb","itemListElement":[{"@type":"ListItem","position":1,"name":"Portada","item":"https:\/\/cooltivarte.com\/portal\/"},{"@type":"ListItem","position":2,"name":"Cosqu\u00edn Rock &#8211; abril 2024"}]},{"@type":"WebSite","@id":"https:\/\/cooltivarte.com\/portal\/#website","url":"https:\/\/cooltivarte.com\/portal\/","name":"Cooltivarte Portal","description":"Arte, cultura y turismo para el mundo ...","publisher":{"@id":"https:\/\/cooltivarte.com\/portal\/#organization"},"potentialAction":[{"@type":"SearchAction","target":{"@type":"EntryPoint","urlTemplate":"https:\/\/cooltivarte.com\/portal\/?s={search_term_string}"},"query-input":{"@type":"PropertyValueSpecification","valueRequired":true,"valueName":"search_term_string"}}],"inLanguage":"es-AR"},{"@type":"Organization","@id":"https:\/\/cooltivarte.com\/portal\/#organization","name":"cooltivarte","url":"https:\/\/cooltivarte.com\/portal\/","logo":{"@type":"ImageObject","inLanguage":"es-AR","@id":"https:\/\/cooltivarte.com\/portal\/#\/schema\/logo\/image\/","url":"https:\/\/cooltivarte.com\/portal\/wp-content\/uploads\/2020\/04\/logo-cooltivarte-v2.png","contentUrl":"https:\/\/cooltivarte.com\/portal\/wp-content\/uploads\/2020\/04\/logo-cooltivarte-v2.png","width":851,"height":243,"caption":"cooltivarte"},"image":{"@id":"https:\/\/cooltivarte.com\/portal\/#\/schema\/logo\/image\/"},"sameAs":["https:\/\/www.facebook.com\/cooltivartecom\/","https:\/\/x.com\/obolocultural","https:\/\/www.instagram.com\/_cooltivarte_\/","https:\/\/www.linkedin.com\/company\/-bolocultural?reportsuccess=8zaNG1HwhPbAR9iQhZ5rfGeqz_vQFftHun0ZWU0Wy9vNemRJ8vtcKdJvzQfW8XagyOJSKg0XvfJ1dp","https:\/\/www.pinterest.com\/cooltivarte\/","https:\/\/cooltivarte.tumblr.com\/","https:\/\/www.tiktok.com\/@cooltivarte","https:\/\/www.youtube.com\/@PrensaCooltivarte"]},{"@type":"Person","@id":"https:\/\/cooltivarte.com\/portal\/#\/schema\/person\/23d80e4f06582d688f51743b2d2abb6f","name":"Matilde Rodr\u00edguez Camejo","image":{"@type":"ImageObject","inLanguage":"es-AR","@id":"https:\/\/cooltivarte.com\/portal\/wp-content\/uploads\/2023\/05\/WhatsApp-Image-2023-05-29-at-20.59.33-120x120.jpeg","url":"https:\/\/cooltivarte.com\/portal\/wp-content\/uploads\/2023\/05\/WhatsApp-Image-2023-05-29-at-20.59.33-120x120.jpeg","contentUrl":"https:\/\/cooltivarte.com\/portal\/wp-content\/uploads\/2023\/05\/WhatsApp-Image-2023-05-29-at-20.59.33-120x120.jpeg","caption":"Matilde Rodr\u00edguez Camejo"},"description":"Me gusta mucho leer y decid\u00ed comenzar a compartir mis opiniones respecto a los libros que leo. Espero que mis rese\u00f1as les generen curiosidad y descubran estas historias que a mi tanto me gustaron.","sameAs":["https:\/\/www.cooltivarte.com","https:\/\/www.facebook.com\/cooltivartecom\/","https:\/\/www.instagram.com\/matildeerodriguez","https:\/\/www.linkedin.com\/company\/-bolocultural\/","https:\/\/www.pinterest.com\/cooltivarte\/","https:\/\/x.com\/https:\/\/x.com\/obolocultural","https:\/\/www.youtube.com\/@PrensaCooltivarte","https:\/\/cooltivarte.tumblr.com\/"],"url":"https:\/\/cooltivarte.com\/portal\/author\/matilde-rodriguez-camejo\/"}]}},"_links":{"self":[{"href":"https:\/\/cooltivarte.com\/portal\/wp-json\/wp\/v2\/posts\/102799","targetHints":{"allow":["GET"]}}],"collection":[{"href":"https:\/\/cooltivarte.com\/portal\/wp-json\/wp\/v2\/posts"}],"about":[{"href":"https:\/\/cooltivarte.com\/portal\/wp-json\/wp\/v2\/types\/post"}],"author":[{"embeddable":true,"href":"https:\/\/cooltivarte.com\/portal\/wp-json\/wp\/v2\/users\/204"}],"replies":[{"embeddable":true,"href":"https:\/\/cooltivarte.com\/portal\/wp-json\/wp\/v2\/comments?post=102799"}],"version-history":[{"count":1,"href":"https:\/\/cooltivarte.com\/portal\/wp-json\/wp\/v2\/posts\/102799\/revisions"}],"predecessor-version":[{"id":102802,"href":"https:\/\/cooltivarte.com\/portal\/wp-json\/wp\/v2\/posts\/102799\/revisions\/102802"}],"wp:featuredmedia":[{"embeddable":true,"href":"https:\/\/cooltivarte.com\/portal\/wp-json\/wp\/v2\/media\/102800"}],"wp:attachment":[{"href":"https:\/\/cooltivarte.com\/portal\/wp-json\/wp\/v2\/media?parent=102799"}],"wp:term":[{"taxonomy":"category","embeddable":true,"href":"https:\/\/cooltivarte.com\/portal\/wp-json\/wp\/v2\/categories?post=102799"},{"taxonomy":"post_tag","embeddable":true,"href":"https:\/\/cooltivarte.com\/portal\/wp-json\/wp\/v2\/tags?post=102799"}],"curies":[{"name":"wp","href":"https:\/\/api.w.org\/{rel}","templated":true}]}}