{"id":101390,"date":"2024-05-03T13:35:53","date_gmt":"2024-05-03T16:35:53","guid":{"rendered":"https:\/\/cooltivarte.com\/portal\/?p=101390"},"modified":"2024-11-10T12:25:52","modified_gmt":"2024-11-10T15:25:52","slug":"fernando-cabrera-y-bolsa-de-naylon-en-la-rama-de-un-arbol-sala-zitarrosa","status":"publish","type":"post","link":"https:\/\/cooltivarte.com\/portal\/fernando-cabrera-y-bolsa-de-naylon-en-la-rama-de-un-arbol-sala-zitarrosa\/","title":{"rendered":"Fernando Cabrera y Bolsa de naylon en la rama de un \u00e1rbol"},"content":{"rendered":"<figure id=\"attachment_101391\" aria-describedby=\"caption-attachment-101391\" style=\"width: 1024px\" class=\"wp-caption aligncenter\"><img fetchpriority=\"high\" decoding=\"async\" class=\"wp-image-101391 size-large\" title=\"Fernando Cabrera y Bolsa de nylon en la rama de un \u00e1rbol - Sala Zitarrosa 13 de abril 2024 Foto por Rossana Gaudioso\" src=\"https:\/\/cooltivarte.com\/portal\/wp-content\/uploads\/2024\/05\/Fernando-Cabrera-y-Bolsa-de-nylon-en-la-rama-de-un-arbol-Sala-Zitarrosa-13-de-abril-2024-Foto-por-Rossana-Gaudioso-1024x678.jpg\" alt=\"Fernando Cabrera y Bolsa de nylon en la rama de un \u00e1rbol - Sala Zitarrosa 13 de abril 2024 Foto por Rossana Gaudioso\" width=\"1024\" height=\"678\" srcset=\"https:\/\/cooltivarte.com\/portal\/wp-content\/uploads\/2024\/05\/Fernando-Cabrera-y-Bolsa-de-nylon-en-la-rama-de-un-arbol-Sala-Zitarrosa-13-de-abril-2024-Foto-por-Rossana-Gaudioso-1024x678.jpg 1024w, https:\/\/cooltivarte.com\/portal\/wp-content\/uploads\/2024\/05\/Fernando-Cabrera-y-Bolsa-de-nylon-en-la-rama-de-un-arbol-Sala-Zitarrosa-13-de-abril-2024-Foto-por-Rossana-Gaudioso-300x199.jpg 300w, https:\/\/cooltivarte.com\/portal\/wp-content\/uploads\/2024\/05\/Fernando-Cabrera-y-Bolsa-de-nylon-en-la-rama-de-un-arbol-Sala-Zitarrosa-13-de-abril-2024-Foto-por-Rossana-Gaudioso-768x509.jpg 768w, https:\/\/cooltivarte.com\/portal\/wp-content\/uploads\/2024\/05\/Fernando-Cabrera-y-Bolsa-de-nylon-en-la-rama-de-un-arbol-Sala-Zitarrosa-13-de-abril-2024-Foto-por-Rossana-Gaudioso-1536x1017.jpg 1536w, https:\/\/cooltivarte.com\/portal\/wp-content\/uploads\/2024\/05\/Fernando-Cabrera-y-Bolsa-de-nylon-en-la-rama-de-un-arbol-Sala-Zitarrosa-13-de-abril-2024-Foto-por-Rossana-Gaudioso.jpg 2048w\" sizes=\"(max-width: 1024px) 100vw, 1024px\" \/><figcaption id=\"caption-attachment-101391\" class=\"wp-caption-text\">Fernando Cabrera y Bolsa de nylon en la rama de un \u00e1rbol &#8211; Sala Zitarrosa 13 de abril 2024 Foto por Rossana Gaudioso<\/figcaption><\/figure>\n<p>14 de abril 2024<\/p>\n<p>En los \u00faltimos a\u00f1os cada recital de <a href=\"https:\/\/cooltivarte.com\/portal\/?s=Fernando+Cabrera\" target=\"_blank\" rel=\"noopener\"><strong>Fernando Cabrera<\/strong><\/a> genera una peque\u00f1a conmoci\u00f3n, se despierta cierta avidez entre sus admiradores que agotan las entradas r\u00e1pidamente o colapsan los lugares donde se presenta en forma gratuita, como sucedi\u00f3 en el Cabildo en el ciclo <em>Late<\/em>. Muy atr\u00e1s han quedado aquellos tiempos en que se lo pod\u00eda ver en boliches o salas peque\u00f1as como Bluzz, Espacio Guambia o el Nat Capiloncho. Esta expectativa se vio aumentada con el anuncio de esta simbiosis, de este recital conjunto entre dos generaciones, dos estilos, dos formas de encarar la m\u00fasica que quiz\u00e1 tienen su mayor punto de contacto en el rigor, el buen gusto y la excelencia con la que encaran la m\u00fasica.<\/p>\n<p><a href=\"https:\/\/cooltivarte.com\/portal\/?s=Diego+Cotelo\" target=\"_blank\" rel=\"noopener\"><strong>Diego Cotelo<\/strong><\/a> hace un buen tiempo que viene acompa\u00f1ando a Fernando y <a href=\"https:\/\/cooltivarte.com\/portal\/?s=Bolsa+de+naylon+en+la+rama+de+un+%C3%A1rbol\" target=\"_blank\" rel=\"noopener\"><strong>Bolsa de naylon en la rama de un \u00e1rbol<\/strong><\/a> (banda que Diego fund\u00f3 en 2019) grab\u00f3 con Cabrera de invitado una versi\u00f3n de \u00abBandera amarilla\u00bb, llevada a la est\u00e9tica de la banda pero respetando bastante la forma e ideas originales. &nbsp;<\/p>\n<p><em>Bolsa<\/em>, como abrevian el nombre quienes integran la banda, combina el jazz experimental con el rock alternativo y sazona esto con ritmos tradicionales de nuestro pa\u00eds.<\/p>\n<p>Esta experiencia de trabajo conjunto, ocurrida en noviembre de 2022 lo dej\u00f3 pensando, \u00bfpor qu\u00e9 no aplicar el mismo m\u00e9todo a un repertorio m\u00e1s extenso?&nbsp; Le envi\u00f3 un correo electr\u00f3nico a Fernando con la propuesta y este acept\u00f3, pero las agendas de la banda y de Cabrera se comieron pr\u00e1cticamente todo el 2023, reci\u00e9n pudieron encarar el proyecto en noviembre pasado cuando comenzaron a trabajar en las maquetas de los temas y los arreglos, as\u00ed llegaron a los primeros meses de este a\u00f1o a la sala de ensayo.<\/p>\n<p>Diego entiende que para la banda este recital en conjunto era un sue\u00f1o hecho realidad, una oportunidad de tocar con un m\u00fasico del que son fans, que tambi\u00e9n lo fueron sus padres. Las canciones de Cabrera forman parte de la banda de sonido de la infancia de quienes integran Bolsa, por lo que \u00abtocarlas fue muy f\u00e1cil, fluido y disfrutado\u00bb, afirma.&nbsp;<\/p>\n<p>La elecci\u00f3n del repertorio tambi\u00e9n corri\u00f3 por cuenta de la banda, en principio prim\u00f3 un gusto destacado por las canciones que integran el disco <em>Viveza<\/em>, despu\u00e9s decidieron tomar algunas de las que Fernando y Diego ven\u00edan haciendo a d\u00fao en los espect\u00e1culos y por \u00faltimo optaron por mantener algunas de las versiones m\u00e1s \u00edntimas del autor para que contrastaran un poco con los arreglos que la banda hizo de otros temas.<\/p>\n<p>El recital comenz\u00f3 con \u00abQuerido amigo\u00bb, donde Cabrera, como un <em>crooner<\/em> aparece en el centro del escenario rodeado, respaldado por toda la banda. Observo este comienzo y me pregunto si alguna vez vi a Fernando sin su instrumento, sin el escudo que le otorga su guitarra o su cajita de f\u00f3sforos Fragata con los palitos contados.<\/p>\n<p>No hay palabras, solo m\u00fasica y canciones conocidas, pero nuevas en su tratamiento, en los arreglos, las sonoridades y la presencia de instrumentos poco habituales en los recitales de Cabrera, algo de eso viene aportando Diego desde hace un buen tiempo, pero ahora suma una ayudita de sus amistades.<\/p>\n<p>Continuaron con \u00abLos Eduardos\u00bb en lo que fue un peque\u00f1o set dedicado al disco <em>Viveza<\/em>. Siguieron con \u00abUn par\u00bb y \u00abLisa se cas\u00f3\u00bb, en las que se sum\u00f3 la guitarra de Fernando. La banda utiliza todos sus recursos, el silencio en la platea es casi absoluto, el p\u00fablico degusta atento lo que va ocurriendo y explota el aplauso al final de cada canci\u00f3n.<\/p>\n<p>Es el momento de un cl\u00e1sico, \u00abEl viento en la cara\u00bb, pero en la fant\u00e1stica voz de <a href=\"https:\/\/cooltivarte.com\/portal\/?s=Elena+Ciavaglia\" target=\"_blank\" rel=\"noopener\"><strong>Elena Ciavaglia<\/strong><\/a>. Ella edit\u00f3 una versi\u00f3n de esta canci\u00f3n a trav\u00e9s de Little Butterfly en 2022 acompa\u00f1ada solo con el piano. En este caso, la versi\u00f3n es a d\u00fao con Fernando y toda la banda acompa\u00f1ando. Por momentos, Cabrera toma un peque\u00f1o meg\u00e1fono para nombrar a los distintos equipos de ciclismo, quiz\u00e1 emulando el sonido de antiguos voceros de su infancia.<\/p>\n<p>Es el turno de \u00abMudanza\u00bb, la canci\u00f3n que para su grabaci\u00f3n Fernando invit\u00f3 al Darno. En este recital la segunda voz le corresponde al baterista <a href=\"https:\/\/cooltivarte.com\/portal\/?s=Juanma+Cayota\" target=\"_blank\" rel=\"noopener\"><strong>Juanma Cayota<\/strong><\/a>, la presencia de los amigos, de los colegas que ya no est\u00e1n prosigue con \u00abPor ejemplo\u00bb, la canci\u00f3n que grab\u00f3 junto a <a href=\"https:\/\/cooltivarte.com\/portal\/?s=Eduardo+Mateo\" target=\"_blank\" rel=\"noopener\"><strong>Eduardo Mateo<\/strong><\/a> en 1987.<\/p>\n<p>Cabrera saluda por primera vez en la noche, aclara que este show se enmarca en la celebraci\u00f3n de los 25 a\u00f1os de la <a href=\"https:\/\/salazitarrosa.montevideo.gub.uy\/\" target=\"_blank\" rel=\"noopener\"><strong>Sala Zitarrosa<\/strong><\/a>, recuerda cuando estuvo presente en la inauguraci\u00f3n y cuando form\u00f3 parte de una especie de consejo asesor de la programaci\u00f3n de la sala junto a <a href=\"https:\/\/cooltivarte.com\/portal\/?s=Fernando+Cond%C3%B3n\" target=\"_blank\" rel=\"noopener\"><strong>Fernando Cond\u00f3n<\/strong><\/a> y <a href=\"https:\/\/cooltivarte.com\/portal\/?s=Daniel+Viglietti\" target=\"_blank\" rel=\"noopener\"><strong>Daniel Viglietti<\/strong><\/a>.<\/p>\n<p>Es el momento de que el repertorio se acerque a estos tiempos con una canci\u00f3n de <em>Simple<\/em>, el \u00faltimo disco. Fernando cuenta que la siguiente canci\u00f3n se llama \u00abLa estancia\u00bb y trata de un establecimiento que tiene la caracter\u00edstica de poder trasladarse en el tiempo y el lugar. Buena parte de la banda se retira, Cabrera queda en el escenario acompa\u00f1ado por el tr\u00edo de vientos. Me dio la sensaci\u00f3n de que la an\u00e9cdota sobre la canci\u00f3n gener\u00f3 m\u00e1s inter\u00e9s que ella misma.<\/p>\n<p>El recital tiene una carga emotiva muy fuerte, es quiz\u00e1s una recopilaci\u00f3n de \u00e9xitos, de esos con los que Cabrera podr\u00eda hacer varios recitales sin repetirse, son muchas las canciones que no estuvieron, pero las incluidas ya son cl\u00e1sico.<\/p>\n<p>Es el turno de \u00abPuerta de los dos\u00bb, una de las m\u00e1s hermosas canciones compuestas por Fernando en los \u00faltimos a\u00f1os y quiz\u00e1s una de las m\u00e1s versionadas por colegas de todas las generaciones incluida en el disco<em> Bardo<\/em>.<\/p>\n<p>Con \u00abTobog\u00e1n\u00bb el tiempo retrocede poco m\u00e1s de treinta a\u00f1os para llegar al disco <em>Fines<\/em> de 1993 iniciando el segmento m\u00e1s \u00edntimo del recital que con solo los vientos se engancha con \u00abD\u00e9cimas de prueba\u00bb acompa\u00f1ado solo por el bajo y unas secuencias de sonido programadas a cargo de <strong>Diego Cotelo<\/strong>.<\/p>\n<p>El apasionado lector de historia que es <strong>Fernando Cabrera<\/strong> se presenta en esta canci\u00f3n.<\/p>\n<p>El cierre del segmento es con \u00abViveza\u00bb, Cabrera solo con su caja de f\u00f3sforos mantiene la magia. El aplauso as\u00ed lo corrobora.<\/p>\n<p>Fernando tom\u00f3 la palabra para agradecer e informar que Diego dir\u00eda algo muy importante. Tras las buenas noches y aclarar que esto no estaba guionado, anunci\u00f3 que esta ser\u00eda la \u00faltima canci\u00f3n, se trata de \u00abBandera amarilla\u00bb, la que propici\u00f3 todo esto, otra de las canciones de <em>Viveza<\/em>.<\/p>\n<p>En el momento de los bises, Diego present\u00f3 muy r\u00e1pidamente a los integrantes de Bolsa de naylon y a alguien que compuso las canciones, pero no record\u00f3 su nombre. Tras los aplausos abren con \u00abEstaba en otra vida\u00bb, el sonido pop por momentos invade a la canci\u00f3n, rememora al Cabrera de los ochenta, el de los discos <em>Buzos Azules<\/em> o <em>Autoblues<\/em>, quiz\u00e1s sea solo un gui\u00f1o, pero suficiente para recordar qu\u00e9 bien se le da el pop con aromas a The Police.<\/p>\n<p>\u00abGeneraci\u00f3n\u00bb, otra de las canciones que integra <em>Bardo<\/em> fue la \u00faltima del concierto. Poco m\u00e1s de una hora fue suficiente para que todo el p\u00fablico se retirara satisfecho, con la sensaci\u00f3n de haber sido parte de uno de esos recitales que como un punto cardinal indican un trayecto posible, un camino a recorrer.<\/p>\n<p>Diego fantaseaba antes del recital con grabarlo y luego editarlo. Con el resultado a la vista, ojal\u00e1 se concrete.<\/p>\n<p>&nbsp;<br \/>\n&nbsp;<\/p>\n<h3>&nbsp;<a href=\"https:\/\/www.facebook.com\/media\/set\/?set=a.944261337737726&amp;type=3\" target=\"_blank\" rel=\"noopener\">Ir a la fotogaler\u00eda<\/a><\/h3>\n<p><iframe style=\"border: none; overflow: hidden;\" src=\"https:\/\/www.facebook.com\/plugins\/post.php?href=https%3A%2F%2Fwww.facebook.com%2Fmedia%2Fset%2F%3Fset%3Da.944261337737726%26type%3D3&amp;width=100%\" width=\"100%\" height=\"669\" frameborder=\"0\" scrolling=\"no\"><\/iframe><br \/>\n&nbsp;<\/p>\n<p>&nbsp;<\/p>\n<blockquote class=\"instagram-media\" style=\"background: #FFF; border: 0; border-radius: 3px; box-shadow: 0 0 1px 0 rgba(0,0,0,0.5),0 1px 10px 0 rgba(0,0,0,0.15); margin: 1px; max-width: 540px; min-width: 326px; padding: 0; width: calc(100% - 2px);\" data-instgrm-captioned=\"\" data-instgrm-permalink=\"https:\/\/www.instagram.com\/p\/C6KQULLOmD3\/?utm_source=ig_embed&amp;utm_campaign=loading\" data-instgrm-version=\"14\">\n<div style=\"padding: 16px;\">\n<p>&nbsp;<\/p>\n<div style=\"display: flex; flex-direction: row; align-items: center;\">\n<div style=\"background-color: #f4f4f4; border-radius: 50%; flex-grow: 0; height: 40px; margin-right: 14px; width: 40px;\">&nbsp;<\/div>\n<div style=\"display: flex; flex-direction: column; flex-grow: 1; justify-content: center;\">\n<div style=\"background-color: #f4f4f4; border-radius: 4px; flex-grow: 0; height: 14px; margin-bottom: 6px; width: 100px;\">&nbsp;<\/div>\n<div style=\"background-color: #f4f4f4; border-radius: 4px; flex-grow: 0; height: 14px; width: 60px;\">&nbsp;<\/div>\n<\/div>\n<\/div>\n<div style=\"padding: 19% 0;\">&nbsp;<\/div>\n<div style=\"display: block; height: 50px; margin: 0 auto 12px; width: 50px;\">&nbsp;<\/div>\n<div style=\"padding-top: 8px;\">\n<div style=\"color: #3897f0; font-family: Arial,sans-serif; font-size: 14px; font-style: normal; font-weight: 550; line-height: 18px;\">Ver esta publicaci\u00f3n en Instagram<\/div>\n<\/div>\n<div style=\"padding: 12.5% 0;\">&nbsp;<\/div>\n<div style=\"display: flex; flex-direction: row; margin-bottom: 14px; align-items: center;\">\n<div>\n<div style=\"background-color: #f4f4f4; border-radius: 50%; height: 12.5px; width: 12.5px; transform: translateX(0px) translateY(7px);\">&nbsp;<\/div>\n<div style=\"background-color: #f4f4f4; height: 12.5px; transform: rotate(-45deg) translateX(3px) translateY(1px); width: 12.5px; flex-grow: 0; margin-right: 14px; margin-left: 2px;\">&nbsp;<\/div>\n<div style=\"background-color: #f4f4f4; border-radius: 50%; height: 12.5px; width: 12.5px; transform: translateX(9px) translateY(-18px);\">&nbsp;<\/div>\n<\/div>\n<div style=\"margin-left: 8px;\">\n<div style=\"background-color: #f4f4f4; border-radius: 50%; flex-grow: 0; height: 20px; width: 20px;\">&nbsp;<\/div>\n<div style=\"width: 0; height: 0; border-top: 2px solid transparent; border-left: 6px solid #f4f4f4; border-bottom: 2px solid transparent; transform: translateX(16px) translateY(-4px) rotate(30deg);\">&nbsp;<\/div>\n<\/div>\n<div style=\"margin-left: auto;\">\n<div style=\"width: 0px; border-top: 8px solid #F4F4F4; border-right: 8px solid transparent; transform: translateY(16px);\">&nbsp;<\/div>\n<div style=\"background-color: #f4f4f4; flex-grow: 0; height: 12px; width: 16px; transform: translateY(-4px);\">&nbsp;<\/div>\n<div style=\"width: 0; height: 0; border-top: 8px solid #F4F4F4; border-left: 8px solid transparent; transform: translateY(-4px) translateX(8px);\">&nbsp;<\/div>\n<\/div>\n<\/div>\n<div style=\"display: flex; flex-direction: column; flex-grow: 1; justify-content: center; margin-bottom: 24px;\">\n<div style=\"background-color: #f4f4f4; border-radius: 4px; flex-grow: 0; height: 14px; margin-bottom: 6px; width: 224px;\">&nbsp;<\/div>\n<div style=\"background-color: #f4f4f4; border-radius: 4px; flex-grow: 0; height: 14px; width: 144px;\">&nbsp;<\/div>\n<\/div>\n<p>&nbsp;<\/p>\n<p style=\"color: #c9c8cd; font-family: Arial,sans-serif; font-size: 14px; line-height: 17px; margin-bottom: 0; margin-top: 8px; overflow: hidden; padding: 8px 0 7px; text-align: center; text-overflow: ellipsis; white-space: nowrap;\"><a style=\"color: #c9c8cd; font-family: Arial,sans-serif; font-size: 14px; font-style: normal; font-weight: normal; line-height: 17px; text-decoration: none;\" href=\"https:\/\/www.instagram.com\/p\/C6KQULLOmD3\/?utm_source=ig_embed&amp;utm_campaign=loading\" target=\"_blank\" rel=\"noopener\">Una publicaci\u00f3n compartida de cooltivarte.com (@_cooltivarte_)<\/a><\/p>\n<\/div>\n<\/blockquote>\n<p><script async=\"\" src=\"\/\/www.instagram.com\/embed.js\"><\/script><br \/>\n&nbsp;<\/p>\n<p>&nbsp;<\/p>\n","protected":false},"excerpt":{"rendered":"<p>En los \u00faltimos a\u00f1os cada recital de Fernando Cabrera genera una peque\u00f1a conmoci\u00f3n, se despierta cierta avidez entre sus admiradores que agotan las entradas r\u00e1pidamente o colapsan los lugares donde se presenta en forma gratuita, como sucedi\u00f3 en el Cabildo en el ciclo Late. Muy atr\u00e1s han quedado aquellos tiempos en que se lo pod\u00eda ver en boliches o salas peque\u00f1as como Bluzz, Espacio Guambia o el Nat Capiloncho. Esta expectativa se vio aumentada con el anuncio de esta simbiosis, de este recital conjunto entre dos generaciones, dos estilos, dos formas de encarar la m\u00fasica que quiz\u00e1 tienen su mayor punto de contacto en el rigor, el buen gusto y la excelencia con la que encaran la m\u00fasica.<\/p>\n<p>Diego Cotelo hace un buen tiempo que viene acompa\u00f1ando a Fernando y Bolsa de naylon en la rama de un \u00e1rbol (banda que Diego fund\u00f3 en 2019) grab\u00f3 con Cabrera de invitado una versi\u00f3n de \u00abBandera amarilla\u00bb, llevada a la est\u00e9tica de la banda pero respetando bastante la forma e ideas originales. \u00a0<\/p>\n","protected":false},"author":197,"featured_media":101391,"comment_status":"closed","ping_status":"closed","sticky":false,"template":"","format":"standard","meta":{"om_disable_all_campaigns":false,"ngg_post_thumbnail":0,"jnews-multi-image_gallery":[],"jnews_single_post":{"subtitle":"Sala Zitarrosa - 14 de abril 2024","format":"standard","video":"","gallery":"","source_name":"","source_url":"","via_name":"","via_url":"","override_template":"0","override":[{"template":"4","single_blog_custom":"","parallax":"1","fullscreen":"0","layout":"right-sidebar","sidebar":"default-sidebar","second_sidebar":"default-sidebar","sticky_sidebar":"1","share_position":"bottom","share_float_style":"share-monocrhome","show_share_counter":"1","show_view_counter":"1","show_featured":"1","show_post_meta":"1","show_post_author":"1","show_post_author_image":"1","show_post_date":"1","post_date_format":"default","post_date_format_custom":"Y\/m\/d","show_post_category":"1","show_post_reading_time":"0","post_reading_time_wpm":"300","show_zoom_button":"0","zoom_button_out_step":"2","zoom_button_in_step":"3","show_post_tag":"1","show_prev_next_post":"1","show_popup_post":"1","number_popup_post":"1","show_author_box":"1","show_post_related":"0","show_inline_post_related":"0","post_calculate_word_method":"str_word_count"}],"override_image_size":"0","image_override":[{"single_post_thumbnail_size":"no-crop","single_post_gallery_size":"crop-500"}],"trending_post":"0","trending_post_position":"meta","trending_post_label":"Trending","sponsored_post":"0","sponsored_post_label":"Sponsored by","sponsored_post_name":"","sponsored_post_url":"","sponsored_post_logo_enable":"0","sponsored_post_logo":"","sponsored_post_desc":"","disable_ad":"0"},"jnews_primary_category":{"id":"","hide":""},"jnews_social_meta":{"fb_title":"","fb_description":"","fb_image":"","twitter_title":"","twitter_description":"","twitter_image":""},"jnews_override_counter":{"override_view_counter":"0","view_counter_number":"0","override_share_counter":"0","share_counter_number":"0","override_like_counter":"0","like_counter_number":"0","override_dislike_counter":"0","dislike_counter_number":"0"},"footnotes":""},"categories":[50],"tags":[8315,8309,11534,89,62],"class_list":["post-101390","post","type-post","status-publish","format-standard","has-post-thumbnail","hentry","category-coberturas","tag-bolsa-de-naylon-en-la-rama-de-un-arbol","tag-diego-cotelo","tag-elena-ciavaglia","tag-fernando-cabrera","tag-sala-zitarrosa"],"yoast_head":"<!-- This site is optimized with the Yoast SEO plugin v27.5 - https:\/\/yoast.com\/product\/yoast-seo-wordpress\/ -->\n<title>Fernando Cabrera y Bolsa de naylon en la rama de un \u00e1rbol - Cooltivarte Portal<\/title>\n<meta name=\"description\" content=\"En los \u00faltimos a\u00f1os cada recital de Fernando Cabrera genera una peque\u00f1a conmoci\u00f3n, se despierta cierta avidez entre sus admiradores que agotan las entradas r\u00e1pidamente o colapsan los lugares donde se presenta en forma gratuita, como sucedi\u00f3 en el Cabildo en el ciclo Late.\" \/>\n<meta name=\"robots\" content=\"index, follow, max-snippet:-1, max-image-preview:large, max-video-preview:-1\" \/>\n<link rel=\"canonical\" href=\"https:\/\/cooltivarte.com\/portal\/fernando-cabrera-y-bolsa-de-naylon-en-la-rama-de-un-arbol-sala-zitarrosa\/\" \/>\n<meta property=\"og:locale\" content=\"es_ES\" \/>\n<meta property=\"og:type\" content=\"article\" \/>\n<meta property=\"og:title\" content=\"Fernando Cabrera y Bolsa de naylon en la rama de un \u00e1rbol - Sala Zitarrosa - 14 de abril 2024 by Marcelo Rodr\u00edguez Arcidiaco\" \/>\n<meta property=\"og:description\" content=\"En los \u00faltimos a\u00f1os cada recital de Fernando Cabrera genera una peque\u00f1a conmoci\u00f3n, se despierta cierta avidez entre sus admiradores que agotan las entradas r\u00e1pidamente o colapsan los lugares donde se presenta en forma gratuita, como sucedi\u00f3 en el Cabildo en el ciclo Late.\" \/>\n<meta property=\"og:url\" content=\"https:\/\/cooltivarte.com\/portal\/fernando-cabrera-y-bolsa-de-naylon-en-la-rama-de-un-arbol-sala-zitarrosa\/\" \/>\n<meta property=\"og:site_name\" content=\"Cooltivarte Portal\" \/>\n<meta property=\"article:publisher\" content=\"https:\/\/www.facebook.com\/cooltivartecom\/\" \/>\n<meta property=\"article:author\" content=\"https:\/\/www.facebook.com\/cooltivartecom\/\" \/>\n<meta property=\"article:published_time\" content=\"2024-05-03T16:35:53+00:00\" \/>\n<meta property=\"article:modified_time\" content=\"2024-11-10T15:25:52+00:00\" \/>\n<meta property=\"og:image\" content=\"https:\/\/cooltivarte.com\/portal\/wp-content\/uploads\/2024\/05\/Fernando-Cabrera-y-Bolsa-de-nylon-en-la-rama-de-un-arbol-Sala-Zitarrosa-13-de-abril-2024-Foto-por-Rossana-Gaudioso.jpg\" \/>\n\t<meta property=\"og:image:width\" content=\"2048\" \/>\n\t<meta property=\"og:image:height\" content=\"1356\" \/>\n\t<meta property=\"og:image:type\" content=\"image\/jpeg\" \/>\n<meta name=\"author\" content=\"Marcelo Rodr\u00edguez Arcidiaco\" \/>\n<meta name=\"twitter:card\" content=\"summary_large_image\" \/>\n<meta name=\"twitter:title\" content=\"Fernando Cabrera y Bolsa de naylon en la rama de un \u00e1rbol - Sala Zitarrosa - 14 de abril 2024 by Marcelo Rodr\u00edguez Arcidiaco\" \/>\n<meta name=\"twitter:description\" content=\"En los \u00faltimos a\u00f1os cada recital de Fernando Cabrera genera una peque\u00f1a conmoci\u00f3n, se despierta cierta avidez entre sus admiradores que agotan las entradas r\u00e1pidamente o colapsan los lugares donde se presenta en forma gratuita, como sucedi\u00f3 en el Cabildo en el ciclo Late.\" \/>\n<meta name=\"twitter:image\" content=\"https:\/\/cooltivarte.com\/portal\/wp-content\/uploads\/2024\/05\/Fernando-Cabrera-y-Bolsa-de-nylon-en-la-rama-de-un-arbol-Sala-Zitarrosa-13-de-abril-2024-Foto-por-Rossana-Gaudioso.jpg\" \/>\n<meta name=\"twitter:creator\" content=\"@https:\/\/x.com\/obolocultural\" \/>\n<meta name=\"twitter:site\" content=\"@obolocultural\" \/>\n<meta name=\"twitter:label1\" content=\"Escrito por\" \/>\n\t<meta name=\"twitter:data1\" content=\"Marcelo Rodr\u00edguez Arcidiaco\" \/>\n\t<meta name=\"twitter:label2\" content=\"Tiempo de lectura\" \/>\n\t<meta name=\"twitter:data2\" content=\"7 minutos\" \/>\n<!-- \/ Yoast SEO plugin. -->","yoast_head_json":{"title":"Fernando Cabrera y Bolsa de naylon en la rama de un \u00e1rbol - Cooltivarte Portal","description":"En los \u00faltimos a\u00f1os cada recital de Fernando Cabrera genera una peque\u00f1a conmoci\u00f3n, se despierta cierta avidez entre sus admiradores que agotan las entradas r\u00e1pidamente o colapsan los lugares donde se presenta en forma gratuita, como sucedi\u00f3 en el Cabildo en el ciclo Late.","robots":{"index":"index","follow":"follow","max-snippet":"max-snippet:-1","max-image-preview":"max-image-preview:large","max-video-preview":"max-video-preview:-1"},"canonical":"https:\/\/cooltivarte.com\/portal\/fernando-cabrera-y-bolsa-de-naylon-en-la-rama-de-un-arbol-sala-zitarrosa\/","og_locale":"es_ES","og_type":"article","og_title":"Fernando Cabrera y Bolsa de naylon en la rama de un \u00e1rbol - Sala Zitarrosa - 14 de abril 2024 by Marcelo Rodr\u00edguez Arcidiaco","og_description":"En los \u00faltimos a\u00f1os cada recital de Fernando Cabrera genera una peque\u00f1a conmoci\u00f3n, se despierta cierta avidez entre sus admiradores que agotan las entradas r\u00e1pidamente o colapsan los lugares donde se presenta en forma gratuita, como sucedi\u00f3 en el Cabildo en el ciclo Late.","og_url":"https:\/\/cooltivarte.com\/portal\/fernando-cabrera-y-bolsa-de-naylon-en-la-rama-de-un-arbol-sala-zitarrosa\/","og_site_name":"Cooltivarte Portal","article_publisher":"https:\/\/www.facebook.com\/cooltivartecom\/","article_author":"https:\/\/www.facebook.com\/cooltivartecom\/","article_published_time":"2024-05-03T16:35:53+00:00","article_modified_time":"2024-11-10T15:25:52+00:00","og_image":[{"width":2048,"height":1356,"url":"https:\/\/cooltivarte.com\/portal\/wp-content\/uploads\/2024\/05\/Fernando-Cabrera-y-Bolsa-de-nylon-en-la-rama-de-un-arbol-Sala-Zitarrosa-13-de-abril-2024-Foto-por-Rossana-Gaudioso.jpg","type":"image\/jpeg"}],"author":"Marcelo Rodr\u00edguez Arcidiaco","twitter_card":"summary_large_image","twitter_title":"Fernando Cabrera y Bolsa de naylon en la rama de un \u00e1rbol - Sala Zitarrosa - 14 de abril 2024 by Marcelo Rodr\u00edguez Arcidiaco","twitter_description":"En los \u00faltimos a\u00f1os cada recital de Fernando Cabrera genera una peque\u00f1a conmoci\u00f3n, se despierta cierta avidez entre sus admiradores que agotan las entradas r\u00e1pidamente o colapsan los lugares donde se presenta en forma gratuita, como sucedi\u00f3 en el Cabildo en el ciclo Late.","twitter_image":"https:\/\/cooltivarte.com\/portal\/wp-content\/uploads\/2024\/05\/Fernando-Cabrera-y-Bolsa-de-nylon-en-la-rama-de-un-arbol-Sala-Zitarrosa-13-de-abril-2024-Foto-por-Rossana-Gaudioso.jpg","twitter_creator":"@https:\/\/x.com\/obolocultural","twitter_site":"@obolocultural","twitter_misc":{"Escrito por":"Marcelo Rodr\u00edguez Arcidiaco","Tiempo de lectura":"7 minutos"},"schema":{"@context":"https:\/\/schema.org","@graph":[{"@type":"NewsArticle","@id":"https:\/\/cooltivarte.com\/portal\/fernando-cabrera-y-bolsa-de-naylon-en-la-rama-de-un-arbol-sala-zitarrosa\/#article","isPartOf":{"@id":"https:\/\/cooltivarte.com\/portal\/fernando-cabrera-y-bolsa-de-naylon-en-la-rama-de-un-arbol-sala-zitarrosa\/"},"author":{"name":"Marcelo Rodr\u00edguez Arcidiaco","@id":"https:\/\/cooltivarte.com\/portal\/#\/schema\/person\/fa356cbbc975072000c537039536bc3b"},"headline":"Fernando Cabrera y Bolsa de naylon en la rama de un \u00e1rbol","datePublished":"2024-05-03T16:35:53+00:00","dateModified":"2024-11-10T15:25:52+00:00","mainEntityOfPage":{"@id":"https:\/\/cooltivarte.com\/portal\/fernando-cabrera-y-bolsa-de-naylon-en-la-rama-de-un-arbol-sala-zitarrosa\/"},"wordCount":1394,"publisher":{"@id":"https:\/\/cooltivarte.com\/portal\/#organization"},"image":{"@id":"https:\/\/cooltivarte.com\/portal\/fernando-cabrera-y-bolsa-de-naylon-en-la-rama-de-un-arbol-sala-zitarrosa\/#primaryimage"},"thumbnailUrl":"https:\/\/cooltivarte.com\/portal\/wp-content\/uploads\/2024\/05\/Fernando-Cabrera-y-Bolsa-de-nylon-en-la-rama-de-un-arbol-Sala-Zitarrosa-13-de-abril-2024-Foto-por-Rossana-Gaudioso.jpg","keywords":["BOLSA DE NAYLON EN LA RAMA DE UN \u00c1RBOL","Diego Cotelo","ELENA CIAVAGLIA","Fernando Cabrera","Sala Zitarrosa"],"articleSection":["Coberturas"],"inLanguage":"es-AR"},{"@type":"WebPage","@id":"https:\/\/cooltivarte.com\/portal\/fernando-cabrera-y-bolsa-de-naylon-en-la-rama-de-un-arbol-sala-zitarrosa\/","url":"https:\/\/cooltivarte.com\/portal\/fernando-cabrera-y-bolsa-de-naylon-en-la-rama-de-un-arbol-sala-zitarrosa\/","name":"Fernando Cabrera y Bolsa de naylon en la rama de un \u00e1rbol - Cooltivarte Portal","isPartOf":{"@id":"https:\/\/cooltivarte.com\/portal\/#website"},"primaryImageOfPage":{"@id":"https:\/\/cooltivarte.com\/portal\/fernando-cabrera-y-bolsa-de-naylon-en-la-rama-de-un-arbol-sala-zitarrosa\/#primaryimage"},"image":{"@id":"https:\/\/cooltivarte.com\/portal\/fernando-cabrera-y-bolsa-de-naylon-en-la-rama-de-un-arbol-sala-zitarrosa\/#primaryimage"},"thumbnailUrl":"https:\/\/cooltivarte.com\/portal\/wp-content\/uploads\/2024\/05\/Fernando-Cabrera-y-Bolsa-de-nylon-en-la-rama-de-un-arbol-Sala-Zitarrosa-13-de-abril-2024-Foto-por-Rossana-Gaudioso.jpg","datePublished":"2024-05-03T16:35:53+00:00","dateModified":"2024-11-10T15:25:52+00:00","description":"En los \u00faltimos a\u00f1os cada recital de Fernando Cabrera genera una peque\u00f1a conmoci\u00f3n, se despierta cierta avidez entre sus admiradores que agotan las entradas r\u00e1pidamente o colapsan los lugares donde se presenta en forma gratuita, como sucedi\u00f3 en el Cabildo en el ciclo Late.","breadcrumb":{"@id":"https:\/\/cooltivarte.com\/portal\/fernando-cabrera-y-bolsa-de-naylon-en-la-rama-de-un-arbol-sala-zitarrosa\/#breadcrumb"},"inLanguage":"es-AR","potentialAction":[{"@type":"ReadAction","target":["https:\/\/cooltivarte.com\/portal\/fernando-cabrera-y-bolsa-de-naylon-en-la-rama-de-un-arbol-sala-zitarrosa\/"]}]},{"@type":"ImageObject","inLanguage":"es-AR","@id":"https:\/\/cooltivarte.com\/portal\/fernando-cabrera-y-bolsa-de-naylon-en-la-rama-de-un-arbol-sala-zitarrosa\/#primaryimage","url":"https:\/\/cooltivarte.com\/portal\/wp-content\/uploads\/2024\/05\/Fernando-Cabrera-y-Bolsa-de-nylon-en-la-rama-de-un-arbol-Sala-Zitarrosa-13-de-abril-2024-Foto-por-Rossana-Gaudioso.jpg","contentUrl":"https:\/\/cooltivarte.com\/portal\/wp-content\/uploads\/2024\/05\/Fernando-Cabrera-y-Bolsa-de-nylon-en-la-rama-de-un-arbol-Sala-Zitarrosa-13-de-abril-2024-Foto-por-Rossana-Gaudioso.jpg","width":2048,"height":1356,"caption":"Fernando Cabrera y Bolsa de nylon en la rama de un \u00e1rbol - Sala Zitarrosa 13 de abril 2024 Foto por Rossana Gaudioso"},{"@type":"BreadcrumbList","@id":"https:\/\/cooltivarte.com\/portal\/fernando-cabrera-y-bolsa-de-naylon-en-la-rama-de-un-arbol-sala-zitarrosa\/#breadcrumb","itemListElement":[{"@type":"ListItem","position":1,"name":"Portada","item":"https:\/\/cooltivarte.com\/portal\/"},{"@type":"ListItem","position":2,"name":"Fernando Cabrera y Bolsa de naylon en la rama de un \u00e1rbol"}]},{"@type":"WebSite","@id":"https:\/\/cooltivarte.com\/portal\/#website","url":"https:\/\/cooltivarte.com\/portal\/","name":"Cooltivarte Portal","description":"Arte, cultura y turismo para el mundo ...","publisher":{"@id":"https:\/\/cooltivarte.com\/portal\/#organization"},"potentialAction":[{"@type":"SearchAction","target":{"@type":"EntryPoint","urlTemplate":"https:\/\/cooltivarte.com\/portal\/?s={search_term_string}"},"query-input":{"@type":"PropertyValueSpecification","valueRequired":true,"valueName":"search_term_string"}}],"inLanguage":"es-AR"},{"@type":"Organization","@id":"https:\/\/cooltivarte.com\/portal\/#organization","name":"cooltivarte","url":"https:\/\/cooltivarte.com\/portal\/","logo":{"@type":"ImageObject","inLanguage":"es-AR","@id":"https:\/\/cooltivarte.com\/portal\/#\/schema\/logo\/image\/","url":"https:\/\/cooltivarte.com\/portal\/wp-content\/uploads\/2020\/04\/logo-cooltivarte-v2.png","contentUrl":"https:\/\/cooltivarte.com\/portal\/wp-content\/uploads\/2020\/04\/logo-cooltivarte-v2.png","width":851,"height":243,"caption":"cooltivarte"},"image":{"@id":"https:\/\/cooltivarte.com\/portal\/#\/schema\/logo\/image\/"},"sameAs":["https:\/\/www.facebook.com\/cooltivartecom\/","https:\/\/x.com\/obolocultural","https:\/\/www.instagram.com\/_cooltivarte_\/","https:\/\/www.linkedin.com\/company\/-bolocultural?reportsuccess=8zaNG1HwhPbAR9iQhZ5rfGeqz_vQFftHun0ZWU0Wy9vNemRJ8vtcKdJvzQfW8XagyOJSKg0XvfJ1dp","https:\/\/www.pinterest.com\/cooltivarte\/","https:\/\/cooltivarte.tumblr.com\/","https:\/\/www.tiktok.com\/@cooltivarte","https:\/\/www.youtube.com\/@PrensaCooltivarte"]},{"@type":"Person","@id":"https:\/\/cooltivarte.com\/portal\/#\/schema\/person\/fa356cbbc975072000c537039536bc3b","name":"Marcelo Rodr\u00edguez Arcidiaco","image":{"@type":"ImageObject","inLanguage":"es-AR","@id":"https:\/\/cooltivarte.com\/portal\/wp-content\/uploads\/2022\/08\/marcelo_rodriguez-120x120.jpg","url":"https:\/\/cooltivarte.com\/portal\/wp-content\/uploads\/2022\/08\/marcelo_rodriguez-120x120.jpg","contentUrl":"https:\/\/cooltivarte.com\/portal\/wp-content\/uploads\/2022\/08\/marcelo_rodriguez-120x120.jpg","caption":"Marcelo Rodr\u00edguez Arcidiaco"},"description":"Marcelo Rodr\u00edguez Arcidiaco naci\u00f3 en Santa Luc\u00eda, departamento de Canelones, el 9 de enero de 1971. En 1989 se radic\u00f3 en Montevideo para iniciar sus estudios de Educaci\u00f3n F\u00edsica en el ISEF. Tras titularse como Profesor de Educaci\u00f3n F\u00edsica en 1993, volvi\u00f3 a las aulas en 1996 para estudiar Ciencias de la Comunicaci\u00f3n, donde obtuvo el t\u00edtulo de licenciado en el a\u00f1o 2001. Desde 2020 cursa estudios de posgrado en la FHEC. Actualmente se desempe\u00f1a en la Intendencia de Montevideo, en las dos profesiones que ha elegido, docente y comunicador. En 2012 public\u00f3 su primer libro Entre el cuervo y el \u00e1ngel (Perro Andaluz), una biograf\u00eda del m\u00fasico Eduardo Darnauchans. En 2021 publico por el Sello Perro Andaluz para la colecci\u00f3n Vademecum, \u00bfQuien dijo que no hab\u00eda poes\u00eda en el rocanrol? Placeres del Sado-Musiquismo o la tercera es la vencida en la carrera de Tabar\u00e9 Rivero.","sameAs":["https:\/\/www.facebook.com\/cooltivartecom\/","https:\/\/www.instagram.com\/_cooltivarte_\/","https:\/\/www.linkedin.com\/company\/-bolocultural","https:\/\/www.pinterest.com\/cooltivarte","https:\/\/x.com\/https:\/\/x.com\/obolocultural","https:\/\/www.youtube.com\/@PrensaCooltivarte","https:\/\/www.tumblr.com\/blog\/cooltivarte"],"url":"https:\/\/cooltivarte.com\/portal\/author\/marcelo-rodriguez-arcidiaco\/"}]}},"_links":{"self":[{"href":"https:\/\/cooltivarte.com\/portal\/wp-json\/wp\/v2\/posts\/101390","targetHints":{"allow":["GET"]}}],"collection":[{"href":"https:\/\/cooltivarte.com\/portal\/wp-json\/wp\/v2\/posts"}],"about":[{"href":"https:\/\/cooltivarte.com\/portal\/wp-json\/wp\/v2\/types\/post"}],"author":[{"embeddable":true,"href":"https:\/\/cooltivarte.com\/portal\/wp-json\/wp\/v2\/users\/197"}],"replies":[{"embeddable":true,"href":"https:\/\/cooltivarte.com\/portal\/wp-json\/wp\/v2\/comments?post=101390"}],"version-history":[{"count":3,"href":"https:\/\/cooltivarte.com\/portal\/wp-json\/wp\/v2\/posts\/101390\/revisions"}],"predecessor-version":[{"id":108110,"href":"https:\/\/cooltivarte.com\/portal\/wp-json\/wp\/v2\/posts\/101390\/revisions\/108110"}],"wp:featuredmedia":[{"embeddable":true,"href":"https:\/\/cooltivarte.com\/portal\/wp-json\/wp\/v2\/media\/101391"}],"wp:attachment":[{"href":"https:\/\/cooltivarte.com\/portal\/wp-json\/wp\/v2\/media?parent=101390"}],"wp:term":[{"taxonomy":"category","embeddable":true,"href":"https:\/\/cooltivarte.com\/portal\/wp-json\/wp\/v2\/categories?post=101390"},{"taxonomy":"post_tag","embeddable":true,"href":"https:\/\/cooltivarte.com\/portal\/wp-json\/wp\/v2\/tags?post=101390"}],"curies":[{"name":"wp","href":"https:\/\/api.w.org\/{rel}","templated":true}]}}