{"id":100982,"date":"2024-04-24T18:55:59","date_gmt":"2024-04-24T21:55:59","guid":{"rendered":"https:\/\/cooltivarte.com\/portal\/?p=100982"},"modified":"2024-04-24T19:02:02","modified_gmt":"2024-04-24T22:02:02","slug":"fernando-cabrera-y-bolsa-de-nylon-en-la-rama-de-un-arbol-en-sala-zitarrosa","status":"publish","type":"post","link":"https:\/\/cooltivarte.com\/portal\/fernando-cabrera-y-bolsa-de-nylon-en-la-rama-de-un-arbol-en-sala-zitarrosa\/","title":{"rendered":"Fernando Cabrera y Bolsa de nylon en la rama de un \u00e1rbol en Sala Zitarrosa"},"content":{"rendered":"<figure id=\"attachment_100983\" aria-describedby=\"caption-attachment-100983\" style=\"width: 1024px\" class=\"wp-caption aligncenter\"><img fetchpriority=\"high\" decoding=\"async\" class=\"wp-image-100983 size-large\" title=\"Fernando Cabrera y Bolsa de nylon en la rama de un \u00e1rbol - Sala Zitarrosa - 13 de abril 2024 - Foto por Rossana Gaudioso\" src=\"https:\/\/cooltivarte.com\/portal\/wp-content\/uploads\/2024\/04\/Fernando-Cabrera-y-Bolsa-de-nylon-en-la-rama-de-un-arbol-Sala-Zitarrosa-13-de-abril-2024-Foto-por-Rossana-Gaudioso-1024x678.jpg\" alt=\"Fernando Cabrera y Bolsa de nylon en la rama de un \u00e1rbol - Sala Zitarrosa - 13 de abril 2024 - Foto por Rossana Gaudioso\" width=\"1024\" height=\"678\" srcset=\"https:\/\/cooltivarte.com\/portal\/wp-content\/uploads\/2024\/04\/Fernando-Cabrera-y-Bolsa-de-nylon-en-la-rama-de-un-arbol-Sala-Zitarrosa-13-de-abril-2024-Foto-por-Rossana-Gaudioso-1024x678.jpg 1024w, https:\/\/cooltivarte.com\/portal\/wp-content\/uploads\/2024\/04\/Fernando-Cabrera-y-Bolsa-de-nylon-en-la-rama-de-un-arbol-Sala-Zitarrosa-13-de-abril-2024-Foto-por-Rossana-Gaudioso-300x199.jpg 300w, https:\/\/cooltivarte.com\/portal\/wp-content\/uploads\/2024\/04\/Fernando-Cabrera-y-Bolsa-de-nylon-en-la-rama-de-un-arbol-Sala-Zitarrosa-13-de-abril-2024-Foto-por-Rossana-Gaudioso-768x509.jpg 768w, https:\/\/cooltivarte.com\/portal\/wp-content\/uploads\/2024\/04\/Fernando-Cabrera-y-Bolsa-de-nylon-en-la-rama-de-un-arbol-Sala-Zitarrosa-13-de-abril-2024-Foto-por-Rossana-Gaudioso-1536x1017.jpg 1536w, https:\/\/cooltivarte.com\/portal\/wp-content\/uploads\/2024\/04\/Fernando-Cabrera-y-Bolsa-de-nylon-en-la-rama-de-un-arbol-Sala-Zitarrosa-13-de-abril-2024-Foto-por-Rossana-Gaudioso.jpg 2048w\" sizes=\"(max-width: 1024px) 100vw, 1024px\" \/><figcaption id=\"caption-attachment-100983\" class=\"wp-caption-text\">Fernando Cabrera y Bolsa de nylon en la rama de un \u00e1rbol &#8211; Sala Zitarrosa &#8211; 13 de abril 2024 &#8211; Foto por Rossana Gaudioso<\/figcaption><\/figure>\n<p>&nbsp;<\/p>\n<p><a href=\"https:\/\/cooltivarte.com\/portal\/?s=Fernando+Cabrera\" target=\"_blank\" rel=\"noopener\"><strong>Fernando Cabrera<\/strong><\/a> y <a href=\"https:\/\/cooltivarte.com\/portal\/?s=Bolsa+de+nylon+en+la+rama+de+un+%C3%A1rbol\" target=\"_blank\" rel=\"noopener\"><strong>Bolsa de nylon en la rama de un \u00e1rbol<\/strong><\/a> &#8211; <strong>Sala Zitarrosa<\/strong>, 13 de abril 2024.<\/p>\n<p>&nbsp;<\/p>\n<p>&nbsp;<\/p>\n<h3>&nbsp;<a href=\"https:\/\/www.facebook.com\/media\/set\/?set=a.944261337737726&amp;type=3\" target=\"_blank\" rel=\"noopener\">Ir a la fotogaler\u00eda<\/a><\/h3>\n<p><iframe style=\"border: none; overflow: hidden;\" src=\"https:\/\/www.facebook.com\/plugins\/post.php?href=https%3A%2F%2Fwww.facebook.com%2Fmedia%2Fset%2F%3Fset%3Da.944261337737726%26type%3D3&amp;width=100%\" width=\"100%\" height=\"669\" frameborder=\"0\" scrolling=\"no\"><\/iframe><br \/>\n&nbsp;<\/p>\n<p>&nbsp;<\/p>\n<p><strong>Temporada 25 a\u00f1os Sala Zitarrosa<\/strong><\/p>\n<p>El 13 de abril, <strong>Bolsa de naylon en la rama de un \u00e1rbol<\/strong> tuvo agendado un sue\u00f1o l\u00facido: versionar canciones de <strong>Fernando Cabrera<\/strong>, con <strong>Fernando Cabrera<\/strong>.<\/p>\n<p>En algunos casos, rescatando temas que hace a\u00f1os que no suenan, honrando arreglos de discos que quiz\u00e1s nunca llegaron al escenario. En otros, ajustando, re imaginando la est\u00e9tica hacia otros territorios m\u00e1s cercanos al art pop, al free jazz, al glitch digital.<\/p>\n<p>En todos los casos, agitando con el coraz\u00f3n canciones que son parte del ADN de sus infancias, adolescencias y adulteces.<\/p>\n<p>&nbsp;<\/p>\n<blockquote class=\"instagram-media\" style=\"background: #FFF; border: 0; border-radius: 3px; box-shadow: 0 0 1px 0 rgba(0,0,0,0.5),0 1px 10px 0 rgba(0,0,0,0.15); margin: 1px; max-width: 540px; min-width: 326px; padding: 0; width: calc(100% - 2px);\" data-instgrm-captioned=\"\" data-instgrm-permalink=\"https:\/\/www.instagram.com\/p\/C6KQULLOmD3\/?utm_source=ig_embed&amp;utm_campaign=loading\" data-instgrm-version=\"14\">\n<div style=\"padding: 16px;\">\n<p>&nbsp;<\/p>\n<div style=\"display: flex; flex-direction: row; align-items: center;\">\n<div style=\"background-color: #f4f4f4; border-radius: 50%; flex-grow: 0; height: 40px; margin-right: 14px; width: 40px;\">&nbsp;<\/div>\n<div style=\"display: flex; flex-direction: column; flex-grow: 1; justify-content: center;\">\n<div style=\"background-color: #f4f4f4; border-radius: 4px; flex-grow: 0; height: 14px; margin-bottom: 6px; width: 100px;\">&nbsp;<\/div>\n<div style=\"background-color: #f4f4f4; border-radius: 4px; flex-grow: 0; height: 14px; width: 60px;\">&nbsp;<\/div>\n<\/div>\n<\/div>\n<div style=\"padding: 19% 0;\">&nbsp;<\/div>\n<div style=\"display: block; height: 50px; margin: 0 auto 12px; width: 50px;\">&nbsp;<\/div>\n<div style=\"padding-top: 8px;\">\n<div style=\"color: #3897f0; font-family: Arial,sans-serif; font-size: 14px; font-style: normal; font-weight: 550; line-height: 18px;\">Ver esta publicaci\u00f3n en Instagram<\/div>\n<\/div>\n<div style=\"padding: 12.5% 0;\">&nbsp;<\/div>\n<div style=\"display: flex; flex-direction: row; margin-bottom: 14px; align-items: center;\">\n<div>\n<div style=\"background-color: #f4f4f4; border-radius: 50%; height: 12.5px; width: 12.5px; transform: translateX(0px) translateY(7px);\">&nbsp;<\/div>\n<div style=\"background-color: #f4f4f4; height: 12.5px; transform: rotate(-45deg) translateX(3px) translateY(1px); width: 12.5px; flex-grow: 0; margin-right: 14px; margin-left: 2px;\">&nbsp;<\/div>\n<div style=\"background-color: #f4f4f4; border-radius: 50%; height: 12.5px; width: 12.5px; transform: translateX(9px) translateY(-18px);\">&nbsp;<\/div>\n<\/div>\n<div style=\"margin-left: 8px;\">\n<div style=\"background-color: #f4f4f4; border-radius: 50%; flex-grow: 0; height: 20px; width: 20px;\">&nbsp;<\/div>\n<div style=\"width: 0; height: 0; border-top: 2px solid transparent; border-left: 6px solid #f4f4f4; border-bottom: 2px solid transparent; transform: translateX(16px) translateY(-4px) rotate(30deg);\">&nbsp;<\/div>\n<\/div>\n<div style=\"margin-left: auto;\">\n<div style=\"width: 0px; border-top: 8px solid #F4F4F4; border-right: 8px solid transparent; transform: translateY(16px);\">&nbsp;<\/div>\n<div style=\"background-color: #f4f4f4; flex-grow: 0; height: 12px; width: 16px; transform: translateY(-4px);\">&nbsp;<\/div>\n<div style=\"width: 0; height: 0; border-top: 8px solid #F4F4F4; border-left: 8px solid transparent; transform: translateY(-4px) translateX(8px);\">&nbsp;<\/div>\n<\/div>\n<\/div>\n<div style=\"display: flex; flex-direction: column; flex-grow: 1; justify-content: center; margin-bottom: 24px;\">\n<div style=\"background-color: #f4f4f4; border-radius: 4px; flex-grow: 0; height: 14px; margin-bottom: 6px; width: 224px;\">&nbsp;<\/div>\n<div style=\"background-color: #f4f4f4; border-radius: 4px; flex-grow: 0; height: 14px; width: 144px;\">&nbsp;<\/div>\n<\/div>\n<p>&nbsp;<\/p>\n<p style=\"color: #c9c8cd; font-family: Arial,sans-serif; font-size: 14px; line-height: 17px; margin-bottom: 0; margin-top: 8px; overflow: hidden; padding: 8px 0 7px; text-align: center; text-overflow: ellipsis; white-space: nowrap;\"><a style=\"color: #c9c8cd; font-family: Arial,sans-serif; font-size: 14px; font-style: normal; font-weight: normal; line-height: 17px; text-decoration: none;\" href=\"https:\/\/www.instagram.com\/p\/C6KQULLOmD3\/?utm_source=ig_embed&amp;utm_campaign=loading\" target=\"_blank\" rel=\"noopener\">Una publicaci\u00f3n compartida por cooltivarte.com (@_cooltivarte_)<\/a><\/p>\n<\/div>\n<\/blockquote>\n<p><script async=\"\" src=\"\/\/www.instagram.com\/embed.js\"><\/script><br \/>\n&nbsp;<\/p>\n<p>&nbsp;<\/p>\n<p>&nbsp;<\/p>\n","protected":false},"excerpt":{"rendered":"<p>Temporada 25 a\u00f1os Sala Zitarrosa<\/p>\n<p>El 13 de abril, Bolsa de naylon en la rama de un \u00e1rbol tuvo agendado un sue\u00f1o l\u00facido: versionar canciones de Fernando Cabrera, con Fernando Cabrera.<\/p>\n","protected":false},"author":188,"featured_media":100983,"comment_status":"closed","ping_status":"closed","sticky":false,"template":"","format":"standard","meta":{"om_disable_all_campaigns":false,"ngg_post_thumbnail":0,"jnews-multi-image_gallery":[],"jnews_single_post":{"subtitle":"","format":"standard","video":"","gallery":"","source_name":"","source_url":"","via_name":"","via_url":"","override_template":"0","override":[{"template":"4","single_blog_custom":"","parallax":"1","fullscreen":"0","layout":"right-sidebar","sidebar":"default-sidebar","second_sidebar":"default-sidebar","sticky_sidebar":"1","share_position":"bottom","share_float_style":"share-monocrhome","show_share_counter":"1","show_view_counter":"1","show_featured":"1","show_post_meta":"1","show_post_author":"1","show_post_author_image":"1","show_post_date":"1","post_date_format":"default","post_date_format_custom":"Y\/m\/d","show_post_category":"1","show_post_reading_time":"0","post_reading_time_wpm":"300","show_zoom_button":"0","zoom_button_out_step":"2","zoom_button_in_step":"3","show_post_tag":"1","show_prev_next_post":"1","show_popup_post":"1","number_popup_post":"1","show_author_box":"1","show_post_related":"0","show_inline_post_related":"0"}],"override_image_size":"0","image_override":[{"single_post_thumbnail_size":"no-crop","single_post_gallery_size":"crop-500"}],"trending_post":"0","trending_post_position":"meta","trending_post_label":"Trending","sponsored_post":"0","sponsored_post_label":"Sponsored by","sponsored_post_name":"","sponsored_post_url":"","sponsored_post_logo_enable":"0","sponsored_post_logo":"","sponsored_post_desc":"","disable_ad":"0"},"jnews_primary_category":{"id":"","hide":""},"jnews_social_meta":{"fb_title":"","fb_description":"","fb_image":"","twitter_title":"","twitter_description":"","twitter_image":""},"jnews_override_counter":{"override_view_counter":"0","view_counter_number":"0","override_share_counter":"0","share_counter_number":"0","override_like_counter":"0","like_counter_number":"0","override_dislike_counter":"0","dislike_counter_number":"0"},"footnotes":""},"categories":[50],"tags":[22246,89,62],"class_list":["post-100982","post","type-post","status-publish","format-standard","has-post-thumbnail","hentry","category-coberturas","tag-bolsa-de-nylon-en-la-rama-de-un-arbol","tag-fernando-cabrera","tag-sala-zitarrosa"],"yoast_head":"<!-- This site is optimized with the Yoast SEO plugin v27.5 - https:\/\/yoast.com\/product\/yoast-seo-wordpress\/ -->\n<title>Fernando Cabrera y Bolsa de nylon en la rama de un \u00e1rbol en Sala Zitarrosa - Cooltivarte Portal<\/title>\n<meta name=\"description\" content=\"El 13 de abril, Bolsa de naylon en la rama de un \u00e1rbol tuvo agendado un sue\u00f1o l\u00facido: versionar canciones de Fernando Cabrera, con Fernando Cabrera.\" \/>\n<meta name=\"robots\" content=\"index, follow, max-snippet:-1, max-image-preview:large, max-video-preview:-1\" \/>\n<link rel=\"canonical\" href=\"https:\/\/cooltivarte.com\/portal\/fernando-cabrera-y-bolsa-de-nylon-en-la-rama-de-un-arbol-en-sala-zitarrosa\/\" \/>\n<meta property=\"og:locale\" content=\"es_ES\" \/>\n<meta property=\"og:type\" content=\"article\" \/>\n<meta property=\"og:title\" content=\"Fernando Cabrera y Bolsa de nylon en la rama de un \u00e1rbol - Sala Zitarrosa - 13 de abril 2024 - Foto por Rossana Gaudioso\" \/>\n<meta property=\"og:description\" content=\"El 13 de abril, Bolsa de naylon en la rama de un \u00e1rbol tuvo agendado un sue\u00f1o l\u00facido: versionar canciones de Fernando Cabrera, con Fernando Cabrera.\" \/>\n<meta property=\"og:url\" content=\"https:\/\/cooltivarte.com\/portal\/fernando-cabrera-y-bolsa-de-nylon-en-la-rama-de-un-arbol-en-sala-zitarrosa\/\" \/>\n<meta property=\"og:site_name\" content=\"Cooltivarte Portal\" \/>\n<meta property=\"article:publisher\" content=\"https:\/\/www.facebook.com\/cooltivartecom\/\" \/>\n<meta property=\"article:author\" content=\"https:\/\/www.facebook.com\/rossana.gaudioso\" \/>\n<meta property=\"article:published_time\" content=\"2024-04-24T21:55:59+00:00\" \/>\n<meta property=\"article:modified_time\" content=\"2024-04-24T22:02:02+00:00\" \/>\n<meta property=\"og:image\" content=\"https:\/\/cooltivarte.com\/portal\/wp-content\/uploads\/2024\/04\/Fernando-Cabrera-y-Bolsa-de-nylon-en-la-rama-de-un-arbol-Sala-Zitarrosa-13-de-abril-2024-Foto-por-Rossana-Gaudioso.jpg\" \/>\n\t<meta property=\"og:image:width\" content=\"2048\" \/>\n\t<meta property=\"og:image:height\" content=\"1356\" \/>\n\t<meta property=\"og:image:type\" content=\"image\/jpeg\" \/>\n<meta name=\"author\" content=\"Rossana Gaudioso\" \/>\n<meta name=\"twitter:card\" content=\"summary_large_image\" \/>\n<meta name=\"twitter:title\" content=\"Fernando Cabrera y Bolsa de nylon en la rama de un \u00e1rbol - Sala Zitarrosa - 13 de abril 2024 - Foto por Rossana Gaudioso\" \/>\n<meta name=\"twitter:description\" content=\"El 13 de abril, Bolsa de naylon en la rama de un \u00e1rbol tuvo agendado un sue\u00f1o l\u00facido: versionar canciones de Fernando Cabrera, con Fernando Cabrera.\" \/>\n<meta name=\"twitter:image\" content=\"https:\/\/cooltivarte.com\/portal\/wp-content\/uploads\/2024\/04\/Fernando-Cabrera-y-Bolsa-de-nylon-en-la-rama-de-un-arbol-Sala-Zitarrosa-13-de-abril-2024-Foto-por-Rossana-Gaudioso.jpg\" \/>\n<meta name=\"twitter:creator\" content=\"@https:\/\/x.com\/obolocultural\" \/>\n<meta name=\"twitter:site\" content=\"@obolocultural\" \/>\n<meta name=\"twitter:label1\" content=\"Escrito por\" \/>\n\t<meta name=\"twitter:data1\" content=\"Rossana Gaudioso\" \/>\n\t<meta name=\"twitter:label2\" content=\"Tiempo de lectura\" \/>\n\t<meta name=\"twitter:data2\" content=\"2 minutos\" \/>\n<!-- \/ Yoast SEO plugin. -->","yoast_head_json":{"title":"Fernando Cabrera y Bolsa de nylon en la rama de un \u00e1rbol en Sala Zitarrosa - Cooltivarte Portal","description":"El 13 de abril, Bolsa de naylon en la rama de un \u00e1rbol tuvo agendado un sue\u00f1o l\u00facido: versionar canciones de Fernando Cabrera, con Fernando Cabrera.","robots":{"index":"index","follow":"follow","max-snippet":"max-snippet:-1","max-image-preview":"max-image-preview:large","max-video-preview":"max-video-preview:-1"},"canonical":"https:\/\/cooltivarte.com\/portal\/fernando-cabrera-y-bolsa-de-nylon-en-la-rama-de-un-arbol-en-sala-zitarrosa\/","og_locale":"es_ES","og_type":"article","og_title":"Fernando Cabrera y Bolsa de nylon en la rama de un \u00e1rbol - Sala Zitarrosa - 13 de abril 2024 - Foto por Rossana Gaudioso","og_description":"El 13 de abril, Bolsa de naylon en la rama de un \u00e1rbol tuvo agendado un sue\u00f1o l\u00facido: versionar canciones de Fernando Cabrera, con Fernando Cabrera.","og_url":"https:\/\/cooltivarte.com\/portal\/fernando-cabrera-y-bolsa-de-nylon-en-la-rama-de-un-arbol-en-sala-zitarrosa\/","og_site_name":"Cooltivarte Portal","article_publisher":"https:\/\/www.facebook.com\/cooltivartecom\/","article_author":"https:\/\/www.facebook.com\/rossana.gaudioso","article_published_time":"2024-04-24T21:55:59+00:00","article_modified_time":"2024-04-24T22:02:02+00:00","og_image":[{"width":2048,"height":1356,"url":"https:\/\/cooltivarte.com\/portal\/wp-content\/uploads\/2024\/04\/Fernando-Cabrera-y-Bolsa-de-nylon-en-la-rama-de-un-arbol-Sala-Zitarrosa-13-de-abril-2024-Foto-por-Rossana-Gaudioso.jpg","type":"image\/jpeg"}],"author":"Rossana Gaudioso","twitter_card":"summary_large_image","twitter_title":"Fernando Cabrera y Bolsa de nylon en la rama de un \u00e1rbol - Sala Zitarrosa - 13 de abril 2024 - Foto por Rossana Gaudioso","twitter_description":"El 13 de abril, Bolsa de naylon en la rama de un \u00e1rbol tuvo agendado un sue\u00f1o l\u00facido: versionar canciones de Fernando Cabrera, con Fernando Cabrera.","twitter_image":"https:\/\/cooltivarte.com\/portal\/wp-content\/uploads\/2024\/04\/Fernando-Cabrera-y-Bolsa-de-nylon-en-la-rama-de-un-arbol-Sala-Zitarrosa-13-de-abril-2024-Foto-por-Rossana-Gaudioso.jpg","twitter_creator":"@https:\/\/x.com\/obolocultural","twitter_site":"@obolocultural","twitter_misc":{"Escrito por":"Rossana Gaudioso","Tiempo de lectura":"2 minutos"},"schema":{"@context":"https:\/\/schema.org","@graph":[{"@type":"NewsArticle","@id":"https:\/\/cooltivarte.com\/portal\/fernando-cabrera-y-bolsa-de-nylon-en-la-rama-de-un-arbol-en-sala-zitarrosa\/#article","isPartOf":{"@id":"https:\/\/cooltivarte.com\/portal\/fernando-cabrera-y-bolsa-de-nylon-en-la-rama-de-un-arbol-en-sala-zitarrosa\/"},"author":{"name":"Rossana Gaudioso","@id":"https:\/\/cooltivarte.com\/portal\/#\/schema\/person\/1f39e68acf3c75ff28f978d85dab9f52"},"headline":"Fernando Cabrera y Bolsa de nylon en la rama de un \u00e1rbol en Sala Zitarrosa","datePublished":"2024-04-24T21:55:59+00:00","dateModified":"2024-04-24T22:02:02+00:00","mainEntityOfPage":{"@id":"https:\/\/cooltivarte.com\/portal\/fernando-cabrera-y-bolsa-de-nylon-en-la-rama-de-un-arbol-en-sala-zitarrosa\/"},"wordCount":208,"publisher":{"@id":"https:\/\/cooltivarte.com\/portal\/#organization"},"image":{"@id":"https:\/\/cooltivarte.com\/portal\/fernando-cabrera-y-bolsa-de-nylon-en-la-rama-de-un-arbol-en-sala-zitarrosa\/#primaryimage"},"thumbnailUrl":"https:\/\/cooltivarte.com\/portal\/wp-content\/uploads\/2024\/04\/Fernando-Cabrera-y-Bolsa-de-nylon-en-la-rama-de-un-arbol-Sala-Zitarrosa-13-de-abril-2024-Foto-por-Rossana-Gaudioso.jpg","keywords":["Bolsa de nylon en la rama de un \u00e1rbol","Fernando Cabrera","Sala Zitarrosa"],"articleSection":["Coberturas"],"inLanguage":"es-AR"},{"@type":"WebPage","@id":"https:\/\/cooltivarte.com\/portal\/fernando-cabrera-y-bolsa-de-nylon-en-la-rama-de-un-arbol-en-sala-zitarrosa\/","url":"https:\/\/cooltivarte.com\/portal\/fernando-cabrera-y-bolsa-de-nylon-en-la-rama-de-un-arbol-en-sala-zitarrosa\/","name":"Fernando Cabrera y Bolsa de nylon en la rama de un \u00e1rbol en Sala Zitarrosa - Cooltivarte Portal","isPartOf":{"@id":"https:\/\/cooltivarte.com\/portal\/#website"},"primaryImageOfPage":{"@id":"https:\/\/cooltivarte.com\/portal\/fernando-cabrera-y-bolsa-de-nylon-en-la-rama-de-un-arbol-en-sala-zitarrosa\/#primaryimage"},"image":{"@id":"https:\/\/cooltivarte.com\/portal\/fernando-cabrera-y-bolsa-de-nylon-en-la-rama-de-un-arbol-en-sala-zitarrosa\/#primaryimage"},"thumbnailUrl":"https:\/\/cooltivarte.com\/portal\/wp-content\/uploads\/2024\/04\/Fernando-Cabrera-y-Bolsa-de-nylon-en-la-rama-de-un-arbol-Sala-Zitarrosa-13-de-abril-2024-Foto-por-Rossana-Gaudioso.jpg","datePublished":"2024-04-24T21:55:59+00:00","dateModified":"2024-04-24T22:02:02+00:00","description":"El 13 de abril, Bolsa de naylon en la rama de un \u00e1rbol tuvo agendado un sue\u00f1o l\u00facido: versionar canciones de Fernando Cabrera, con Fernando Cabrera.","breadcrumb":{"@id":"https:\/\/cooltivarte.com\/portal\/fernando-cabrera-y-bolsa-de-nylon-en-la-rama-de-un-arbol-en-sala-zitarrosa\/#breadcrumb"},"inLanguage":"es-AR","potentialAction":[{"@type":"ReadAction","target":["https:\/\/cooltivarte.com\/portal\/fernando-cabrera-y-bolsa-de-nylon-en-la-rama-de-un-arbol-en-sala-zitarrosa\/"]}]},{"@type":"ImageObject","inLanguage":"es-AR","@id":"https:\/\/cooltivarte.com\/portal\/fernando-cabrera-y-bolsa-de-nylon-en-la-rama-de-un-arbol-en-sala-zitarrosa\/#primaryimage","url":"https:\/\/cooltivarte.com\/portal\/wp-content\/uploads\/2024\/04\/Fernando-Cabrera-y-Bolsa-de-nylon-en-la-rama-de-un-arbol-Sala-Zitarrosa-13-de-abril-2024-Foto-por-Rossana-Gaudioso.jpg","contentUrl":"https:\/\/cooltivarte.com\/portal\/wp-content\/uploads\/2024\/04\/Fernando-Cabrera-y-Bolsa-de-nylon-en-la-rama-de-un-arbol-Sala-Zitarrosa-13-de-abril-2024-Foto-por-Rossana-Gaudioso.jpg","width":2048,"height":1356,"caption":"Fernando Cabrera y Bolsa de nylon en la rama de un \u00e1rbol - Sala Zitarrosa - 13 de abril 2024 - Foto por Rossana Gaudioso"},{"@type":"BreadcrumbList","@id":"https:\/\/cooltivarte.com\/portal\/fernando-cabrera-y-bolsa-de-nylon-en-la-rama-de-un-arbol-en-sala-zitarrosa\/#breadcrumb","itemListElement":[{"@type":"ListItem","position":1,"name":"Portada","item":"https:\/\/cooltivarte.com\/portal\/"},{"@type":"ListItem","position":2,"name":"Fernando Cabrera y Bolsa de nylon en la rama de un \u00e1rbol en Sala Zitarrosa"}]},{"@type":"WebSite","@id":"https:\/\/cooltivarte.com\/portal\/#website","url":"https:\/\/cooltivarte.com\/portal\/","name":"Cooltivarte Portal","description":"Arte, cultura y turismo para el mundo ...","publisher":{"@id":"https:\/\/cooltivarte.com\/portal\/#organization"},"potentialAction":[{"@type":"SearchAction","target":{"@type":"EntryPoint","urlTemplate":"https:\/\/cooltivarte.com\/portal\/?s={search_term_string}"},"query-input":{"@type":"PropertyValueSpecification","valueRequired":true,"valueName":"search_term_string"}}],"inLanguage":"es-AR"},{"@type":"Organization","@id":"https:\/\/cooltivarte.com\/portal\/#organization","name":"cooltivarte","url":"https:\/\/cooltivarte.com\/portal\/","logo":{"@type":"ImageObject","inLanguage":"es-AR","@id":"https:\/\/cooltivarte.com\/portal\/#\/schema\/logo\/image\/","url":"https:\/\/cooltivarte.com\/portal\/wp-content\/uploads\/2020\/04\/logo-cooltivarte-v2.png","contentUrl":"https:\/\/cooltivarte.com\/portal\/wp-content\/uploads\/2020\/04\/logo-cooltivarte-v2.png","width":851,"height":243,"caption":"cooltivarte"},"image":{"@id":"https:\/\/cooltivarte.com\/portal\/#\/schema\/logo\/image\/"},"sameAs":["https:\/\/www.facebook.com\/cooltivartecom\/","https:\/\/x.com\/obolocultural","https:\/\/www.instagram.com\/_cooltivarte_\/","https:\/\/www.linkedin.com\/company\/-bolocultural?reportsuccess=8zaNG1HwhPbAR9iQhZ5rfGeqz_vQFftHun0ZWU0Wy9vNemRJ8vtcKdJvzQfW8XagyOJSKg0XvfJ1dp","https:\/\/www.pinterest.com\/cooltivarte\/","https:\/\/cooltivarte.tumblr.com\/","https:\/\/www.tiktok.com\/@cooltivarte","https:\/\/www.youtube.com\/@PrensaCooltivarte"]},{"@type":"Person","@id":"https:\/\/cooltivarte.com\/portal\/#\/schema\/person\/1f39e68acf3c75ff28f978d85dab9f52","name":"Rossana Gaudioso","image":{"@type":"ImageObject","inLanguage":"es-AR","@id":"https:\/\/cooltivarte.com\/portal\/wp-content\/uploads\/2022\/03\/Foto-perfil-R-Gaudioso-120x120.jpg","url":"https:\/\/cooltivarte.com\/portal\/wp-content\/uploads\/2022\/03\/Foto-perfil-R-Gaudioso-120x120.jpg","contentUrl":"https:\/\/cooltivarte.com\/portal\/wp-content\/uploads\/2022\/03\/Foto-perfil-R-Gaudioso-120x120.jpg","caption":"Rossana Gaudioso"},"description":"Rossana Gaudioso (Montevideo, Uruguay) Soy economista, egresada de la Universidad de la Rep\u00fablica de Uruguay y Master en \u201cEconom\u00eda y Pol\u00edtica Energ\u00e9tica y Ambiental\u201d (Argentina) y me especializo en temas ambientales y de econom\u00eda del cambio clim\u00e1tico. Comenc\u00e9 mis estudios de fotograf\u00eda en los talleres de Fede Ruiz Santesteban y m\u00e1s adelante en la Escuela de Cine del Uruguay donde me form\u00e9 en el \u00e1rea documental. He realizado diversos talleres en Fotoclub Uruguayo y m\u00e1s recientemente en los talleres que dicta Subcooperativa de Fot\u00f3grafos de Buenos Aires.","sameAs":["https:\/\/www.facebook.com\/rossana.gaudioso","https:\/\/www.instagram.com\/rossana.gaudioso\/","https:\/\/www.linkedin.com\/in\/rossana-gaudioso-6220b937\/","https:\/\/www.pinterest.com\/cooltivarte","https:\/\/x.com\/https:\/\/x.com\/obolocultural","https:\/\/www.youtube.com\/@PrensaCooltivarte","https:\/\/www.tumblr.com\/blog\/cooltivarte"],"url":"https:\/\/cooltivarte.com\/portal\/author\/rossana-gaudioso\/"}]}},"_links":{"self":[{"href":"https:\/\/cooltivarte.com\/portal\/wp-json\/wp\/v2\/posts\/100982","targetHints":{"allow":["GET"]}}],"collection":[{"href":"https:\/\/cooltivarte.com\/portal\/wp-json\/wp\/v2\/posts"}],"about":[{"href":"https:\/\/cooltivarte.com\/portal\/wp-json\/wp\/v2\/types\/post"}],"author":[{"embeddable":true,"href":"https:\/\/cooltivarte.com\/portal\/wp-json\/wp\/v2\/users\/188"}],"replies":[{"embeddable":true,"href":"https:\/\/cooltivarte.com\/portal\/wp-json\/wp\/v2\/comments?post=100982"}],"version-history":[{"count":2,"href":"https:\/\/cooltivarte.com\/portal\/wp-json\/wp\/v2\/posts\/100982\/revisions"}],"predecessor-version":[{"id":100985,"href":"https:\/\/cooltivarte.com\/portal\/wp-json\/wp\/v2\/posts\/100982\/revisions\/100985"}],"wp:featuredmedia":[{"embeddable":true,"href":"https:\/\/cooltivarte.com\/portal\/wp-json\/wp\/v2\/media\/100983"}],"wp:attachment":[{"href":"https:\/\/cooltivarte.com\/portal\/wp-json\/wp\/v2\/media?parent=100982"}],"wp:term":[{"taxonomy":"category","embeddable":true,"href":"https:\/\/cooltivarte.com\/portal\/wp-json\/wp\/v2\/categories?post=100982"},{"taxonomy":"post_tag","embeddable":true,"href":"https:\/\/cooltivarte.com\/portal\/wp-json\/wp\/v2\/tags?post=100982"}],"curies":[{"name":"wp","href":"https:\/\/api.w.org\/{rel}","templated":true}]}}