{"id":52,"count":765,"description":"<p data-path-to-node=\"6\"><b data-path-to-node=\"6\" data-index-in-node=\"0\">Artista: El Eje Humano de las Industrias Culturales<\/b><\/p>\r\n<p data-path-to-node=\"7\">En la secci\u00f3n <b data-path-to-node=\"7\" data-index-in-node=\"14\">Artista<\/b> de Cooltivarte, ponemos el foco en el protagonista fundamental de la creaci\u00f3n: el ser humano. Entendemos que el desarrollo de las <b data-path-to-node=\"7\" data-index-in-node=\"152\">industrias culturales<\/b> no ser\u00eda posible sin la visi\u00f3n, el riesgo y la sensibilidad de quienes habitan el <b data-path-to-node=\"7\" data-index-in-node=\"256\">ecosistema creativo<\/b>. Aqu\u00ed, el artista no es solo un productor de contenidos, sino un agente de cambio y un constructor de identidad regional.<\/p>\r\n<p data-path-to-node=\"8\">Bajo una mirada que valora tanto la trayectoria consolidada como la pulsi\u00f3n de lo emergente, este espacio se dedica a profundizar en el \"qui\u00e9n\" detr\u00e1s de cada obra. En esta categor\u00eda exploramos:<\/p>\r\n\r\n<ul data-path-to-node=\"9\">\r\n \t<li>\r\n<p data-path-to-node=\"9,0,0\"><b data-path-to-node=\"9,0,0\" data-index-in-node=\"0\">Perfiles y Biograf\u00edas:<\/b> Un registro detallado de los creadores que han moldeado y siguen expandiendo nuestro capital simb\u00f3lico.<\/p>\r\n<\/li>\r\n \t<li>\r\n<p data-path-to-node=\"9,1,0\"><b data-path-to-node=\"9,1,0\" data-index-in-node=\"0\">Procesos Creativos:<\/b> Di\u00e1logos que revelan la cocina de la creaci\u00f3n, analizando c\u00f3mo nace la idea y se transforma en un activo cultural.<\/p>\r\n<\/li>\r\n \t<li>\r\n<p data-path-to-node=\"9,2,0\"><b data-path-to-node=\"9,2,0\" data-index-in-node=\"0\">Entrevistas Exclusivas:<\/b> Conversaciones que trascienden la promoci\u00f3n para indagar en la visi\u00f3n sociopol\u00edtica y est\u00e9tica del artista en la contemporaneidad.<\/p>\r\n<\/li>\r\n \t<li>\r\n<p data-path-to-node=\"9,3,0\"><b data-path-to-node=\"9,3,0\" data-index-in-node=\"0\">Gesti\u00f3n de Carrera y Sostenibilidad:<\/b> Reflexiones sobre el rol del artista en la econom\u00eda creativa y los desaf\u00edos de la profesionalizaci\u00f3n en el entorno digital.\r\n\r\n<\/p>\r\n<\/li>\r\n<\/ul>","link":"https:\/\/cooltivarte.com\/portal\/category\/artista\/","name":"Arte","slug":"artista","taxonomy":"category","parent":0,"meta":[],"yoast_head":"<!-- This site is optimized with the Yoast SEO plugin v27.5 - https:\/\/yoast.com\/product\/yoast-seo-wordpress\/ -->\n<title>Arte archivos - Cooltivarte Portal %<\/title>\n<meta name=\"description\" content=\"El rostro detr\u00e1s de la creaci\u00f3n. Exploramos la vida y visi\u00f3n de los artistas que dinamizan nuestro ecosistema cultural y las industrias creativas.\" \/>\n<meta name=\"robots\" content=\"index, follow, max-snippet:-1, max-image-preview:large, max-video-preview:-1\" \/>\n<link rel=\"canonical\" href=\"https:\/\/cooltivarte.com\/portal\/category\/artista\/\" \/>\n<meta property=\"og:locale\" content=\"es_ES\" \/>\n<meta property=\"og:type\" content=\"article\" \/>\n<meta property=\"og:title\" content=\"Arte archivos - Cooltivarte Portal %\" \/>\n<meta property=\"og:description\" content=\"El rostro detr\u00e1s de la creaci\u00f3n. Exploramos la vida y visi\u00f3n de los artistas que dinamizan nuestro ecosistema cultural y las industrias creativas.\" \/>\n<meta property=\"og:url\" content=\"https:\/\/cooltivarte.com\/portal\/category\/artista\/\" \/>\n<meta property=\"og:site_name\" content=\"Cooltivarte Portal\" \/>\n<meta property=\"og:image\" content=\"https:\/\/cooltivarte.com\/portal\/wp-content\/uploads\/2020\/04\/default-image.jpg\" \/>\n\t<meta property=\"og:image:width\" content=\"1920\" \/>\n\t<meta property=\"og:image:height\" content=\"1080\" \/>\n\t<meta property=\"og:image:type\" content=\"image\/jpeg\" \/>\n<meta name=\"twitter:card\" content=\"summary_large_image\" \/>\n<meta name=\"twitter:title\" content=\"Arte y sus artistas\" \/>\n<meta name=\"twitter:description\" content=\"Profundizamos en la escena cultural y art\u00edstica, consultando a los creadores, investigando y conociendo en qu\u00e9 andan para contemplar sus opiniones y la actualidad del arte contempor\u00e1neo\" \/>\n<meta name=\"twitter:image\" content=\"https:\/\/cooltivarte.com\/portal\/wp-content\/uploads\/2020\/09\/Cuerpo-ArteAcci\u00f3n-SERIE-Estudiantes-de-Grupo-Acci\u00f3n-Diciembre-2017-Ciclo-de-Performance-Coordina-Valeria-P\u00edriz-Taller-Seveso-IENBA-UDELAR-Foto-Federico-Meneses-www-cooltivarte-com.jpg\" \/>\n<meta name=\"twitter:site\" content=\"@obolocultural\" \/>\n<!-- \/ Yoast SEO plugin. -->","yoast_head_json":{"title":"Arte archivos - Cooltivarte Portal %","description":"El rostro detr\u00e1s de la creaci\u00f3n. Exploramos la vida y visi\u00f3n de los artistas que dinamizan nuestro ecosistema cultural y las industrias creativas.","robots":{"index":"index","follow":"follow","max-snippet":"max-snippet:-1","max-image-preview":"max-image-preview:large","max-video-preview":"max-video-preview:-1"},"canonical":"https:\/\/cooltivarte.com\/portal\/category\/artista\/","og_locale":"es_ES","og_type":"article","og_title":"Arte archivos - Cooltivarte Portal %","og_description":"El rostro detr\u00e1s de la creaci\u00f3n. Exploramos la vida y visi\u00f3n de los artistas que dinamizan nuestro ecosistema cultural y las industrias creativas.","og_url":"https:\/\/cooltivarte.com\/portal\/category\/artista\/","og_site_name":"Cooltivarte Portal","og_image":[{"width":1920,"height":1080,"url":"https:\/\/cooltivarte.com\/portal\/wp-content\/uploads\/2020\/04\/default-image.jpg","type":"image\/jpeg"}],"twitter_card":"summary_large_image","twitter_title":"Arte y sus artistas","twitter_description":"Profundizamos en la escena cultural y art\u00edstica, consultando a los creadores, investigando y conociendo en qu\u00e9 andan para contemplar sus opiniones y la actualidad del arte contempor\u00e1neo","twitter_image":"https:\/\/cooltivarte.com\/portal\/wp-content\/uploads\/2020\/09\/Cuerpo-ArteAcci\u00f3n-SERIE-Estudiantes-de-Grupo-Acci\u00f3n-Diciembre-2017-Ciclo-de-Performance-Coordina-Valeria-P\u00edriz-Taller-Seveso-IENBA-UDELAR-Foto-Federico-Meneses-www-cooltivarte-com.jpg","twitter_site":"@obolocultural","schema":{"@context":"https:\/\/schema.org","@graph":[{"@type":"CollectionPage","@id":"https:\/\/cooltivarte.com\/portal\/category\/artista\/","url":"https:\/\/cooltivarte.com\/portal\/category\/artista\/","name":"Arte archivos - Cooltivarte Portal %","isPartOf":{"@id":"https:\/\/cooltivarte.com\/portal\/#website"},"description":"El rostro detr\u00e1s de la creaci\u00f3n. Exploramos la vida y visi\u00f3n de los artistas que dinamizan nuestro ecosistema cultural y las industrias creativas.","breadcrumb":{"@id":"https:\/\/cooltivarte.com\/portal\/category\/artista\/#breadcrumb"},"inLanguage":"es-AR"},{"@type":"BreadcrumbList","@id":"https:\/\/cooltivarte.com\/portal\/category\/artista\/#breadcrumb","itemListElement":[{"@type":"ListItem","position":1,"name":"Portada","item":"https:\/\/cooltivarte.com\/portal\/"},{"@type":"ListItem","position":2,"name":"Arte"}]},{"@type":"WebSite","@id":"https:\/\/cooltivarte.com\/portal\/#website","url":"https:\/\/cooltivarte.com\/portal\/","name":"Cooltivarte Portal","description":"Arte, cultura y turismo para el mundo ...","publisher":{"@id":"https:\/\/cooltivarte.com\/portal\/#organization"},"potentialAction":[{"@type":"SearchAction","target":{"@type":"EntryPoint","urlTemplate":"https:\/\/cooltivarte.com\/portal\/?s={search_term_string}"},"query-input":{"@type":"PropertyValueSpecification","valueRequired":true,"valueName":"search_term_string"}}],"inLanguage":"es-AR"},{"@type":"Organization","@id":"https:\/\/cooltivarte.com\/portal\/#organization","name":"cooltivarte","url":"https:\/\/cooltivarte.com\/portal\/","logo":{"@type":"ImageObject","inLanguage":"es-AR","@id":"https:\/\/cooltivarte.com\/portal\/#\/schema\/logo\/image\/","url":"https:\/\/cooltivarte.com\/portal\/wp-content\/uploads\/2020\/04\/logo-cooltivarte-v2.png","contentUrl":"https:\/\/cooltivarte.com\/portal\/wp-content\/uploads\/2020\/04\/logo-cooltivarte-v2.png","width":851,"height":243,"caption":"cooltivarte"},"image":{"@id":"https:\/\/cooltivarte.com\/portal\/#\/schema\/logo\/image\/"},"sameAs":["https:\/\/www.facebook.com\/cooltivartecom\/","https:\/\/x.com\/obolocultural","https:\/\/www.instagram.com\/_cooltivarte_\/","https:\/\/www.linkedin.com\/company\/-bolocultural?reportsuccess=8zaNG1HwhPbAR9iQhZ5rfGeqz_vQFftHun0ZWU0Wy9vNemRJ8vtcKdJvzQfW8XagyOJSKg0XvfJ1dp","https:\/\/www.pinterest.com\/cooltivarte\/","https:\/\/cooltivarte.tumblr.com\/","https:\/\/www.tiktok.com\/@cooltivarte","https:\/\/www.youtube.com\/@PrensaCooltivarte"]}]}},"_links":{"self":[{"href":"https:\/\/cooltivarte.com\/portal\/wp-json\/wp\/v2\/categories\/52","targetHints":{"allow":["GET"]}}],"collection":[{"href":"https:\/\/cooltivarte.com\/portal\/wp-json\/wp\/v2\/categories"}],"about":[{"href":"https:\/\/cooltivarte.com\/portal\/wp-json\/wp\/v2\/taxonomies\/category"}],"wp:post_type":[{"href":"https:\/\/cooltivarte.com\/portal\/wp-json\/wp\/v2\/posts?categories=52"}],"curies":[{"name":"wp","href":"https:\/\/api.w.org\/{rel}","templated":true}]}}